{"id":20342,"date":"2023-09-04T12:56:22","date_gmt":"2023-09-04T10:56:22","guid":{"rendered":"https:\/\/tourgreciaclassica.it\/?p=20342"},"modified":"2023-09-04T12:56:22","modified_gmt":"2023-09-04T10:56:22","slug":"da-atene-alla-grecia-classica-e-meteore-un-viaggio-da-personalizzare","status":"publish","type":"post","link":"https:\/\/www.tourgreciaclassica.it\/2025\/da-atene-alla-grecia-classica-e-meteore-un-viaggio-da-personalizzare\/","title":{"rendered":"Da Atene alla Grecia Classica e Meteore, un viaggio da personalizzare"},"content":{"rendered":"<h1><strong>I mini tour e le escursioni che partono da Atene verso la Grecia Classica<\/strong> sono strumenti nelle tue mani per rendere esclusivo il tuo viaggio<\/h1>\n<p><strong>Vola su Atene<\/strong>, \u00e8 l\u2019occasione giusta per sperimentare quel che ormai \u00e8 una caratteristica della citt\u00e0 pi\u00f9 mitologica della Terra, e cio\u00e8 la sua doppia anima: met\u00e0 antica, aggrappata a una storia che l\u2019ha resa celebre, e met\u00e0 moderna, proiettata avanti grazie alle menti innovative che ne hanno rilanciato i quartieri.<\/p>\n<p>&nbsp;<\/p>\n<h2>Un City Break di Atene<\/h2>\n<p>Partiamo da un<strong> City Break di Atene<\/strong>, un <strong>week end di 3 giorni<\/strong>, per sentire vivo il <em>flou<\/em> delle sue due anime.<br \/>\n\u00c8 la citt\u00e0 dei musei, sia archeologici che contemporanei; \u00e8 la citt\u00e0 dell\u2019innovazione, un simbolo tra tutti -di questa longevit\u00e0 di Atene- la <em>Fondazione Stavros Niarchos<\/em>, una visione tra terra e mare dell\u2019Archistar <strong><em>Renzo Piano<\/em><\/strong>.<br \/>\nMa \u00e8 anche la citt\u00e0 della<strong><em> Street Art<\/em><\/strong> e del <strong><em>Finger Food<\/em><\/strong>: perdersi nei quartieri di <em>Exarchia<\/em> e <em>Psyrri<\/em> ti regala un sentimento locale di vita vissuta, di rivoluzione scritta sui muri, di fulcro sociale.<br \/>\nMa il nuovo cuore di Atene -la vera punta di diamante- batte nel quartiere di <strong><em>Gazi<\/em><\/strong>, l\u2019ex centrale del Gas, una tra le varie zone ad essere stata rilanciata da un intervento di rigenerazione urbana. Qui \u00e8 <em>Technopolis<\/em>, la citt\u00e0 della Scienza, a dettare il passo.<br \/>\nTutti i <strong>Quartieri di Atene<\/strong> possono raccontare la loro storia di recupero, di rivalorizzazione urbanistica, di cantiere a cielo aperto e, non ultimo, di laboratorio working progress.<\/p>\n<p>&nbsp;<\/p>\n<h2><img loading=\"lazy\" decoding=\"async\" class=\"aligncenter wp-image-19876 size-full\" src=\"http:\/\/www.tourgreciaclassica.it\/2025\/wp-content\/uploads\/2023\/07\/stavros-niarchos-fondazione-atene-vista-dall-alto.webp\" alt=\"vista-dall-alto-dello-spazio-fondazione-stavros-niarchos-con-aiuole-e-giardini-di-spezie\" width=\"870\" height=\"555\" srcset=\"https:\/\/www.tourgreciaclassica.it\/2025\/wp-content\/uploads\/2023\/07\/stavros-niarchos-fondazione-atene-vista-dall-alto.webp 870w, https:\/\/www.tourgreciaclassica.it\/2025\/wp-content\/uploads\/2023\/07\/stavros-niarchos-fondazione-atene-vista-dall-alto-300x191.webp 300w, https:\/\/www.tourgreciaclassica.it\/2025\/wp-content\/uploads\/2023\/07\/stavros-niarchos-fondazione-atene-vista-dall-alto-768x490.webp 768w\" sizes=\"auto, (max-width: 870px) 100vw, 870px\" \/><\/h2>\n<p><em>Fondazione Stavros Niarchos dall&#8217;alto &#8211; Foto: https:\/\/www.fondazionerenzopiano.org\/<\/em><\/p>\n<p>&nbsp;<\/p>\n<h2 style=\"text-align: center;\">Il tuo week end ad Atene<\/h2>\n<p>&nbsp;<\/p>\n<h3>Syntagma, Piazza della Costituzione<\/h3>\n<p>Siamo in centro citt\u00e0, dove inizia il nostro <em>City Break di Atene<\/em>.<br \/>\nLa <strong>Piazza Syntagma<\/strong> accentrava il potere politico e prese il nome proprio da un episodio storico: la concessione della <em>Costituzione nel 1843<\/em> per volere di <em>Ottone I di Wittlesbach<\/em>, primo re di Grecia.<br \/>\nSulla piazza si affacciano l\u2019antico <em>Palazzo Reale<\/em>, sede del Parlamento ellenico, e il <strong><em>Monumento al Milite Ignoto<\/em><\/strong>.<\/p>\n<p>&nbsp;<\/p>\n<h4>Palazzo Vecchio simbolo della Monarchia<\/h4>\n<p>Il <em><strong>Palazzo Reale<\/strong><\/em> \u00e8 anche chiamato <em>\u201cPalazzo Vecchio\u201d<\/em> perch\u00e9 originariamente nacque quale residenza dei monarchi. E, infatti alcuni membri della famiglia reale vi soggiornarono fino anche al 1922.<br \/>\nNel 1924 la monarchia venne abolita e l\u2019edificio assunse varie funzioni: ospit\u00f2 i rifugiati greci dell\u2019Asia Minore, divenne ospedale di fortuna durante la Seconda Guerra Mondiale e anche museo per preservare i cimeli di Re Giorgio I, ora conservati presso il Museo Nazionale di Storia.<br \/>\nLa prima riunione del Senato, nel Palazzo Reale, avvenne il 2 agosto 1934.<\/p>\n<p>&nbsp;<\/p>\n<h4>Davanti al Milite Ignoto marciano gli Euzones<\/h4>\n<p>Cio\u2019 che attirer\u00e0 la tua attenzione in <em>Piazza Syntagma<\/em> sar\u00e0 sicuramente il <strong><em>Cambio della Guardia<\/em> <\/strong>davanti al <em><strong>Monumento al Milite Ignoto<\/strong><\/em>.<br \/>\nUn momento di folklore ma anche un rito patriottico molto sentito. Gli <strong><em>Euzones<\/em><\/strong>, questi militari in gonnellino, indossano una divisa che ha un grande valore culturale. Le balze della tipica <em>fustanella<\/em> sono piegate tante volte quanti sono stati gli anni di oppressione ottomana e ai piedi indossano delle <em>babbucce<\/em> molto pesanti e resistenti, in grado di assolvere al ruolo dei fanti da montagna.<br \/>\nLa loro marcia somiglia a una danza e, intorno, si formano grandi folle per assistervi.<\/p>\n<p>&nbsp;<\/p>\n<h3><img loading=\"lazy\" decoding=\"async\" class=\"aligncenter wp-image-15079 size-full\" src=\"http:\/\/www.tourgreciaclassica.it\/2025\/wp-content\/uploads\/2022\/02\/Quartiere-di-Kolonaki-EuzonesFoto-di-Christo-Anestev-da-Pixabay-1024x1024-1.webp\" alt=\"due-uomini-in-divisa-tradizionale-marciano-uno-di-fronte-all-altro-incrociando-le-gambe-e-alzando-una-mano-in-aria-indossano-delle-scarpe-particolari-un-basco-rosso-e-una-gonnella-nera-calza-bianche\" width=\"870\" height=\"555\" srcset=\"https:\/\/www.tourgreciaclassica.it\/2025\/wp-content\/uploads\/2022\/02\/Quartiere-di-Kolonaki-EuzonesFoto-di-Christo-Anestev-da-Pixabay-1024x1024-1.webp 870w, https:\/\/www.tourgreciaclassica.it\/2025\/wp-content\/uploads\/2022\/02\/Quartiere-di-Kolonaki-EuzonesFoto-di-Christo-Anestev-da-Pixabay-1024x1024-1-300x191.webp 300w, https:\/\/www.tourgreciaclassica.it\/2025\/wp-content\/uploads\/2022\/02\/Quartiere-di-Kolonaki-EuzonesFoto-di-Christo-Anestev-da-Pixabay-1024x1024-1-768x490.webp 768w\" sizes=\"auto, (max-width: 870px) 100vw, 870px\" \/><\/h3>\n<p><em>Euzones durante il Cambio della Guardia<\/em><\/p>\n<p>&nbsp;<\/p>\n<h3>La Biblioteca Nazionale<\/h3>\n<p>A 10 minuti da <em>Syntagma<\/em> si trova la <strong><em>Biblioteca Nazionale della Grecia<\/em><\/strong>, ospitata in un edificio neoclassico ispirato a un tempio dorico. \u00c8 rivestito completamente di marmo pentelico e raccoglie 2 milioni di libri, poi giornali, microfilm, manoscritti antichissimi e documenti storici.<br \/>\nLa letteratura greca \u00e8 sicuramente passata di qui e si \u00e8 fermata, per poi diventare un pozzo di saggezza da cui poter attingere.<\/p>\n<p>&nbsp;<\/p>\n<h3>Il Tempio di Giove e l\u2019Arco di Adriano<\/h3>\n<p>Sulla strada per l\u2019<em>Acropoli<\/em> si incontrano due monumenti che simboleggiano l\u2019antichit\u00e0 e la mitologia.<\/p>\n<p>&nbsp;<\/p>\n<h4>Le 16 colonne del Tempio di Giove<\/h4>\n<p>Il <em><strong>Tempio di Giove<\/strong><\/em> -orfano di ben 88 colonne- resta in piedi grazie alle 15 rimaste, pi\u00f9 la sedicesima sdraiata a terra da un fulmine che la lacer\u00f2 nel 1852.<br \/>\nUn tempo lunghissimo di costruzione, 386 anni, e un attimo solo per sgretolarsi sotto le sollecitazioni di un devastante terremoto durante il medioevo.<\/p>\n<p>&nbsp;<\/p>\n<h4><img loading=\"lazy\" decoding=\"async\" class=\"aligncenter wp-image-20367 size-full\" src=\"http:\/\/www.tourgreciaclassica.it\/2025\/wp-content\/uploads\/2023\/09\/tempio-di-giove-atene-16-colonne-rimaste.webp\" alt=\"colonna-spezzettata-in-primo-piano-le-altre-dietro-formano-un-tempietto-rimasto-del-tempio-di-giove-ad-atene\" width=\"870\" height=\"555\" srcset=\"https:\/\/www.tourgreciaclassica.it\/2025\/wp-content\/uploads\/2023\/09\/tempio-di-giove-atene-16-colonne-rimaste.webp 870w, https:\/\/www.tourgreciaclassica.it\/2025\/wp-content\/uploads\/2023\/09\/tempio-di-giove-atene-16-colonne-rimaste-300x191.webp 300w, https:\/\/www.tourgreciaclassica.it\/2025\/wp-content\/uploads\/2023\/09\/tempio-di-giove-atene-16-colonne-rimaste-768x490.webp 768w\" sizes=\"auto, (max-width: 870px) 100vw, 870px\" \/><\/h4>\n<p>Tempio di Giove e la sedicesima colonna<\/p>\n<p>&nbsp;<\/p>\n<h4>L&#8217;Arco di Adriano e la frase-monito<\/h4>\n<p>L\u2019<em><strong>Arco di Adriano<\/strong><\/em> venne realizzato alla fine di quei 386 anni di lavori per ringraziare l\u2019Imperatore romano Adriano di aver finalmente completato l\u2019opera.<br \/>\nUna frase curiosa, su un lato dell\u2019arco, definisce chiaramente anche la sua successiva funzione quale elemento di confine tra la Citta di Teseo e la Citt\u00e0 di Adriano.<br \/>\nLa frase recita cos\u00ec:<\/p>\n<blockquote><p>Questa \u00e8 la citta di Adriano, non di Teseo\u201d.<\/p><\/blockquote>\n<p>Oggi ci fa sorridere ma al tempo era decisamente un monito.<\/p>\n<p>&nbsp;<\/p>\n<h3>Lo Stadio Panathinaiko<\/h3>\n<p>In questa zona (ci troviamo ancora nel quartiere di Pangrati) venne eretto il <em>Kallimarmoron<\/em>, ovvero <em>\u201clo Stadio dei bei marmi e di tutti gli Ateniesi\u201d<\/em>, ovvero lo <strong><em>Stadio Panathinaiko<\/em><\/strong>.<br \/>\nNel 1896 ospit\u00f2 i primi <strong><em>Giochi Olimpici dell\u2019Era Moderna<\/em><\/strong>, voluti da <em>Pierre de Coubertin<\/em> e finanziati dall\u2019imprenditore e filantropo <em>Evangelis Zappas<\/em>.<br \/>\nIl pi\u00f9 grande stadio al mondo con una chicca nei sotterranei: il <strong><em>Museo Olimpico di Atene<\/em><\/strong>.<br \/>\nTra i 28 musei virtuali della rete dei <em>Musei Olimpici<\/em>, \u00e8 una realt\u00e0 che riallaccia un filo antico.<br \/>\nI valori che interpreta sono gli stessi di quando a Olympia si disputavano i famosi Giochi, quindi cooperazione, uguaglianza, equit\u00e0, pace, armonia, rispetto e correttezza, a cui si sommano i criteri sportivi: spirito di competizione e resistenza alla fatica.<br \/>\n\u00c8 un museo virtuale ma non soltanto questo: \u00e8 anche un\u2019esperienza visiva in 3D di Olympia\u00a0 e un momento per riflettere sui quei valori che erano in grado, mentre si disputavano i Giochi, anche di sospendere le guerre in corso.<br \/>\nMolto esperenziale, questo museo, si avvale di touch screen, percorsi interattivi, audiovisivo, animazioni 3D, display grafici oltre che -ovviamente- dei <strong>cimeli devoluti dai grandi atleti<\/strong> di tutti i tempi.<\/p>\n<p>&nbsp;<\/p>\n<h3><img loading=\"lazy\" decoding=\"async\" class=\"aligncenter wp-image-19196 size-full\" src=\"http:\/\/www.tourgreciaclassica.it\/2025\/wp-content\/uploads\/2023\/06\/stadio-panathinaiko-di-atene.webp\" alt=\"stadio-panathinaiko-di-atene-all-interno\" width=\"870\" height=\"555\" srcset=\"https:\/\/www.tourgreciaclassica.it\/2025\/wp-content\/uploads\/2023\/06\/stadio-panathinaiko-di-atene.webp 870w, https:\/\/www.tourgreciaclassica.it\/2025\/wp-content\/uploads\/2023\/06\/stadio-panathinaiko-di-atene-300x191.webp 300w, https:\/\/www.tourgreciaclassica.it\/2025\/wp-content\/uploads\/2023\/06\/stadio-panathinaiko-di-atene-768x490.webp 768w\" sizes=\"auto, (max-width: 870px) 100vw, 870px\" \/><\/h3>\n<p><em>&#8220;Lo stadio dei bei marmi e di tutti gli ateniesi&#8221;<\/em><\/p>\n<p>&nbsp;<\/p>\n<h3>Acropoli: i Propolei, il Tempio di Athena Nike, l\u2019Eretteo e il Partenone<\/h3>\n<p>Dal quartiere di Pangrati ci avventuriamo nel quartiere di <strong>Plaka<\/strong>: il pi\u00f9 antico, e conosciuto come <em>\u201cQuartiere degli dei\u201d<\/em> per la sua vicinanza stretta con l\u2019<em>Acropoli<\/em>.<br \/>\nSotto corrono le Vie <em>Adrianou<\/em>, <em>Hephaestou<\/em> e <em>Pandrosou<\/em>, piene di negozietti di artigianato e gastronomici, tra cui sopravvive ancora qualche <strong><em>boites<\/em><\/strong>, ovvero i locali in cui ascoltare la musica greca.<br \/>\nPoi puoi perderti in mezzo ai souvenir. Molto carini quelli che rappresentano le miniature dei monumenti, oppure le tradizionali latte che nell\u2019antichit\u00e0 venivano utilizzate per offrire regali agli dei, le <em>Thamata<\/em>. O, ancora, i cosiddetti Komboloi, i misteriosi scacciapensieri. Se preferisci i prodotti tipici troverai olio e vino, miele e formaggi da poter acquistare in qualche bottega.<br \/>\n<em>Plaka<\/em> ha una storia romana alle spalle con contaminazioni popolari, e c\u2019\u00e8 anche un momento, diciamo, cinematografico, quando \u00e8 stata set di diverse pellicole che le hanno fatto riscoprire un carattere intraprendente, curioso, pronto a cambiare veste.<br \/>\n\u00c8 da questo spirito nuovo che, forse, \u00e8 partita la miccia per fare sempre di pi\u00f9 e sempre meglio.<\/p>\n<p>&nbsp;<\/p>\n<h3>E Acropoli sia<\/h3>\n<p>L\u2019<strong>Acropoli<\/strong> ricopre quel ruolo di primo piano che ha sempre avuto nella socialit\u00e0 e anche sullo scenario internazionale: \u00e8 uno dei 20 monumenti pi\u00f9 visitati al mondo e il 1\u00b0 pi\u00f9 visitato in Grecia. \u00c8 presente sempre sullo skyline della citt\u00e0, ne \u00e8 il simbolo e ne \u00e8 ancora la roccia degli dei.<\/p>\n<p>Anche il sito archeologico ha fatto grandi e piccole rivoluzioni per tenersi al passo coi tempi:<\/p>\n<ul>\n<li>per esempio il primo importantissimo traguardo fu la realizzazione del <em><strong>Nuovo Museo dell\u2019Acropoli<\/strong><\/em>, nato attiguo, appositamente per inglobare i ritrovamenti, e per esserne parte integrante.<br \/>\nAll\u2019interno, sicuramente, attraggono l\u2019attenzione le <strong>5\u00a0 <em>Cariatidi originali<\/em><\/strong> che reggevano la Loggia omonima, attualmente sorretta da delle imitazioni. Esiste una <strong>sesta Cariatide<\/strong> che per\u00f2 si trova ancora nel <em>Britisch Museum di Londra<\/em>, tra i famosi <em>Marmi di Elgin<\/em>, trafugati dal Conte di Elgin, appunto, secoli fa e mai restituiti.<\/li>\n<li>Il secondo esempio di come si punti sempre all\u2019innovazione ci viene da un <strong>percorso tattile<\/strong>, sviluppato per non vedenti.<br \/>\nModellini dei vari monumenti dell\u2019Acropoli -dal Partenone alla Loggia delle Cariatidi-, e una serie di pannelli con scritte in <em>Braille<\/em>, hanno reso fruibile questo sito anche a <strong>persone con disabilit\u00e0<\/strong>.<br \/>\nE non solo: in realt\u00e0 pu\u00f2 essere un approfondimento per tutti i visitatori.<br \/>\nInsomma via le barriere architettoniche dall\u2019Acropoli!<\/li>\n<\/ul>\n<p>A goderne sono i visitatori ma soprattutto i monumenti che, pur mantenendo intatta la loro storia, si avvalgono di mezzi moderni per distinguersi e arrivare a tutti.<\/p>\n<p>&nbsp;<\/p>\n<p><em><img loading=\"lazy\" decoding=\"async\" class=\"aligncenter wp-image-20361 size-full\" src=\"http:\/\/www.tourgreciaclassica.it\/2025\/wp-content\/uploads\/2023\/09\/museo-dell-acropoli-metope-e-cariatidi.webp\" alt=\"collage-di-foto-in-cui-compaiono-le-5-cariatidi-di-atene-meno-la-sesta-foto-nera-con-scritto-british-museum-sotto-alcuni-dettagli-delle-metope-conservate-al-museo-dell-acropoli-di-atene\" width=\"900\" height=\"555\" srcset=\"https:\/\/www.tourgreciaclassica.it\/2025\/wp-content\/uploads\/2023\/09\/museo-dell-acropoli-metope-e-cariatidi.webp 900w, https:\/\/www.tourgreciaclassica.it\/2025\/wp-content\/uploads\/2023\/09\/museo-dell-acropoli-metope-e-cariatidi-300x185.webp 300w, https:\/\/www.tourgreciaclassica.it\/2025\/wp-content\/uploads\/2023\/09\/museo-dell-acropoli-metope-e-cariatidi-768x474.webp 768w\" sizes=\"auto, (max-width: 900px) 100vw, 900px\" \/><\/em><\/p>\n<p><em>Museo dell&#8217;Acropoli &#8211; Foto: https:\/\/www.theacropolismuseum.gr\/<\/em><\/p>\n<p>&nbsp;<\/p>\n<h4>Il Partenone<\/h4>\n<p>Su questa terra sospesa il <em><strong>Partenone<\/strong> <\/em>\u00e8 certamente il monumento a cui tutti mirano salendo.<br \/>\nSimbolo di perfezione, scoprirai -grazie alla nostra guida esperta- che poi cos\u00ec perfetto non \u00e8. Ma non ti sveliamo troppo.<br \/>\nInvece, per passare a un altro mistero, ti lasciamo un piccolo indizio su un ruolo che il Partenone ha avuto nella storia antica: si tratta di un triangolo\u2026\u00a0 Hai capito? Noo? Allora non ti resta che continuare a leggere.<br \/>\nPi\u00f9 avanti ti sveliamo di questa piccola leggenda.<br \/>\nNel museo dell\u2019Acropoli osserva bene le <strong><em>Metope<\/em><\/strong>, hanno una storia molto bella, e rivestivano proprio la parte alta del Partenone raccontando di guerre: dalla <em>Gigantomachia<\/em> alla <em>Centauromachia<\/em>, dall\u2019invasione di Atene da parte delle Amazzoni alla guerra dei greci contro Troia.<\/p>\n<p>&nbsp;<\/p>\n<h4>L&#8217;Eretteo e La Loggia delle Cariatidi<\/h4>\n<p>L\u2019<strong>Eretteo<\/strong> \u00e8 considerato il fulcro originario di Atene, il punto in cui <em>Athena<\/em> vinse su <em>Poseidone<\/em>, e dove per molto tempo venne conservato sia il primo ulivo regalato dalla Dea alla citt\u00e0, che l\u2019intaglio sulla roccia causato dal tridente scagliato dal Dio del mare. Mentre la <strong>Loggia delle Cariatidi<\/strong> era l&#8217;ingresso alla tomba del Re Serpente, Cecrope.<br \/>\nLe Cariatidi raffigurano le figlie del Re Eretteo oppure le schiave di un pase della Laconia? Sono donne -in entrambe i casi- che hanno subito l&#8217;oppressione degli uomini\u00a0 ma, nonostante questo o forse proprio per questo, facendosi colonne, sostengono con il loro corpo la parte superiore del loggiato.<br \/>\nSei fanciulle in abiti candidi, leggere e spensierate, che guardano a un orizzonte lontano sono diventate il punto pi\u00f9 fotografato dell\u2019Acropoli.<\/p>\n<p>&nbsp;<\/p>\n<h4>I Propilei<\/h4>\n<p>L\u2019ingresso originario dell\u2019Acropoli erano i Propilei. Costruiti come un tempio, rappresentavano il luogo di passaggio e purificazione, non un monumento commemorativo come un arco ma un ingresso, appunto. Propileo significa \u201cquel che sta davanti al cancello\u201d. Inoltre, questo particolare elemento architettonico, simboleggia anche il passaggio dal tempio romano a quello greco. Un cambio di passo e di stile.<\/p>\n<p>Infine c\u2019\u00e8 il Tempio di Athena Nike che non \u00e8 cos\u00ec dominante ma sicuramente lo strapiombo su cui si regge ne fa apprezzare il grande pathos.<\/p>\n<p>&nbsp;<\/p>\n<p><img loading=\"lazy\" decoding=\"async\" class=\"aligncenter wp-image-19035 size-full\" src=\"http:\/\/www.tourgreciaclassica.it\/2025\/wp-content\/uploads\/2023\/05\/cariatidi-non-originali-sul-sito-dell-acropoli-atene.webp\" alt=\"loggia-delle-cariatidi-con-le-statue-colonna-che-guardano-sotto-alla-citta-di-atene\" width=\"875\" height=\"555\" srcset=\"https:\/\/www.tourgreciaclassica.it\/2025\/wp-content\/uploads\/2023\/05\/cariatidi-non-originali-sul-sito-dell-acropoli-atene.webp 875w, https:\/\/www.tourgreciaclassica.it\/2025\/wp-content\/uploads\/2023\/05\/cariatidi-non-originali-sul-sito-dell-acropoli-atene-300x190.webp 300w, https:\/\/www.tourgreciaclassica.it\/2025\/wp-content\/uploads\/2023\/05\/cariatidi-non-originali-sul-sito-dell-acropoli-atene-768x487.webp 768w\" sizes=\"auto, (max-width: 875px) 100vw, 875px\" \/><\/p>\n<p><em>Loggia delle Cariatidi<\/em><\/p>\n<p>&nbsp;<\/p>\n<p>&nbsp;<\/p>\n<h2><span style=\"color: #33cccc;\"><a style=\"color: #33cccc;\" href=\"https:\/\/viaggioggi.it\/catalogo\/city-break-Atene-miniguida.pdf\" target=\"_blank\" rel=\"noopener\">\u2193 Scarica il PDF del nostro City Break di Atene<\/a><\/span><\/h2>\n<p>&nbsp;<\/p>\n<p>&nbsp;<\/p>\n<hr \/>\n<p>&nbsp;<\/p>\n<p>&nbsp;<\/p>\n<h2>Tempo libero ad Atene? Costruisci la tua esperienza su misura<\/h2>\n<p>Per il tuo tempo libero ti possiamo suggerire delle mete che ti raccontino diverse facce di questa citt\u00e0. Durante il tuo City Break di Atene potresti andare alla scoperta di tradizioni, quartieri e luoghi imperdibili.<\/p>\n<p>&nbsp;<\/p>\n<h3>Monastiraki e la musica greca<\/h3>\n<p>Sicuramente esistono dei posti che ci riportano indietro nel tempo e che hanno mantenuto il loro spirito originale, e ci sono dei posti che invece rappresentano il <em>Lyfestyle<\/em> delle nuove generazioni. \u00c8 il caso dei <strong><em>Bouzouki<\/em> <\/strong>e delle <strong><em>Barakia<\/em><\/strong>. I secondi sono i preferiti dai giovani, sono moderni bar con musica attuale, mentre i primi sono locali tipici in cui ascoltare la musica greco-ateniese.<br \/>\nNel quartiere di <strong>Monastiraki<\/strong>, se ami ballare, ascoltare le canzoni, divertirti, trovi sicuramente un\u2019offerta strepitosa. Soprattutto se stai cercando un luogo in cui si suona il <strong><em>Rebetiko greco<\/em><\/strong>, questa musica popolare nata nei bassifondi quale risposta al degrado, alla povert\u00e0 e alla fame. C\u2019\u00e8 un valore intrinseco preciso, un&#8217;appartenenza, una morale che emergono con grande passione e, quindi, \u00e8 un\u2019esperienza locale immancabile mentre visiti la citt\u00e0 di Atene.<br \/>\nNello\u00a0<strong><em>Sto\u00e0 Athanaton<\/em><\/strong>, il Mercato Coperto di Atene, puoi entrare in un ritrovo di cantanti di Rebetiko. Era una ex villa che, durante la Seconda Guerra Mondiale, assunse il ruolo di Caff\u00e8. Ed era qui che si ritrovavano i cantanti, con la scusa di un caff\u00e8 notturno, per continuare a suonare. E potevano andare avanti per ore, improvvisando.<\/p>\n<p>Nel Quartiere di Monastiraki una meta interessante potrebbe essere l\u2019<strong><em>Osservatorio Nazionale<\/em><\/strong>, si vede in cima alla Collina delle Ninfee, avvolto da una vegetazione briosa. \u00c8 il pi\u00f9 antico istituto di ricerca in Grecia, fu fondato -infatti- nel 1842.<br \/>\nA Monastiraki ti consigliamo, qualora volessi approfondire questo quartiere, di fare un salto da <strong><em>Melina<\/em><\/strong>, un caff\u00e8 bistrot dedicato all\u2019attrice e politica greca\u00a0<em>Maria Amalia Merkouri<\/em>.<br \/>\nA lei si devono le <em>Capitali Europee della Cultura<\/em>, un&#8217;idea progettuale interamente sua -intesa a rafforzare i rapporti tra i vari paesi dell\u2019Unione-. La prima Capitale Europea della Cultura, non a caso, fu proprio Atene nel 1985.<\/p>\n<p>&nbsp;<\/p>\n<h3><img loading=\"lazy\" decoding=\"async\" class=\"aligncenter wp-image-19872 size-full\" src=\"http:\/\/www.tourgreciaclassica.it\/2025\/wp-content\/uploads\/2023\/07\/monastiraki-atene-cafe-melina-movida-atene.webp\" alt=\"parete del-melina-caf\u00e8-a-atene-con-fotografie-vecchi-che-ripercorrono-la-storia-del-locale\" width=\"870\" height=\"555\" srcset=\"https:\/\/www.tourgreciaclassica.it\/2025\/wp-content\/uploads\/2023\/07\/monastiraki-atene-cafe-melina-movida-atene.webp 870w, https:\/\/www.tourgreciaclassica.it\/2025\/wp-content\/uploads\/2023\/07\/monastiraki-atene-cafe-melina-movida-atene-300x191.webp 300w, https:\/\/www.tourgreciaclassica.it\/2025\/wp-content\/uploads\/2023\/07\/monastiraki-atene-cafe-melina-movida-atene-768x490.webp 768w\" sizes=\"auto, (max-width: 870px) 100vw, 870px\" \/><\/h3>\n<p><em>Al &#8220;Melina&#8221; di Atene musica e ricordo<\/em><\/p>\n<h3><\/h3>\n<h3>Tesori nascosti a Pangrati<\/h3>\n<p>Nel tuo City Break di Atene potresti voler visitare il Quartiere di <strong>Pangrati<\/strong>, allora utilizza il tempo libero per entrare nel cuore di questa zona, c\u2019\u00e8 molto da vedere.<br \/>\nIl <strong><em>Primo Cimitero di Atene<\/em><\/strong>, per esempio, \u00e8 un luogo molto interessante, anzi, una <em>Gliptoteca<\/em> per la precisione, uno scrigno di opere scultoree meraviglioso, un museo a cielo aperto e tra le tombe.<br \/>\nUna curiosit\u00e0: la trama urbanistica di Pangrati nasconde <strong><em>il corso sacro del fiume Ilisso<\/em><\/strong> e, pi\u00f9 precisamente, per individuarlo tiriamo una linea retta tra il <em>National Art Gallery di Pangrati<\/em> fino alla <em>Fondazione Stavros Niarchos<\/em>, punto dopo del quale si gettava in mare.<br \/>\nIn cima, all\u2019antico corso, proprio uscendo dal <em>Museo Bizantino e Cristiano di Atene<\/em>, si scorge -impossibile non vederla- la grande scultura di metallo chiamata <em>\u201c<strong>The Runner<\/strong>\u201d<\/em>.<br \/>\nIl Corridore di Costas Varotsos\u00a0 impersona la scomposizione dell\u2019atleta a contatto con l\u2019aria, \u00e8 come se lasciasse un po\u2019 della sua pelle correndo.<\/p>\n<p>&nbsp;<\/p>\n<h4><img loading=\"lazy\" decoding=\"async\" class=\"aligncenter wp-image-20359 size-full\" src=\"http:\/\/www.tourgreciaclassica.it\/2025\/wp-content\/uploads\/2023\/09\/PANGRATI-ATENE-il-corridore-the-runner-costa-varotsos-atene.webp\" alt=\"il-corridore-statua-in-ferro-ubicata-a-atene-sulla-piazza-di-pangrati\" width=\"870\" height=\"555\" srcset=\"https:\/\/www.tourgreciaclassica.it\/2025\/wp-content\/uploads\/2023\/09\/PANGRATI-ATENE-il-corridore-the-runner-costa-varotsos-atene.webp 870w, https:\/\/www.tourgreciaclassica.it\/2025\/wp-content\/uploads\/2023\/09\/PANGRATI-ATENE-il-corridore-the-runner-costa-varotsos-atene-300x191.webp 300w, https:\/\/www.tourgreciaclassica.it\/2025\/wp-content\/uploads\/2023\/09\/PANGRATI-ATENE-il-corridore-the-runner-costa-varotsos-atene-768x490.webp 768w\" sizes=\"auto, (max-width: 870px) 100vw, 870px\" \/><\/h4>\n<p><em>The runner &#8211; Foto: httpscostasvarotsos.com<\/em><\/p>\n<p>&nbsp;<\/p>\n<h4>Dalla Fondazione Stavros Niarchos allo Zappeion<\/h4>\n<p>L&#8217;abbiamo nominata e quindi eccola qui: la <strong><em>Fondazione Stavros Niarchos<\/em><\/strong>, un punto di ritrovo che si affaccia sul mare e trattiene in s\u00e9 tutta la lucentezza del metallo di costruzione e la trasparenza dei vetri, il profumo speziato dei giardini e l\u2019internazionalit\u00e0 dei suoi arredi. \u00c8 uno spazio in cui rilassarsi, godersi mostre d\u2019arte, guardare da un diverso punto di vista la citt\u00e0, connettersi con il mare ma con un occhio all\u2019Acropoli. C\u2019\u00e8 in questa struttura un che di trascendentale, forse per via dello stranissimo e innovativo tetto di copertura, una lastra che fa nascere tante domande.<\/p>\n<p>E, abbiamo nominato anche la <em><strong>National Art Gallery di Pangrati<\/strong><\/em>: con i suoi 15 mila pezzi, tra cui spiccano <em>El Greco<\/em>, <em>Giordano<\/em>, <em>Picasso<\/em>, <em>Tiepolo<\/em>, <em>Rubens<\/em>, <em>Matisse<\/em>, <em>Rodin<\/em>, <em>Delacroix<\/em> e <em>Linard<\/em>, \u00e8 un\u2019esperienza incredibile\u00a0 a cui unire magari una cenetta <em>\u201cMichelin\u201d<\/em> nel vicino <em><strong>Spondi<\/strong><\/em>, un ristorante elegante, molto rinomato e in cui mangiare piatti che sembrano dipinti.<br \/>\nSe ami l\u2019aria aperta, gli alberi secolari, le statue bianche che si alternano a sprazzi di verde, non ti resta che camminare nel <em><strong>Giardino Nazionale di Atene<\/strong><\/em> e arrivare ad uno degli edifici pi\u00f9 singolari, lo <strong><em>Zappeion<\/em><\/strong>.<br \/>\nIn questo luogo la Grecia ha siglato l\u2019ingresso all\u2019interno della Comunit\u00e0 Europea.<\/p>\n<p>&nbsp;<\/p>\n<h3><img loading=\"lazy\" decoding=\"async\" class=\"aligncenter wp-image-20360 size-full\" src=\"http:\/\/www.tourgreciaclassica.it\/2025\/wp-content\/uploads\/2023\/09\/zappeion-atene-interno-colonnato.webp\" alt=\"interno-di-un-palazzo-cortile-con-colonnato\" width=\"715\" height=\"550\" srcset=\"https:\/\/www.tourgreciaclassica.it\/2025\/wp-content\/uploads\/2023\/09\/zappeion-atene-interno-colonnato.webp 715w, https:\/\/www.tourgreciaclassica.it\/2025\/wp-content\/uploads\/2023\/09\/zappeion-atene-interno-colonnato-300x231.webp 300w\" sizes=\"auto, (max-width: 715px) 100vw, 715px\" \/><\/h3>\n<p><em>Zappeion &#8211; Foto: https:\/\/www.zappeion.gr\/<\/em><\/p>\n<p>&nbsp;<\/p>\n<h3>Atene dall&#8217;alto : il Monte Licabetto<\/h3>\n<p>Cambiamo scenografia e saliamo in cima a una delle colline che offrono scorci panoramici intensi, il <strong>monte Licabetto<\/strong>. E, qui, non possiamo non suggerirti una cena in quello che \u00e8 stato nominato <em>\u201cHotel con la migliore vista sui tetti\u201d<\/em>, il <strong><em>St. George Lycabettus<\/em><\/strong>.<br \/>\nInsignito anche del <em>World Luxury Award<\/em> e dell\u2019<em>Ecopolis Award<\/em>, questo hotel rappresenta uno stile di vita, un approccio all\u2019accoglienza che guarda all\u2019eleganza ma anche alla sostenibilit\u00e0.<br \/>\nAll\u2019interno, ospita perfino la <em>SG Art Gallery<\/em>, uno spazio artistico che impreziosisce l\u2019offerta rendendola davvero unica nel suo genere. Dalle <em>stanze Eco chic<\/em> alla <em>Spa Egeo<\/em>, al <em>Gran Balcon<\/em> per una colazione detox, quello che ci piace raccontarti \u00e8 la cena nella <strong><em>Suite Lounge<\/em><\/strong>, un bistr\u00f2 stellato, con una vetrata che si apre al tramonto e alle mille luci di Atene. Qui farai un\u2019esperienza a \u201c360\u00b0\u201d. Promesso.<\/p>\n<p>&nbsp;<\/p>\n<h3><img loading=\"lazy\" decoding=\"async\" class=\"aligncenter wp-image-19697 size-full\" src=\"http:\/\/www.tourgreciaclassica.it\/2025\/wp-content\/uploads\/2023\/07\/ST-george-lycabettus-lifestile-hotel-atene-5.webp\" alt=\"veduta-con-una-vetrata-al-tramonto-da-ristorante-lycabettus-verso-atene\" width=\"870\" height=\"555\" srcset=\"https:\/\/www.tourgreciaclassica.it\/2025\/wp-content\/uploads\/2023\/07\/ST-george-lycabettus-lifestile-hotel-atene-5.webp 870w, https:\/\/www.tourgreciaclassica.it\/2025\/wp-content\/uploads\/2023\/07\/ST-george-lycabettus-lifestile-hotel-atene-5-300x191.webp 300w, https:\/\/www.tourgreciaclassica.it\/2025\/wp-content\/uploads\/2023\/07\/ST-george-lycabettus-lifestile-hotel-atene-5-768x490.webp 768w\" sizes=\"auto, (max-width: 870px) 100vw, 870px\" \/><\/h3>\n<p><em>Suite Lounge &#8211; Foto: https:\/\/www.sgl.gr\/<\/em><\/p>\n<p>&nbsp;<\/p>\n<h3>La Kolonaki dei Musei e dell&#8217;Alta Moda<\/h3>\n<p>Tra il Monte Licabetto e il Giardino Nazionale si allarga il Quartiere di <strong>Kolonaki<\/strong>. In realt\u00e0 abbiamo gi\u00e0 visto la vicina <em>Piazza Syntagma<\/em> fino alla <em>Biblioteca Nazionale<\/em>, sono luoghi compresi nel City Break di Atene.<br \/>\nQualora, per\u00f2, volessi approfondire questo quartiere, utilizza il tempo libero per vedere alcune altre attrattive vicine: per esempio arriva fino a <strong><em>Platia Kolonakiou<\/em><\/strong> per scoprire l\u2019unica colonna sopravvissuta al tempo e che ha dato il nome al quartiere.<br \/>\nPoi sicuramente qui puoi fare incetta di Musei: dal <strong><em>Museo Benaki<\/em> <\/strong>al <strong><em>Museo di Arte Cicladica<\/em><\/strong> fino al <strong><em>Museo di Storia del Costume greco<\/em><\/strong>; dal <strong><em>Museo del Teatro<\/em><\/strong> al <em><strong>Museo Bizantino<\/strong><\/em> fino al <em><strong>Museo della Guerra<\/strong><\/em>.<br \/>\nI Musei di Pangrati rispecchiano come sempre questa doppia anima di Atene e quindi se da un lato possiamo entrare nella storia visitando il <em><strong>Museo Bizantino e Cristiano<\/strong><\/em>, dall\u2019altra esploriamo le nuove forme stilistiche entrando nel <em><strong>Museo di Arte Moderna e Contemporanea Goulandris<\/strong><\/em>.<\/p>\n<p>&nbsp;<\/p>\n<h4>Le vie dello shopping a Kolonaki<\/h4>\n<p>Anche a Kolonaki puoi fare un\u2019esperienza locale entrando in uno dei club di Bouzouki. Canti, balli, lanci i fiori ai cantanti che si esibiscono. Un tempo questa tradizione si consumava lanciando piatti e cocci, poi negli anni \u00e8 andata via via ingentilendosi fino quasi a diventare poetica.<br \/>\nKolonaki \u00e8 il quartiere benestante, elegante, moderno, pieno di negozi e boutique dai marchi noti tipo <em>Ferr\u00e9<\/em>,\u00a0<em>Laroche<\/em>,\u00a0<em>Dolce &amp; Gabbana<\/em>,\u00a0<em>Dior\u00a0<\/em>e\u00a0<em>Versace<\/em>, ma che guardano anche al <em>Made In Italy<\/em> e strizzano un occhio ai preziosi con gioiellerie prestigiose.<br \/>\n<strong><em>Via Voukourestiou<\/em><\/strong>,\u00a0<strong><em>Via Anagnostopoulo<\/em><\/strong> e <strong><em>Via Skoufa<\/em><\/strong>, sono alcune delle zone per lo shopping di lusso.<\/p>\n<p>&nbsp;<\/p>\n<h4>Viste da Kolonaki sui tetti di Atene<\/h4>\n<p>Dopodich\u00e9 puoi cenare tra i tetti al <strong><em>Galaxy Restaurant &amp; Bar<\/em><\/strong>, guardare l\u2019Acropoli illuminata, degustare piatti greci, e poi lanciarti in una notte glam: in uno dei locali pi\u00f9 alla moda tra i giovani, il <strong><em>Bogart<\/em><\/strong>, oppure al <strong><em>Dybbuk<\/em> <\/strong>per un dj set internazionale tra i pi\u00f9 rinomati.<br \/>\nSe invece preferisci la tranquillit\u00e0 e una vista imperdibile sali fino al <strong><em>Platia Dexameni<\/em><\/strong>, una ex cisterna, uno dei luoghi pi\u00f9 belli di Atene. Paesaggio antico e animali dell\u2019aia, che scorrazzano liberi, ti sapranno dare altri spunti su Atene.<\/p>\n<p>&nbsp;<\/p>\n<h2 style=\"text-align: center;\"><img loading=\"lazy\" decoding=\"async\" class=\"aligncenter wp-image-19869 size-full\" src=\"http:\/\/www.tourgreciaclassica.it\/2025\/wp-content\/uploads\/2023\/07\/galaxy-bar-hilton-ad-atene-per-un-capodanno-eccezionale.webp\" alt=\"due-drink-arancioni-e-bicchieri-ghiacciati-sono-su-una-balaustra-che-guarda-l'acropoli-di-atene-illuminata-sullo-sfondo\" width=\"870\" height=\"555\" srcset=\"https:\/\/www.tourgreciaclassica.it\/2025\/wp-content\/uploads\/2023\/07\/galaxy-bar-hilton-ad-atene-per-un-capodanno-eccezionale.webp 870w, https:\/\/www.tourgreciaclassica.it\/2025\/wp-content\/uploads\/2023\/07\/galaxy-bar-hilton-ad-atene-per-un-capodanno-eccezionale-300x191.webp 300w, https:\/\/www.tourgreciaclassica.it\/2025\/wp-content\/uploads\/2023\/07\/galaxy-bar-hilton-ad-atene-per-un-capodanno-eccezionale-768x490.webp 768w\" sizes=\"auto, (max-width: 870px) 100vw, 870px\" \/><\/h2>\n<p style=\"text-align: left;\"><em>Aperitivo al Galaxy Restaurant &#8211; Foto: https:\/\/www.instagram.com\/galaxybar\/<\/em><\/p>\n<p>&nbsp;<\/p>\n<p>&nbsp;<\/p>\n<hr \/>\n<h2><\/h2>\n<p>&nbsp;<\/p>\n<h2 style=\"text-align: center;\">AGGIUNGI UN MINI TOUR PRIVATO<\/h2>\n<p style=\"text-align: center;\">Mini tour combinabili per una <strong>Grecia su misura<\/strong> straordinaria<\/p>\n<p>&nbsp;<\/p>\n<p>A questo breve itinerario di tre giorni possiamo aggiungere un <strong>mini tour nei dintorni di Atene<\/strong>. Abbiamo diverse proposte, quindi scopri cosa ti piace di pi\u00f9:<\/p>\n<p>&nbsp;<\/p>\n<p>1.\u00a0\u00a0\u00a0\u00a0<strong>\u00a0 Epidauro \u2013 Micene \u2013 Nauplia &#8211; Olympia<\/strong><\/p>\n<p>2.\u00a0\u00a0\u00a0\u00a0\u00a0 <strong>Delfi &#8211; Meteora<\/strong><\/p>\n<p>&nbsp;<\/p>\n<p>Altrimenti puoi optare per un <strong>Tour di 7 giorni della Grecia Classica e Meteore<\/strong> che tocca:<\/p>\n<p><strong>Atene \u2013 Corinto \u2013 Epidauro \u2013 Micene \u2013 Nauplia \u2013 Olympia &#8211; Delfi- Meteore<\/strong><\/p>\n<p>&nbsp;<\/p>\n<h3>Guida che parla italiano<\/h3>\n<p>Ricorda sempre che tutti i tour, mini tour ed escursioni hanno le <strong>visite guidate ai luoghi di interesse storico e culturale<\/strong>: una guida che parla italiano sar\u00e0 a tua disposizione per raccontarti al meglio la tua esperienza in loco.<\/p>\n<h3>Auto privata con o senza autista<\/h3>\n<p>E non dimenticare che disponiamo di tour privati che puoi gestire in autonomia <strong>noleggiando semplicemente un\u2019auto<\/strong>, oppure <strong>tour con autista privato<\/strong> che ti porta nei luoghi previsti dall\u2019itinerario.<\/p>\n<p>&nbsp;<\/p>\n<p><img loading=\"lazy\" decoding=\"async\" class=\"aligncenter wp-image-20362 size-full\" src=\"http:\/\/www.tourgreciaclassica.it\/2025\/wp-content\/uploads\/2023\/09\/guida-in-italiano-nei-luoghi-della-cultura-di-atene.webp\" alt=\"due-guide-in-divisa-disegnate-mostrano-alle-spalle-il-partenone-di-fianco-una-famiglia-vista-dall-alto-all-interno-di-una-macchina-decappottabile\" width=\"900\" height=\"555\" srcset=\"https:\/\/www.tourgreciaclassica.it\/2025\/wp-content\/uploads\/2023\/09\/guida-in-italiano-nei-luoghi-della-cultura-di-atene.webp 900w, https:\/\/www.tourgreciaclassica.it\/2025\/wp-content\/uploads\/2023\/09\/guida-in-italiano-nei-luoghi-della-cultura-di-atene-300x185.webp 300w, https:\/\/www.tourgreciaclassica.it\/2025\/wp-content\/uploads\/2023\/09\/guida-in-italiano-nei-luoghi-della-cultura-di-atene-768x474.webp 768w\" sizes=\"auto, (max-width: 900px) 100vw, 900px\" \/><\/p>\n<p><em>I nostri tour su misura e privati con guida in italiano e noleggio auto<\/em><\/p>\n<p>&nbsp;<\/p>\n<h2 style=\"text-align: center;\">MINI TOUR IN PELOPONNESO DA ATENE<\/h2>\n<p>Va fatta una piccola premessa al <strong>Tour Grecia Classica<\/strong> <strong>che parte da <em>Atene<\/em><\/strong>, molti dei luoghi che si visitano risiedono in <em>Peloponneso<\/em>, una terra ricca di archeologia ma anche di vigneti e uliveti.<br \/>\nPassato il <em>Canale di Corinto<\/em> si aprono davanti agli occhi fazzoletti di bellezza, depositata qui da un popolo erudito come i <b><i>Micenei <\/i><\/b>ma anche dalle gesta di <strong><em>Agamennone<\/em><\/strong>, ma anche dalle fatiche di <strong><em>Ercole<\/em> <\/strong>e, quindi, proprio a loro si ispira ancora oggi l\u2019atmosfera epica del Peloponneso.<\/p>\n<p>&nbsp;<\/p>\n<h3>Il canale di Corinto, che odissea!<\/h3>\n<p>Unire la <em>Grecia Continentale<\/em> al <em>Peloponneso<\/em> fu un\u2019operazione ardua e visionaria.<br \/>\nIl Peloponneso si ritrov\u00f2 da penisola a vestire i panni di un\u2019isola e, questo, fece infuriare l\u2019<strong><em>Oracolo di Delfi<\/em> <\/strong>che -appellandosi a Zeus- rivendicava la legge secondo cui se gli dei avevano creato le isole in alcuni punti della Terra e non in altri gli uomini non avrebbero dovuto interporsi ad essi.<br \/>\nFatto \u00e8 che i lavori iniziarono ma sul <strong>Canale di Corinto<\/strong> si abbatterono morti, cedimenti, crolli. \u00c8 una delle opere di ingegneria pi\u00f9 importanti della storia: ridusse la circumnavigazione delle navi e agevol\u00f2 i commerci marittimi ma indubbiamente riscontr\u00f2 tanti problemi legati all\u2019instabilit\u00e0 della roccia porosa. Inoltre, il passaggio stretto \u00e8 sempre stata una falla che, poi, nel corso dei secoli \u00e8 diventata anche la sua morte. Le navi erano sempre pi\u00f9 grandi e quindi gli preferirono altre rotte.<br \/>\nAd oggi \u00e8, per\u00f2, sempre magico passarvi, \u00e8 uno di quei posti sulla Terra che racchiude epicit\u00e0, mitologia, iconicit\u00e0.<\/p>\n<p>&nbsp;<\/p>\n<h3><img loading=\"lazy\" decoding=\"async\" class=\"aligncenter wp-image-14819 size-full\" src=\"http:\/\/www.tourgreciaclassica.it\/2025\/wp-content\/uploads\/2022\/01\/hellas-g9602fbf83_12807.webp\" alt=\"Canale-di-corinto-grecia-peloponneso\" width=\"870\" height=\"555\" \/><\/h3>\n<p><em>Canale di Corinto, sempre emozionante!<\/em><\/p>\n<p>&nbsp;<\/p>\n<h3>Epidauro e la filosofia di Asclepio<\/h3>\n<p>Anche <em>Epidauro<\/em> ha avuto a che fare con un Dio ma stavolta meno puntiglioso di Zeus.<br \/>\n<em>Asclepio<\/em> curava i malati attraverso l\u2019arte, lo spettacolo, la musica. Fece costruire il <strong>Teatro di Epidauro<\/strong> dapprima perch\u00e9 vi si potessero disputare i giochi in suo onore, le <em>Asclepeion<\/em>, poi sent\u00ec vivo il desiderio di avvicinare i malati al Teatro che divenne quasi pi\u00f9 miracoloso del vicino Santuario.<br \/>\nIl teatro \u00e8 stato costruito seguendo i canoni della sezione aurea e la sua acustica perfetta -pare- non sia attribuibile a chiss\u00e0 quale architettura o maestranza ma all\u2019usura del marmo. Questo, consumato dagli agenti atmosferici e dal calpestio degli spettatori, si \u00e8 irruvidito e -secondo molti studi- eliminerebbe le basse frequenze che secondo un processo mentale, il <strong><em>Virtual Pitch<\/em><\/strong>, verrebbero ricostruite dal cervello umano.<br \/>\nComunque, molti visitatori -in coppia- sperimentano l\u2019acustica: uno lascia cadere una moneta in terra nella cavea, l\u2019altro sale fino in cima alle gradinate per sentire se, il riflesso del suono, gli arriva nitido.<\/p>\n<p>&nbsp;<\/p>\n<h3>Nauplia merlata<\/h3>\n<p><strong>Nauplia<\/strong> \u00e8 caratterizzata da ben tre fortezze: la <strong><em>Fortezza di Palamidi<\/em><\/strong>, il <strong><em>Castello di Bourtzi<\/em><\/strong> e <strong><em>Acronafplia<\/em><\/strong>, un concentrato di torri e merli che la rendono, soprattutto se vista dal mare, inespugnabile.<br \/>\nHa un carattere deciso e non a caso le fortificazioni sono state molto strategiche durante la guerra di liberazione. \u00c8 stata la prima citt\u00e0 greca a liberarsi e a diventare <em>Prima Capitale della Grecia Moderna<\/em>.<br \/>\nUno dei luoghi pi\u00f9 caratteristici \u00e8 l\u2019ex quartiere dei pescatori, <strong><em>Psaromachalas<\/em><\/strong>, dove oggi le case sono state ristrutturate e trasformate in B&amp;B o Residence.<\/p>\n<p>&nbsp;<\/p>\n<h3><img loading=\"lazy\" decoding=\"async\" class=\"aligncenter wp-image-18947 size-full\" src=\"http:\/\/www.tourgreciaclassica.it\/2025\/wp-content\/uploads\/2023\/05\/Nauplia-Forte-Foto-di-SofiaPapageorge-da-Pixabay1.webp\" alt=\"castello-di-nauplia-fortificato-davanti-al-mare-blu-dietro-il cielo-e-le-montagne-celesti\" width=\"870\" height=\"555\" srcset=\"https:\/\/www.tourgreciaclassica.it\/2025\/wp-content\/uploads\/2023\/05\/Nauplia-Forte-Foto-di-SofiaPapageorge-da-Pixabay1.webp 870w, https:\/\/www.tourgreciaclassica.it\/2025\/wp-content\/uploads\/2023\/05\/Nauplia-Forte-Foto-di-SofiaPapageorge-da-Pixabay1-300x191.webp 300w, https:\/\/www.tourgreciaclassica.it\/2025\/wp-content\/uploads\/2023\/05\/Nauplia-Forte-Foto-di-SofiaPapageorge-da-Pixabay1-768x490.webp 768w\" sizes=\"auto, (max-width: 870px) 100vw, 870px\" \/><\/h3>\n<p><em>Nauplia, tra blu e merli<\/em><\/p>\n<p>&nbsp;<\/p>\n<h3>Micene risorta dalla polvere<\/h3>\n<p>La citt\u00e0 di <strong>Micene<\/strong> \u00e8 legata all\u2019archeologo <em>Heinrich Schliemann,<\/em> il quale, di fronte alla scoperta della <strong><em>Porta dei Leoni<\/em> <\/strong>non si ferm\u00f2, pens\u00f2, anzi, che un ingresso del genere non potesse essere solo fine a s\u00e9 stesso.<br \/>\nFino a quel momento Micene era comparsa solo nella letteratura, narrata da <em>Omero<\/em>, da <em>Tucidide<\/em> e <em>Pausania il Periegeta<\/em>.<br \/>\nLa porta apr\u00ec il varco e, piano piano, da strati di terra e polvere emerse l\u2019antica citt\u00e0, le <strong><em>Tombe dei Re<\/em><\/strong>, le ricchezze e tutta la storia di uno dei popoli pi\u00f9 eruditi della storia, i Micenei, che poi le diedero anche il nome.<br \/>\nTra i resti antichi \u00e8 stata rinvenuta anche quella che venne definita la <strong><em>Maschera di Agamennone<\/em><\/strong>. Simbolicamente, questo ritrovamento in oro \u00e8 qualcosa che d\u00e0 un volto a un re leggendario, appartenuto alla mitologia greca, ma -ovviamente- sappiamo che non pu\u00f2 essere il suo bens\u00ec un&#8217;invenzione per creare fascino e curiosit\u00e0.<br \/>\nOggi si trova conservata al <strong><em>Museo Archeologico Nazionale di Atene<\/em><\/strong>, quindi se hai visitato il museo durante il tuo city break avrai gi\u00e0 avuto modo di imbatterti nella Maschera d&#8217;oro.<\/p>\n<p>&nbsp;<\/p>\n<h3><img loading=\"lazy\" decoding=\"async\" class=\"aligncenter wp-image-18945 size-full\" src=\"http:\/\/www.tourgreciaclassica.it\/2025\/wp-content\/uploads\/2023\/05\/maschera-di-agamennone-foto-di-marco-del-torchio.webp\" alt=\"maschera-di-agamennone-in-oro\" width=\"870\" height=\"870\" srcset=\"https:\/\/www.tourgreciaclassica.it\/2025\/wp-content\/uploads\/2023\/05\/maschera-di-agamennone-foto-di-marco-del-torchio.webp 870w, https:\/\/www.tourgreciaclassica.it\/2025\/wp-content\/uploads\/2023\/05\/maschera-di-agamennone-foto-di-marco-del-torchio-200x200.webp 200w, https:\/\/www.tourgreciaclassica.it\/2025\/wp-content\/uploads\/2023\/05\/maschera-di-agamennone-foto-di-marco-del-torchio-300x300.webp 300w, https:\/\/www.tourgreciaclassica.it\/2025\/wp-content\/uploads\/2023\/05\/maschera-di-agamennone-foto-di-marco-del-torchio-150x150.webp 150w, https:\/\/www.tourgreciaclassica.it\/2025\/wp-content\/uploads\/2023\/05\/maschera-di-agamennone-foto-di-marco-del-torchio-768x768.webp 768w\" sizes=\"auto, (max-width: 870px) 100vw, 870px\" \/><\/h3>\n<p><em>La Maschera d&#8217;oro di Agamennone, un volto leggendario<\/em><\/p>\n<p>&nbsp;<\/p>\n<h3>Il Santuario di Olympia tra dei e Giochi Olimpici<\/h3>\n<p><strong>Olympia <\/strong>\u00e8 definita per antonomasia <em>\u201cculla della democrazia\u201d<\/em>, un intitolazione che deve ai tanto famosi <strong><em>Giochi Olimpici<\/em><\/strong> dell\u2019epoca antica, durante i quali si professavano i valori sacrosanti del rispetto, del coraggio, della competizione pura. Ma non solo: quando iniziavano le competizioni tutte le guerre venivano sospese, c\u2019era una tregua muta, chiunque poteva spostarsi nel paese, soprattutto gli atleti, senza essere aggrediti o uccisi. Era una forma di tutela tra poleis, le famose citt\u00e0 stato.<br \/>\nNel Santuario di Olympia un posto d\u2019onore lo occupava il <strong><em>Tempio di Zeus<\/em><\/strong>, il modello a cui si ispirarono poi tutti gli altri templi, non solo in Grecia ma anche nel resto d\u2019Europa. All\u2019interno era stata istallata la <strong><em>statua crisoelefantina di Zeus<\/em><\/strong>, alta 12 metri e considerata tra le sette meraviglie del mondo antico.<br \/>\nSotto Teodosio II, e con l\u2019avvento del Cristianesimo, anche la statua venne data alle fiamme e distrutta. Fu cos\u00ec che Olympia cadde nell\u2019oscurit\u00e0 e spar\u00ec sotto terra.<br \/>\nEppure ancora riaffiorano cose. Per ultima nel 2021 la <strong><em>Statuetta di un Toro<\/em><\/strong> che, dopo un violento acquazzone, si \u00e8 praticamente disvelata da sola facendo spuntare un corno. L\u2019archeologo \u00e8 stato molto bravo a individuarlo e a riportare alla luce il reperto, vecchio di 2 mila e 500 anni, un elemento -ancora una volta- che testimonia il grande attaccamento dei fedeli agli dei. Si tratta, infatti, certamente di un dono a Zeus, un elemento votivo che \u00e8 tornato nelle nostre mani quasi come una &#8220;manna dalla terra&#8221;.<br \/>\nViene spontaneo chiedersi chi lo abbia lasciato, cosa avesse chiesto agli dei: \u00e8 emozionante pensare che dietro la statuina di un animale ci sia stata una preghiera, una richiesta di aiuto, un ringraziamento.<\/p>\n<p>&nbsp;<\/p>\n<p><img loading=\"lazy\" decoding=\"async\" class=\"wp-image-20363 size-full aligncenter\" src=\"http:\/\/www.tourgreciaclassica.it\/2025\/wp-content\/uploads\/2023\/09\/statuetta-di-un-toro-olympia-grecia.webp\" alt=\"statuetta-di-un-toro-rinvenuta-a-olympia\" width=\"870\" height=\"555\" srcset=\"https:\/\/www.tourgreciaclassica.it\/2025\/wp-content\/uploads\/2023\/09\/statuetta-di-un-toro-olympia-grecia.webp 870w, https:\/\/www.tourgreciaclassica.it\/2025\/wp-content\/uploads\/2023\/09\/statuetta-di-un-toro-olympia-grecia-300x191.webp 300w, https:\/\/www.tourgreciaclassica.it\/2025\/wp-content\/uploads\/2023\/09\/statuetta-di-un-toro-olympia-grecia-768x490.webp 768w\" sizes=\"auto, (max-width: 870px) 100vw, 870px\" \/><\/p>\n<p><em>Statuetta di un Toro &#8211; Foto: (Ministero della Cultura Greco) https:\/\/www.mfa.gr\/\u00a0<\/em><\/p>\n<p>&nbsp;<\/p>\n<h3>Il ponte Rion Anthirion<\/h3>\n<p>Se \u00e8 vero che, il ruolo principe ce l\u2019ha il <em>Canale di Corinto<\/em> che separa il Peloponneso dalla Grecia Continentale, \u00e8 anche vero che non possiamo non guardare al <strong><em>Ponte Rion Anthirion<\/em><\/strong> con ammirazione. \u00c8 il ponte strallato pi\u00f9 lungo al mondo e, sospeso sull\u2019acqua, acquista quasi un potere mitologico che gli ha valso il soprannome di: <em>\u201cPonte di Poseidone\u201d<\/em>.<br \/>\nLa sua apertura coincise con i <em>Giochi Olimpici di Atene 2004<\/em> e, proprio la fiamma olimpica, attravers\u00f2 il ponte per l\u2019inaugurazione.<\/p>\n<p>&nbsp;<\/p>\n<p><img loading=\"lazy\" decoding=\"async\" class=\"aligncenter wp-image-20369 size-full\" src=\"http:\/\/www.tourgreciaclassica.it\/2025\/wp-content\/uploads\/2023\/09\/Ponte-RHION-Antirion-Foto-di-Antonios-Ntoumas-da-Pixabay.webp\" alt=\"PONTE-STRALLATO-RION-ANTHIRION-TRA-ACQUE-AZZURRE-E-SPUMOSE\" width=\"900\" height=\"600\" srcset=\"https:\/\/www.tourgreciaclassica.it\/2025\/wp-content\/uploads\/2023\/09\/Ponte-RHION-Antirion-Foto-di-Antonios-Ntoumas-da-Pixabay.webp 900w, https:\/\/www.tourgreciaclassica.it\/2025\/wp-content\/uploads\/2023\/09\/Ponte-RHION-Antirion-Foto-di-Antonios-Ntoumas-da-Pixabay-300x200.webp 300w, https:\/\/www.tourgreciaclassica.it\/2025\/wp-content\/uploads\/2023\/09\/Ponte-RHION-Antirion-Foto-di-Antonios-Ntoumas-da-Pixabay-768x512.webp 768w\" sizes=\"auto, (max-width: 900px) 100vw, 900px\" \/><\/p>\n<p><em>Rion Anthirion, il ponte strallato tra Peloponneso e Grecia Continentale<\/em><\/p>\n<p>&nbsp;<\/p>\n<p>&nbsp;<\/p>\n<h2><span style=\"color: #33cccc;\"><a style=\"color: #33cccc;\" href=\"https:\/\/tourgreciaclassica.it\/viaggi-grecia\/argolide-olympia-minitour-privato-da-atene\/\" target=\"_blank\" rel=\"noopener\">\u2192 VAI AL MINI TOUR: Epidauro \u2013 Micene \u2013 Nauplia &#8211; Olympia<\/a><\/span><\/h2>\n<p>&nbsp;<\/p>\n<h2><span style=\"color: #33cccc;\"><a style=\"color: #33cccc;\" href=\"https:\/\/tourgreciaclassica.it\/viaggi-grecia\/tour-privato-grecia-classica-e-meteore\/\" target=\"_blank\" rel=\"noopener\">\u2192 OPPURE SCEGLI IL TOUR GRECIA CLASSICA E METEORE DA ATENE<\/a><\/span><\/h2>\n<p>&nbsp;<\/p>\n<p>&nbsp;<\/p>\n<h2><\/h2>\n<hr \/>\n<h2><\/h2>\n<p>&nbsp;<\/p>\n<h2 style=\"text-align: center;\">MINI TOUR DELFI E METEORA DA ATENE<\/h2>\n<p>&nbsp;<\/p>\n<h3>Delfi, centro del mondo<\/h3>\n<p>Il <strong>sito archeologico di Delfi<\/strong> rappresenta un luogo unico, un posto mistico e misterioso, forse perch\u00e9 legato indissolubilmente alla figura dell\u2019<em>Oracolo<\/em>.<br \/>\nQui si interpretava il destino, le sciagure, cosa era giusto fare, cosa evitare. Qui si decidevano le sorti delle poleis, si gestiva la politica, anzi, la si manipolava decretando -attraverso i responsi dell&#8217;Oracolo- le sorti dell\u2019una o dell\u2019altra citt\u00e0.<br \/>\nLa figura che, assolutamente, ha avuto un ruolo strategico \u00e8 stata <strong><em>La Pizia<\/em><\/strong>: ha fatto e disfatto a suo piacere, nessuno osava mettersi contro di lei o i suoi pizzini. Sedeva su un tripode, avvolta da incensi, e stregava quanti andavano da lei per avere un consiglio. Famose le sue estasi durante questi incontri.<br \/>\nLa citt\u00e0 di Delfi ha assunto il nomignolo di<em> \u201c<strong>ombelico del mondo<\/strong>\u201d<\/em> dopo che -nella mitologia- le due Aquile di Zeus, lasciate volare via dai due lati opposti della Terra, si rincrociarono di nuovo. Il punto esatto \u00e8 indicato da una pietra a forma di cupola, l\u2019<em>Omphalos<\/em>, letteralmente ombelico.<br \/>\nNel sito si cammina tra i resti del <em>Santuario di Atena<\/em>, il <em>Ginnasio<\/em>, la <em>Palestra<\/em>, i <em>Bagni<\/em>, la <em>Tholos<\/em>, il <em>Recinto Sacro<\/em>, la <em>via Sacra<\/em>, il <em>Tesoro degli Ateniesi<\/em>, il <em>Tempio di Apollo<\/em>, lo <em>Stadio<\/em>, il <em>Teatro<\/em>, la t<em>omba del Serpente Pitone<\/em>, il <em>Bouleterion<\/em> (Parlamento).<\/p>\n<p>&nbsp;<\/p>\n<h4>L\u2019Auriga di Delfi<\/h4>\n<p>Una delle statue iconiche del sito -e quindi del Museo Archeologico, dove \u00e8 conservata- l\u2019<strong>Auriga di Delfi<\/strong> \u00e8 la parte rimasta di un complesso bronzeo donato al Santuario di Apollo per commemorare la vittoria del tiranno Gela ai Giochi Pitici.<br \/>\nIl viso incarna la fierezza, la determinazione e anche la concentrazione, tipiche di un atleta di allora. I muscoli sono tesi e le briglie tenute con forza.<br \/>\nNella sala \u00e8 presente una ricostruzione di come era il complesso scultoreo.<\/p>\n<p>&nbsp;<\/p>\n<h3><img loading=\"lazy\" decoding=\"async\" class=\"aligncenter wp-image-18944 size-full\" src=\"http:\/\/www.tourgreciaclassica.it\/2025\/wp-content\/uploads\/2023\/05\/grecia-classica-delfi-sito-archeologico-teatro-di-delfi9.webp\" alt=\"cavea-del-teatro-di-delfi-con-vista-panoramica-della-valle-del-peneo\" width=\"870\" height=\"555\" srcset=\"https:\/\/www.tourgreciaclassica.it\/2025\/wp-content\/uploads\/2023\/05\/grecia-classica-delfi-sito-archeologico-teatro-di-delfi9.webp 870w, https:\/\/www.tourgreciaclassica.it\/2025\/wp-content\/uploads\/2023\/05\/grecia-classica-delfi-sito-archeologico-teatro-di-delfi9-300x191.webp 300w, https:\/\/www.tourgreciaclassica.it\/2025\/wp-content\/uploads\/2023\/05\/grecia-classica-delfi-sito-archeologico-teatro-di-delfi9-768x490.webp 768w\" sizes=\"auto, (max-width: 870px) 100vw, 870px\" \/><\/h3>\n<p><em>Cavea del Teatro di Delfi<\/em><\/p>\n<p>&nbsp;<\/p>\n<h3>Meteora, in aria<\/h3>\n<p>Il sito di <strong>Meteora<\/strong> ti accoglie spiritualmente e religiosamente, \u00e8 un luogo unico e straordinario composto perlopi\u00f9 da montagne e monasteri. Un posto imperdibile in Grecia, emozionante, scavato dalle acque che un tempo occupavano la vallata, e su cui i monaci dell\u2019ordine degli atoniti hanno costruito 24 monasteri diffusi.<br \/>\nIl concetto di isolamento \u00e8 chiaro da subito, \u00e8 ci\u00f2 per cui il luogo \u00e8 stato scelto a suo tempo: permetteva ai monaci di rifugiarsi lontani dalla minaccia degli invasori e di pregare in silenzio.<br \/>\nC\u2019\u00e8 da dire che, una volta l\u00ec, la domanda ti salir\u00e0 subito alla mente \u201ccome li hanno costruiti?\u201d.<br \/>\n<strong>Meteora significa <em>\u201cnell\u2019aria\u201d<\/em><\/strong>, cio\u00e8 sospesi, ed \u00e8 proprio quello che sono, sospesi. I monaci avevano studiato un sistema articolato e ingegnoso di corde, e scale a scomparsa, con le quali salivano e scendevano diventando quasi invisibili.<br \/>\nMa come abbiano potuto costruire i monasteri resta un mistero.<br \/>\nSono 6 gli edifici visitabili e in giorni diversi della settimana. Nell\u2019entrare \u00e8 richiesto un <strong>abbigliamento consono al luogo religioso<\/strong> pertanto le donne hanno bisogno di gonna lunga,\u00a0 o pareo sopra i pantaloni, e le spalle coperte; l\u2019uomo deve indossare pantaloni lunghi e maglietta.<br \/>\nIl percorso \u00e8 in salita, non \u00e8 complicato ma \u00e8 impegnativo fisicamente. Visitane almeno uno al tramonto cos\u00ec da godere dall\u2019alto un panorama sorprendente.<\/p>\n<p>&nbsp;<\/p>\n<p><img loading=\"lazy\" decoding=\"async\" class=\"aligncenter wp-image-18952 size-full\" src=\"http:\/\/www.tourgreciaclassica.it\/2025\/wp-content\/uploads\/2023\/05\/monasteri-di-meteora-grecia-classica.webp\" alt=\"paesaggio-surreale-di-meteora-sito-greco-eccellenza-al-tramonto-con-sole-caldo-che taglia-la-valle\" width=\"870\" height=\"555\" srcset=\"https:\/\/www.tourgreciaclassica.it\/2025\/wp-content\/uploads\/2023\/05\/monasteri-di-meteora-grecia-classica.webp 870w, https:\/\/www.tourgreciaclassica.it\/2025\/wp-content\/uploads\/2023\/05\/monasteri-di-meteora-grecia-classica-300x191.webp 300w, https:\/\/www.tourgreciaclassica.it\/2025\/wp-content\/uploads\/2023\/05\/monasteri-di-meteora-grecia-classica-768x490.webp 768w\" sizes=\"auto, (max-width: 870px) 100vw, 870px\" \/><\/p>\n<p><em>Monasteri in mezzo all&#8217;aria<\/em><\/p>\n<p>&nbsp;<\/p>\n<p>&nbsp;<\/p>\n<h2><span style=\"color: #33cccc;\"><a style=\"color: #33cccc;\" href=\"https:\/\/tourgreciaclassica.it\/viaggi-grecia\/minitour-privato-delfi-e-meteore-da-atene\/\" target=\"_blank\" rel=\"noopener\">\u2192 VAI AL MINI TOUR Delfi &#8211; Meteora<\/a><\/span><\/h2>\n<p>&nbsp;<\/p>\n<p>C\u2019\u00e8 la possibilit\u00e0 di raggiungere <strong>Meteora con un viaggio in treno<\/strong>.<br \/>\n\u00c8 un modo alternativo per attraversare le valli e godere dei paesaggi che si vedono dai finestrini.<\/p>\n<h2><span style=\"color: #33cccc;\"><a style=\"color: #33cccc;\" href=\"https:\/\/tourgreciaclassica.it\/viaggi-grecia\/tour-privato-in-treno-meteore-da-atene\/\" target=\"_blank\" rel=\"noopener\">\u2192 Meteora in treno<\/a><\/span><\/h2>\n<p>&nbsp;<\/p>\n<p>&nbsp;<\/p>\n<hr \/>\n<p>&nbsp;<\/p>\n<p>&nbsp;<\/p>\n<h2 style=\"text-align: center;\">AGGIUNGI UN&#8217;ESCURSIONE<br \/>\nDA ATENE<\/h2>\n<p>&nbsp;<\/p>\n<p>Oltre ai mini tour con cui puoi costruire un <strong>tour personalizzato di Atene e della Grecia Classica<\/strong>, hai la possibilit\u00e0 di scegliere altri abbinamenti possibili.<br \/>\nGrazie alle nostre <strong>escursioni di mezza giornata o intera giornata<\/strong>, puoi aggiungere emozioni al tuo viaggio.<\/p>\n<p>&nbsp;<\/p>\n<h3>Escursione a Capo Sounion<\/h3>\n<p>Una delle mete imperdibili vicino Atene, e che suggeriamo all\u2019interno del tour come escursione facoltativa, \u00e8 certamente <strong>Capo Sounion<\/strong>.<br \/>\nUn vero e proprio gioiellino della <strong><em>Costiera Ateniese<\/em><\/strong> che ci da l\u2019opportunit\u00e0, vista la sua posizione sulla punta meridionale della regione Attica, di attraversare i centri balneari e le spiagge, goderci l\u2019aria marinara, lo sfarfallio di surf e kitesurf, le scintille di luce sull\u2019acqua del Mare Egeo.<br \/>\nLungo il percorso si incontrano 3 stazioni balneari: <em>Glyfada<\/em>, <em>Vouliagmeni<\/em>, <em>Varkiza<\/em>.<br \/>\n<strong>Glyfada<\/strong> \u00e8 elegante e molto trendy, piena di boutique alla moda. <em><strong>Vouliagmeni<\/strong> <\/em>ha un lago con acqua calda, una laguna che mantiene costante una temperatura di 25\u00b0C per tutto l\u2019anno; e infine <em><strong>Varkiza<\/strong> <\/em>una lunga distesa di sabbia soffice, acque cristalline e una vicinanza con Atene che la rende appetibile.<br \/>\n<em>Capo Sounion<\/em> \u00e8, invece, un promontorio: si affaccia aperto al mare, sembra dargli un pugno, anzi. Lo strapiombo \u00e8 quello narrato nella mitologia quando il <strong><em>Re Egeo<\/em><\/strong>, fermo sul ciglio, nel veder tornare la flotta del figlio <em>Teseo<\/em> con le bandiere nere issate, si butt\u00f2 gi\u00f9 in un estremo atto di amore e dolore. Non sapendo che invece Teseo aveva vinto il Minotauro ma aveva dimenticato di issare le vele bianche. Credendolo morto, Egeo non pot\u00e8 fare altro che togliersi la vita. Quel mare, per ricordarlo, porta il suo nome.<\/p>\n<p>&nbsp;<\/p>\n<h4>Il Tempio &#8220;sacro&#8221; di Poseidone<\/h4>\n<p>Il panorama da questa altura \u00e8 bellissimo e la presenza del <strong><em>Tempio di Poseidone<\/em><\/strong> lo rende quasi una terra di confine con il cielo. Straordinaria la sua elevazione, le sue colonne, l\u2019impeto e la forza con cui se ne sta l\u00ec, in piedi, in mezzo alle nuvole.<br \/>\nE, con questo tempio, ti sveliamo il mistero del<strong><em> Triangolo Sacro<\/em><\/strong> di cui ti avevamo accennato parlandoti del Partenone. In effetti i due edifici greci sono strettamente collegati, anzi, vi \u00e8 un terzo tempio che si aggancia a entrambi e si tratta del <strong><em>Tempio di Aphaia<\/em><\/strong>, sull\u2019isola di Aegina.<br \/>\nI tre templi, pare, formino il cosiddetto triangolo sacro, ovvero un triangolo isoscele perfetto, il simbolo della sacramentalit\u00e0 antica.<br \/>\nDal Tempio di Aphaia -quando il cielo \u00e8 limpido- \u00e8 possibile raggiungere con lo sguardo gli altri due.<\/p>\n<p>&nbsp;<\/p>\n<p><img loading=\"lazy\" decoding=\"async\" class=\"wp-image-16080 size-full\" src=\"http:\/\/www.tourgreciaclassica.it\/2025\/wp-content\/uploads\/2022\/03\/capo-sounion-atene-costa-attica9.webp\" alt=\"capo-sounion-atene-costa-attica9\" width=\"870\" height=\"555\" srcset=\"https:\/\/www.tourgreciaclassica.it\/2025\/wp-content\/uploads\/2022\/03\/capo-sounion-atene-costa-attica9.webp 870w, https:\/\/www.tourgreciaclassica.it\/2025\/wp-content\/uploads\/2022\/03\/capo-sounion-atene-costa-attica9-300x191.webp 300w, https:\/\/www.tourgreciaclassica.it\/2025\/wp-content\/uploads\/2022\/03\/capo-sounion-atene-costa-attica9-768x490.webp 768w\" sizes=\"auto, (max-width: 870px) 100vw, 870px\" \/><\/p>\n<p><em>Promontorio di Capo Sounion con il Tempio di Poseidone al tramonto<\/em><\/p>\n<p>&nbsp;<\/p>\n<p>&nbsp;<\/p>\n<h2><span style=\"color: #33cccc;\"><a style=\"color: #33cccc;\" href=\"https:\/\/tourgreciaclassica.it\/viaggi-grecia\/tour-privato-capo-sounion\" target=\"_blank\" rel=\"noopener\">\u2192 Puoi scegliere un\u2019escursione a Capo Sounion di 4 ore<\/a><\/span><\/h2>\n<h2><span style=\"color: #33cccc;\"><a style=\"color: #33cccc;\" href=\"https:\/\/tourgreciaclassica.it\/viaggi-grecia\/tour-privato-da-atene-a-poseidone\/\" target=\"_blank\" rel=\"noopener\">\u2192 Oppure un\u2019escursione di 8 ore<\/a><\/span><\/h2>\n<p>&nbsp;<\/p>\n<hr \/>\n<h3><\/h3>\n<p>&nbsp;<\/p>\n<h3>Elefsina<\/h3>\n<p>L\u2019Antica Eleusi, oggi <strong>Elefsina<\/strong>, era nota per il culto dei <strong><em>Misteri eleusini<\/em><\/strong>, ovvero dei riti di commemorazione quale ringraziamento al Re Trittolemo che aveva ospitato la figlia della Dea Demetra, Kore, dopo il rapimento per mano di Plutone.<br \/>\nAlle due Feste, <em>Mikra Eleusinia<\/em> e <em>Megala Eleusinia<\/em>, arrivavano i fedeli da ogni parte della Grecia per essere iniziati ai riti. Poi il rito, piano piano, venne abbandonato e la citt\u00e0 venne seppellita sotto strati di cemento e costruzioni.<br \/>\nFu riscoperta nell\u2019800 e i lavori di recupero proseguirono fino al 900.<br \/>\nOgni anno vi si svolge -tra Settembre e Ottobre- il <strong><em>Festival di Eschilo <\/em><\/strong>che mette in moto una nuova forma di <em>\u201cpellegrinaggio\u201d<\/em>, quello teatrale, una grande occasione per vivere momenti di svago ma anche di storia.<\/p>\n<p>&nbsp;<\/p>\n<p><a href=\"https:\/\/tourgreciaclassica.it\/viaggi-grecia\/tour-privato-di-mezza-giornata-ad-elefsina-da-atene\/\" target=\"_blank\" rel=\"noopener\"><img loading=\"lazy\" decoding=\"async\" class=\"aligncenter wp-image-20366 size-full\" src=\"http:\/\/www.tourgreciaclassica.it\/2025\/wp-content\/uploads\/2023\/09\/sito-di-elefsina-PHT-Carole-Raddato.webp\" alt=\"sito-archeologico-di-elefsina-con-resti-di-colonne-case-templi\" width=\"870\" height=\"555\" srcset=\"https:\/\/www.tourgreciaclassica.it\/2025\/wp-content\/uploads\/2023\/09\/sito-di-elefsina-PHT-Carole-Raddato.webp 870w, https:\/\/www.tourgreciaclassica.it\/2025\/wp-content\/uploads\/2023\/09\/sito-di-elefsina-PHT-Carole-Raddato-300x191.webp 300w, https:\/\/www.tourgreciaclassica.it\/2025\/wp-content\/uploads\/2023\/09\/sito-di-elefsina-PHT-Carole-Raddato-768x490.webp 768w\" sizes=\"auto, (max-width: 870px) 100vw, 870px\" \/><\/a><\/p>\n<p><em>Sito Archeologico di Elefsina &#8211; Foto: Carole-Raddato<\/em><\/p>\n<p>&nbsp;<\/p>\n<p>&nbsp;<\/p>\n<h2><span style=\"color: #33cccc;\"><a style=\"color: #33cccc;\" href=\"https:\/\/tourgreciaclassica.it\/viaggi-grecia\/tour-privato-di-mezza-giornata-ad-elefsina-da-atene\/\" target=\"_blank\" rel=\"noopener\">\u2192 VAI ALL&#8217;ESCURSIONE A ELEFSINA<\/a><\/span><\/h2>\n<p>&nbsp;<\/p>\n<hr \/>\n<p>&nbsp;<\/p>\n<h3>Maratona, quella corsa che divent\u00f2 storia<\/h3>\n<p>La <strong>citt\u00e0 di Maratona<\/strong>, che si trova a 42, 195 chilometri da Atene, ha dato i natali alla competizione sportiva -diffusasi in tutto il mondo- e anche il nome.<br \/>\nMa perch\u00e9 proprio Maratona?<\/p>\n<p>A correre per interi giorni, un tempo erano i soldati-messaggero a cui veniva affidato il compito di portare importanti missive, scritte o verbali, a destinazione.<br \/>\nIn questo caso, la corsa da Maratona ad Atene entr\u00f2 nella storia.<br \/>\nSi stava svolgendo la <strong><em>Battaglia di Maratona<\/em><\/strong>, i persiani avevano invaso le coste dell\u2019Attica, cos\u00ec <strong><em>Filippide<\/em> <\/strong>-questo il nome del messaggero che avrebbe dovuto correre quel giorno- venne inviato a Sparta per chiedere aiuto, in termini di forze alleate, di uomini.<br \/>\nLui part\u00ec, corse, corse, ma arrivato in citt\u00e0, gli fu comunicato che non avrebbero potuto mandare alcun soldato, ne erano momentaneamente sprovvisti, impiegati altrove.<br \/>\nCos\u00ec ripart\u00ec per comunicare la notizia ma, quando arriv\u00f2, con sua grande meraviglia l\u2019esercito greco aveva compiuto il miracolo: i persiani erano stati battuti. Tuttavia, il suo compito non era terminato. Temendo che ad Atene -pensandosi sconfitti- dessero alle fiamme la citt\u00e0 per non consegnarla al nemico, gli venne chiesto di correre di nuovo e avvisare della vittoria.<br \/>\n<em>Filippide<\/em>, nonostante i chilometri e la fatica sulle gambe, non ci pens\u00f2 due volte, inizi\u00f2 a correre, felice di portare una notizia tanto importante.<br \/>\nCopr\u00ec quei<strong> 42,195 chilometri<\/strong>, arriv\u00f2 stremato, disse solo <em>\u201cabbiamo vinto\u201d<\/em> e poi croll\u00f2 a terra, esanime. La Maratona ovunque si corra porta con s\u00e9 questa storia.<br \/>\nSulla strada per Maratona c\u2019\u00e8 anche una statua che lo rappresenta mentre corre, un simbolo della citt\u00e0.<\/p>\n<p>&nbsp;<\/p>\n<p><img loading=\"lazy\" decoding=\"async\" class=\"aligncenter wp-image-19176 size-full\" src=\"http:\/\/www.tourgreciaclassica.it\/2025\/wp-content\/uploads\/2023\/06\/filippide-a-maratona-atene-grecia-altervista.org_.webp\" alt=\"la-statua-di-filippide-il-primo-maratoneta-di-fianco-sulla-strada-moderni-maratoneti-durante-una-corsa\" width=\"870\" height=\"555\" srcset=\"https:\/\/www.tourgreciaclassica.it\/2025\/wp-content\/uploads\/2023\/06\/filippide-a-maratona-atene-grecia-altervista.org_.webp 870w, https:\/\/www.tourgreciaclassica.it\/2025\/wp-content\/uploads\/2023\/06\/filippide-a-maratona-atene-grecia-altervista.org_-300x191.webp 300w, https:\/\/www.tourgreciaclassica.it\/2025\/wp-content\/uploads\/2023\/06\/filippide-a-maratona-atene-grecia-altervista.org_-768x490.webp 768w\" sizes=\"auto, (max-width: 870px) 100vw, 870px\" \/><\/p>\n<p>Il &#8220;maratoneta&#8221; Filippide<\/p>\n<p>&nbsp;<\/p>\n<p>&nbsp;<\/p>\n<h2><span style=\"color: #33cccc;\"><a style=\"color: #33cccc;\" href=\"https:\/\/tourgreciaclassica.it\/viaggi-grecia\/tour-privato-di-mezza-giornata-a-maratona-da-atene\/\" target=\"_blank\" rel=\"noopener\">\u2192 VAI ALL&#8217;ESCURSIONE A MARATONA<\/a><\/span><\/h2>\n<p>&nbsp;<\/p>\n<p>&nbsp;<\/p>\n<hr \/>\n<p>&nbsp;<\/p>\n<p>&nbsp;<\/p>\n<h3>L&#8217;Antica Corinto, una citt\u00e0 senza pace n\u00e9 lode<\/h3>\n<p>L\u2019<strong>Antica Corinto<\/strong> \u00e8 stata tutto: una potenza marittima nella lega peloponnesica, poi in quella Achea; un capoluogo e poi un sangiaccato, cio\u00e8 un distretto, ma non \u00e8 mai stata Capitale della Grecia, sebbene avesse tutte le carte in regola per esserlo.<br \/>\nSono state le continue depredazioni a impoverirla. Come acquisiva qualcosa che la rendeva potente e viva, subentrava un popolo o l\u2019altro a renderle amara l\u2019esistenza: i Romani, gli Ottomani, i Visigoti, i Normanni, ognuno la occup\u00f2 e le usurp\u00f2 quel che si era conquistata.<br \/>\nFu cos\u00ec per i traffici commerciali, fu cos\u00ec per l\u2019industria manifatturiera della seta e i relativi scambi. Le donne e i bambini venivano venduti come schiavi e la citt\u00e0 subiva gli abusi di vedersi ridotta a subalterna quando avrebbe potuto risplendere di luce propria.<br \/>\nE poi, come se non bastasse, anche le calamit\u00e0 naturali la trafissero, incendi e terremoti la rasero praticamente al suolo, quindi distruzioni e ricostruzioni erano come un ciclo costante di vita-morte-morte-vita.<br \/>\nResta questa lacerazione profonda nel sito archeologico, questi drammi sulle mura scrostate e rubate al tempo. Si pu\u00f2 visitare il Castello e, se ti piacciono i fiori selvatici endemici, il <em><strong>Giardino Botanico di Corinto<\/strong><\/em> che fa parte della rete di conservazione della biodiversit\u00e0 dell\u2019Unione Europea.<\/p>\n<p>&nbsp;<\/p>\n<p><em><img loading=\"lazy\" decoding=\"async\" class=\"aligncenter wp-image-20368 size-full\" src=\"http:\/\/www.tourgreciaclassica.it\/2025\/wp-content\/uploads\/2023\/09\/antica-corinto-di-davide-mauro.webp\" alt=\"resti-di-un-tempio-nella-campagna-dell-antica-corinto-una-montagna-alle-spalle\" width=\"870\" height=\"555\" srcset=\"https:\/\/www.tourgreciaclassica.it\/2025\/wp-content\/uploads\/2023\/09\/antica-corinto-di-davide-mauro.webp 870w, https:\/\/www.tourgreciaclassica.it\/2025\/wp-content\/uploads\/2023\/09\/antica-corinto-di-davide-mauro-300x191.webp 300w, https:\/\/www.tourgreciaclassica.it\/2025\/wp-content\/uploads\/2023\/09\/antica-corinto-di-davide-mauro-768x490.webp 768w\" sizes=\"auto, (max-width: 870px) 100vw, 870px\" \/><\/em><\/p>\n<p><em>Sito Archeologico di Corinto<\/em><\/p>\n<p>&nbsp;<\/p>\n<p>&nbsp;<\/p>\n<h2><span style=\"color: #33cccc;\"><a style=\"color: #33cccc;\" href=\"https:\/\/tourgreciaclassica.it\/viaggi-grecia\/visita-privata-antica-corinto\/\" target=\"_blank\" rel=\"noopener\">\u2192 VAI ALL&#8217;ESCURSIONE ANTICA CORINTO<\/a><\/span><\/h2>\n<p>&nbsp;<\/p>\n<hr \/>\n<p>&nbsp;<\/p>\n<p>&nbsp;<\/p>\n<h2 style=\"text-align: center;\">AGGIUNGI UNA CROCIERA<br \/>\nNEL GOLFO SARONICO<\/h2>\n<p>&nbsp;<\/p>\n<p>Da Atene puoi imbarcarti e visitare le isole Saroniche, sia in giornata con una <span style=\"color: #33cccc;\"><strong><a style=\"color: #33cccc;\" href=\"https:\/\/tourgreciaclassica.it\/viaggi-grecia\/minicrociera-golfo-saronico-con-pranzo\/\" target=\"_blank\" rel=\"noopener\">minicrociera nel Golfo Saronico<\/a><\/strong><\/span> per un vero e proprio <span style=\"color: #33cccc;\"><strong><a style=\"color: #33cccc;\" href=\"https:\/\/tourgreciaclassica.it\/viaggi-grecia\/crociera-in-caicco-isole-saroniche-guida-in-italiano\/\" target=\"_blank\" rel=\"noopener\">tour di 7 giorni in Caicco<\/a><\/strong><\/span> con guida esperta che parla italiano a bordo.<\/p>\n<p><strong>Una curiosit\u00e0:<\/strong> lungo il tragitto per giungere a <em>Epidauro <\/em>si trova una residenza romana nei fondali del golfo, sopra la quale \u00e8 possibile fare il bagno.<br \/>\nLeggi di pi\u00f9 in questo articolo sull&#8217;<span style=\"color: #33cccc;\"><a style=\"color: #33cccc;\" href=\"https:\/\/tourgreciaclassica.it\/citta-sommersa-in-grecia-nuota-dentro-un-sito-archeologico\/\" target=\"_blank\" rel=\"noopener\"><strong>Archeologia Sommersa<\/strong><\/a><\/span>.<\/p>\n","protected":false},"excerpt":{"rendered":"<p>I mini tour e le escursioni che partono da Atene verso la Grecia Classica sono strumenti nelle tue mani per rendere esclusivo il tuo viaggio Vola su Atene, \u00e8 l\u2019occasione giusta per sperimentare quel che ormai \u00e8 una caratteristica della citt\u00e0 pi\u00f9 mitologica della Terra, e cio\u00e8 la sua doppia anima: met\u00e0 antica, aggrappata a&hellip;<\/p>\n","protected":false},"author":1,"featured_media":19193,"comment_status":"closed","ping_status":"open","sticky":false,"template":"","format":"standard","meta":{"_acf_changed":false,"footnotes":""},"categories":[121],"tags":[],"class_list":["post-20342","post","type-post","status-publish","format-standard","has-post-thumbnail","hentry","category-blog","category-121","description-off"],"acf":[],"yoast_head":"<!-- This site is optimized with the Yoast SEO Premium plugin v24.6 (Yoast SEO v24.9) - https:\/\/yoast.com\/wordpress\/plugins\/seo\/ -->\n<title>Da Atene alla Grecia Classica: un viaggio da personalizzare<\/title>\n<meta name=\"description\" content=\"Da Atene alla Grecia Classica con mini tour e escursioni private, un viaggio su misura per scoprire i tesori e i siti greci pi\u00f9 importanti\" \/>\n<meta name=\"robots\" content=\"index, follow, max-snippet:-1, max-image-preview:large, max-video-preview:-1\" \/>\n<link rel=\"canonical\" href=\"https:\/\/www.tourgreciaclassica.it\/2025\/da-atene-alla-grecia-classica-e-meteore-un-viaggio-da-personalizzare\/\" \/>\n<meta property=\"og:locale\" content=\"it_IT\" \/>\n<meta property=\"og:type\" content=\"article\" \/>\n<meta property=\"og:title\" content=\"Da Atene alla Grecia Classica e Meteore, un viaggio da personalizzare\" \/>\n<meta property=\"og:description\" content=\"Da Atene alla Grecia Classica con mini tour e escursioni private, un viaggio su misura per scoprire i tesori e i siti greci pi\u00f9 importanti\" \/>\n<meta property=\"og:url\" content=\"https:\/\/www.tourgreciaclassica.it\/2025\/da-atene-alla-grecia-classica-e-meteore-un-viaggio-da-personalizzare\/\" \/>\n<meta property=\"og:site_name\" content=\"Tour Grecia Classica\" \/>\n<meta property=\"article:publisher\" content=\"https:\/\/www.facebook.com\/TourGreciaclassica.it\" \/>\n<meta property=\"article:published_time\" content=\"2023-09-04T10:56:22+00:00\" \/>\n<meta property=\"og:image\" content=\"https:\/\/www.tourgreciaclassica.it\/2025\/wp-content\/uploads\/2023\/06\/propilei-acropoli-atene.webp\" \/>\n\t<meta property=\"og:image:width\" content=\"870\" \/>\n\t<meta property=\"og:image:height\" content=\"555\" \/>\n\t<meta property=\"og:image:type\" content=\"image\/webp\" \/>\n<meta name=\"author\" content=\"admin\" \/>\n<meta name=\"twitter:card\" content=\"summary_large_image\" \/>\n<meta name=\"twitter:label1\" content=\"Scritto da\" \/>\n\t<meta name=\"twitter:data1\" content=\"admin\" \/>\n\t<meta name=\"twitter:label2\" content=\"Tempo di lettura stimato\" \/>\n\t<meta name=\"twitter:data2\" content=\"37 minuti\" \/>\n<script type=\"application\/ld+json\" class=\"yoast-schema-graph\">{\"@context\":\"https:\/\/schema.org\",\"@graph\":[{\"@type\":\"Article\",\"@id\":\"https:\/\/www.tourgreciaclassica.it\/2025\/da-atene-alla-grecia-classica-e-meteore-un-viaggio-da-personalizzare\/#article\",\"isPartOf\":{\"@id\":\"https:\/\/www.tourgreciaclassica.it\/2025\/da-atene-alla-grecia-classica-e-meteore-un-viaggio-da-personalizzare\/\"},\"author\":{\"name\":\"admin\",\"@id\":\"https:\/\/www.tourgreciaclassica.it\/2025\/#\/schema\/person\/0e3e6b079358c2add1633cedac8d1fd4\"},\"headline\":\"Da Atene alla Grecia Classica e Meteore, un viaggio da personalizzare\",\"datePublished\":\"2023-09-04T10:56:22+00:00\",\"mainEntityOfPage\":{\"@id\":\"https:\/\/www.tourgreciaclassica.it\/2025\/da-atene-alla-grecia-classica-e-meteore-un-viaggio-da-personalizzare\/\"},\"wordCount\":6112,\"publisher\":{\"@id\":\"https:\/\/www.tourgreciaclassica.it\/2025\/#organization\"},\"image\":{\"@id\":\"https:\/\/www.tourgreciaclassica.it\/2025\/da-atene-alla-grecia-classica-e-meteore-un-viaggio-da-personalizzare\/#primaryimage\"},\"thumbnailUrl\":\"https:\/\/www.tourgreciaclassica.it\/2025\/wp-content\/uploads\/2023\/06\/propilei-acropoli-atene.webp\",\"articleSection\":[\"Blog di tourgreciaclassica Racconti di viaggio\"],\"inLanguage\":\"it-IT\"},{\"@type\":\"WebPage\",\"@id\":\"https:\/\/www.tourgreciaclassica.it\/2025\/da-atene-alla-grecia-classica-e-meteore-un-viaggio-da-personalizzare\/\",\"url\":\"https:\/\/www.tourgreciaclassica.it\/2025\/da-atene-alla-grecia-classica-e-meteore-un-viaggio-da-personalizzare\/\",\"name\":\"Da Atene alla Grecia Classica: un viaggio da personalizzare\",\"isPartOf\":{\"@id\":\"https:\/\/www.tourgreciaclassica.it\/2025\/#website\"},\"primaryImageOfPage\":{\"@id\":\"https:\/\/www.tourgreciaclassica.it\/2025\/da-atene-alla-grecia-classica-e-meteore-un-viaggio-da-personalizzare\/#primaryimage\"},\"image\":{\"@id\":\"https:\/\/www.tourgreciaclassica.it\/2025\/da-atene-alla-grecia-classica-e-meteore-un-viaggio-da-personalizzare\/#primaryimage\"},\"thumbnailUrl\":\"https:\/\/www.tourgreciaclassica.it\/2025\/wp-content\/uploads\/2023\/06\/propilei-acropoli-atene.webp\",\"datePublished\":\"2023-09-04T10:56:22+00:00\",\"description\":\"Da Atene alla Grecia Classica con mini tour e escursioni private, un viaggio su misura per scoprire i tesori e i siti greci pi\u00f9 importanti\",\"breadcrumb\":{\"@id\":\"https:\/\/www.tourgreciaclassica.it\/2025\/da-atene-alla-grecia-classica-e-meteore-un-viaggio-da-personalizzare\/#breadcrumb\"},\"inLanguage\":\"it-IT\",\"potentialAction\":[{\"@type\":\"ReadAction\",\"target\":[\"https:\/\/www.tourgreciaclassica.it\/2025\/da-atene-alla-grecia-classica-e-meteore-un-viaggio-da-personalizzare\/\"]}]},{\"@type\":\"ImageObject\",\"inLanguage\":\"it-IT\",\"@id\":\"https:\/\/www.tourgreciaclassica.it\/2025\/da-atene-alla-grecia-classica-e-meteore-un-viaggio-da-personalizzare\/#primaryimage\",\"url\":\"https:\/\/www.tourgreciaclassica.it\/2025\/wp-content\/uploads\/2023\/06\/propilei-acropoli-atene.webp\",\"contentUrl\":\"https:\/\/www.tourgreciaclassica.it\/2025\/wp-content\/uploads\/2023\/06\/propilei-acropoli-atene.webp\",\"width\":870,\"height\":555,\"caption\":\"ingresso-greco-chiamato-propilei-si-vedono-due-colonne-grandi-e-dietro-altre-colonne-con-affaccio-verso-una-montagna\"},{\"@type\":\"BreadcrumbList\",\"@id\":\"https:\/\/www.tourgreciaclassica.it\/2025\/da-atene-alla-grecia-classica-e-meteore-un-viaggio-da-personalizzare\/#breadcrumb\",\"itemListElement\":[{\"@type\":\"ListItem\",\"position\":1,\"name\":\"Home\",\"item\":\"https:\/\/www.tourgreciaclassica.it\/2025\/\"},{\"@type\":\"ListItem\",\"position\":2,\"name\":\"Da Atene alla Grecia Classica e Meteore, un viaggio da personalizzare\"}]},{\"@type\":\"WebSite\",\"@id\":\"https:\/\/www.tourgreciaclassica.it\/2025\/#website\",\"url\":\"https:\/\/www.tourgreciaclassica.it\/2025\/\",\"name\":\"Tour Grecia Classica\",\"description\":\"\",\"publisher\":{\"@id\":\"https:\/\/www.tourgreciaclassica.it\/2025\/#organization\"},\"potentialAction\":[{\"@type\":\"SearchAction\",\"target\":{\"@type\":\"EntryPoint\",\"urlTemplate\":\"https:\/\/www.tourgreciaclassica.it\/2025\/?s={search_term_string}\"},\"query-input\":{\"@type\":\"PropertyValueSpecification\",\"valueRequired\":true,\"valueName\":\"search_term_string\"}}],\"inLanguage\":\"it-IT\"},{\"@type\":\"Organization\",\"@id\":\"https:\/\/www.tourgreciaclassica.it\/2025\/#organization\",\"name\":\"tourgreciaclassica\",\"alternateName\":\"TGC\",\"url\":\"https:\/\/www.tourgreciaclassica.it\/2025\/\",\"logo\":{\"@type\":\"ImageObject\",\"inLanguage\":\"it-IT\",\"@id\":\"https:\/\/www.tourgreciaclassica.it\/2025\/#\/schema\/logo\/image\/\",\"url\":\"http:\/\/www.tourgreciaclassica.it\/2025\/wp-content\/uploads\/2025\/03\/logo-TGC-4-quadrato.jpg\",\"contentUrl\":\"http:\/\/www.tourgreciaclassica.it\/2025\/wp-content\/uploads\/2025\/03\/logo-TGC-4-quadrato.jpg\",\"width\":343,\"height\":343,\"caption\":\"tourgreciaclassica\"},\"image\":{\"@id\":\"https:\/\/www.tourgreciaclassica.it\/2025\/#\/schema\/logo\/image\/\"},\"sameAs\":[\"https:\/\/www.facebook.com\/TourGreciaclassica.it\",\"https:\/\/www.instagram.com\/tourgreciaclassica\/\",\"https:\/\/www.youtube.com\/channel\/UCaOTv7IUY6KfodamHtKWZAg\"],\"description\":\"tourgreciaclassica.it \u00e8 un catalogo di viaggio della ViaggiOggi Su Misura. \u201cSiamo un Tour Operator greco che per caso vive in Italia\u201d questo \u00e8 quello che diciamo sul nostro conto quando ci presentiamo perch\u00e9, di fatto, sin da quando abbiamo iniziato a muovere i primi passi in Grecia, ben 28 anni fa \u2013era il 1992\u2013 ci siamo sentiti parte di quel mare, di quelle isole, di quella gente. In questo catalogo di viaggio vengono presentati i prodotti di punta della ViaggiOggi: tour, mini tour, crociere, escursioni e hotel esclusivi in Grecia. ViaggiOggi nasce in Grecia e nel tempo aggiunge altre linee di prodotto quali Spagna, Portogallo e Nord Europa per crescere e per incontrare la richiesta di pi\u00f9 clienti.\",\"email\":\"info@tourgreciaclassica.it\",\"telephone\":\"+39 06 489 03 604\"},{\"@type\":\"Person\",\"@id\":\"https:\/\/www.tourgreciaclassica.it\/2025\/#\/schema\/person\/0e3e6b079358c2add1633cedac8d1fd4\",\"name\":\"admin\",\"image\":{\"@type\":\"ImageObject\",\"inLanguage\":\"it-IT\",\"@id\":\"https:\/\/www.tourgreciaclassica.it\/2025\/#\/schema\/person\/image\/\",\"url\":\"https:\/\/secure.gravatar.com\/avatar\/ddad26e070a000bd5b73c44a445bcbca0db0ca868994a3d87bb6789af93258a0?s=96&d=blank&r=g\",\"contentUrl\":\"https:\/\/secure.gravatar.com\/avatar\/ddad26e070a000bd5b73c44a445bcbca0db0ca868994a3d87bb6789af93258a0?s=96&d=blank&r=g\",\"caption\":\"admin\"},\"sameAs\":[\"http:\/\/www.tourgreciaclassica.it\/2025\"]}]}<\/script>\n<!-- \/ Yoast SEO Premium plugin. -->","yoast_head_json":{"title":"Da Atene alla Grecia Classica: un viaggio da personalizzare","description":"Da Atene alla Grecia Classica con mini tour e escursioni private, un viaggio su misura per scoprire i tesori e i siti greci pi\u00f9 importanti","robots":{"index":"index","follow":"follow","max-snippet":"max-snippet:-1","max-image-preview":"max-image-preview:large","max-video-preview":"max-video-preview:-1"},"canonical":"https:\/\/www.tourgreciaclassica.it\/2025\/da-atene-alla-grecia-classica-e-meteore-un-viaggio-da-personalizzare\/","og_locale":"it_IT","og_type":"article","og_title":"Da Atene alla Grecia Classica e Meteore, un viaggio da personalizzare","og_description":"Da Atene alla Grecia Classica con mini tour e escursioni private, un viaggio su misura per scoprire i tesori e i siti greci pi\u00f9 importanti","og_url":"https:\/\/www.tourgreciaclassica.it\/2025\/da-atene-alla-grecia-classica-e-meteore-un-viaggio-da-personalizzare\/","og_site_name":"Tour Grecia Classica","article_publisher":"https:\/\/www.facebook.com\/TourGreciaclassica.it","article_published_time":"2023-09-04T10:56:22+00:00","og_image":[{"width":870,"height":555,"url":"https:\/\/www.tourgreciaclassica.it\/2025\/wp-content\/uploads\/2023\/06\/propilei-acropoli-atene.webp","type":"image\/webp"}],"author":"admin","twitter_card":"summary_large_image","twitter_misc":{"Scritto da":"admin","Tempo di lettura stimato":"37 minuti"},"schema":{"@context":"https:\/\/schema.org","@graph":[{"@type":"Article","@id":"https:\/\/www.tourgreciaclassica.it\/2025\/da-atene-alla-grecia-classica-e-meteore-un-viaggio-da-personalizzare\/#article","isPartOf":{"@id":"https:\/\/www.tourgreciaclassica.it\/2025\/da-atene-alla-grecia-classica-e-meteore-un-viaggio-da-personalizzare\/"},"author":{"name":"admin","@id":"https:\/\/www.tourgreciaclassica.it\/2025\/#\/schema\/person\/0e3e6b079358c2add1633cedac8d1fd4"},"headline":"Da Atene alla Grecia Classica e Meteore, un viaggio da personalizzare","datePublished":"2023-09-04T10:56:22+00:00","mainEntityOfPage":{"@id":"https:\/\/www.tourgreciaclassica.it\/2025\/da-atene-alla-grecia-classica-e-meteore-un-viaggio-da-personalizzare\/"},"wordCount":6112,"publisher":{"@id":"https:\/\/www.tourgreciaclassica.it\/2025\/#organization"},"image":{"@id":"https:\/\/www.tourgreciaclassica.it\/2025\/da-atene-alla-grecia-classica-e-meteore-un-viaggio-da-personalizzare\/#primaryimage"},"thumbnailUrl":"https:\/\/www.tourgreciaclassica.it\/2025\/wp-content\/uploads\/2023\/06\/propilei-acropoli-atene.webp","articleSection":["Blog di tourgreciaclassica Racconti di viaggio"],"inLanguage":"it-IT"},{"@type":"WebPage","@id":"https:\/\/www.tourgreciaclassica.it\/2025\/da-atene-alla-grecia-classica-e-meteore-un-viaggio-da-personalizzare\/","url":"https:\/\/www.tourgreciaclassica.it\/2025\/da-atene-alla-grecia-classica-e-meteore-un-viaggio-da-personalizzare\/","name":"Da Atene alla Grecia Classica: un viaggio da personalizzare","isPartOf":{"@id":"https:\/\/www.tourgreciaclassica.it\/2025\/#website"},"primaryImageOfPage":{"@id":"https:\/\/www.tourgreciaclassica.it\/2025\/da-atene-alla-grecia-classica-e-meteore-un-viaggio-da-personalizzare\/#primaryimage"},"image":{"@id":"https:\/\/www.tourgreciaclassica.it\/2025\/da-atene-alla-grecia-classica-e-meteore-un-viaggio-da-personalizzare\/#primaryimage"},"thumbnailUrl":"https:\/\/www.tourgreciaclassica.it\/2025\/wp-content\/uploads\/2023\/06\/propilei-acropoli-atene.webp","datePublished":"2023-09-04T10:56:22+00:00","description":"Da Atene alla Grecia Classica con mini tour e escursioni private, un viaggio su misura per scoprire i tesori e i siti greci pi\u00f9 importanti","breadcrumb":{"@id":"https:\/\/www.tourgreciaclassica.it\/2025\/da-atene-alla-grecia-classica-e-meteore-un-viaggio-da-personalizzare\/#breadcrumb"},"inLanguage":"it-IT","potentialAction":[{"@type":"ReadAction","target":["https:\/\/www.tourgreciaclassica.it\/2025\/da-atene-alla-grecia-classica-e-meteore-un-viaggio-da-personalizzare\/"]}]},{"@type":"ImageObject","inLanguage":"it-IT","@id":"https:\/\/www.tourgreciaclassica.it\/2025\/da-atene-alla-grecia-classica-e-meteore-un-viaggio-da-personalizzare\/#primaryimage","url":"https:\/\/www.tourgreciaclassica.it\/2025\/wp-content\/uploads\/2023\/06\/propilei-acropoli-atene.webp","contentUrl":"https:\/\/www.tourgreciaclassica.it\/2025\/wp-content\/uploads\/2023\/06\/propilei-acropoli-atene.webp","width":870,"height":555,"caption":"ingresso-greco-chiamato-propilei-si-vedono-due-colonne-grandi-e-dietro-altre-colonne-con-affaccio-verso-una-montagna"},{"@type":"BreadcrumbList","@id":"https:\/\/www.tourgreciaclassica.it\/2025\/da-atene-alla-grecia-classica-e-meteore-un-viaggio-da-personalizzare\/#breadcrumb","itemListElement":[{"@type":"ListItem","position":1,"name":"Home","item":"https:\/\/www.tourgreciaclassica.it\/2025\/"},{"@type":"ListItem","position":2,"name":"Da Atene alla Grecia Classica e Meteore, un viaggio da personalizzare"}]},{"@type":"WebSite","@id":"https:\/\/www.tourgreciaclassica.it\/2025\/#website","url":"https:\/\/www.tourgreciaclassica.it\/2025\/","name":"Tour Grecia Classica","description":"","publisher":{"@id":"https:\/\/www.tourgreciaclassica.it\/2025\/#organization"},"potentialAction":[{"@type":"SearchAction","target":{"@type":"EntryPoint","urlTemplate":"https:\/\/www.tourgreciaclassica.it\/2025\/?s={search_term_string}"},"query-input":{"@type":"PropertyValueSpecification","valueRequired":true,"valueName":"search_term_string"}}],"inLanguage":"it-IT"},{"@type":"Organization","@id":"https:\/\/www.tourgreciaclassica.it\/2025\/#organization","name":"tourgreciaclassica","alternateName":"TGC","url":"https:\/\/www.tourgreciaclassica.it\/2025\/","logo":{"@type":"ImageObject","inLanguage":"it-IT","@id":"https:\/\/www.tourgreciaclassica.it\/2025\/#\/schema\/logo\/image\/","url":"http:\/\/www.tourgreciaclassica.it\/2025\/wp-content\/uploads\/2025\/03\/logo-TGC-4-quadrato.jpg","contentUrl":"http:\/\/www.tourgreciaclassica.it\/2025\/wp-content\/uploads\/2025\/03\/logo-TGC-4-quadrato.jpg","width":343,"height":343,"caption":"tourgreciaclassica"},"image":{"@id":"https:\/\/www.tourgreciaclassica.it\/2025\/#\/schema\/logo\/image\/"},"sameAs":["https:\/\/www.facebook.com\/TourGreciaclassica.it","https:\/\/www.instagram.com\/tourgreciaclassica\/","https:\/\/www.youtube.com\/channel\/UCaOTv7IUY6KfodamHtKWZAg"],"description":"tourgreciaclassica.it \u00e8 un catalogo di viaggio della ViaggiOggi Su Misura. \u201cSiamo un Tour Operator greco che per caso vive in Italia\u201d questo \u00e8 quello che diciamo sul nostro conto quando ci presentiamo perch\u00e9, di fatto, sin da quando abbiamo iniziato a muovere i primi passi in Grecia, ben 28 anni fa \u2013era il 1992\u2013 ci siamo sentiti parte di quel mare, di quelle isole, di quella gente. In questo catalogo di viaggio vengono presentati i prodotti di punta della ViaggiOggi: tour, mini tour, crociere, escursioni e hotel esclusivi in Grecia. ViaggiOggi nasce in Grecia e nel tempo aggiunge altre linee di prodotto quali Spagna, Portogallo e Nord Europa per crescere e per incontrare la richiesta di pi\u00f9 clienti.","email":"info@tourgreciaclassica.it","telephone":"+39 06 489 03 604"},{"@type":"Person","@id":"https:\/\/www.tourgreciaclassica.it\/2025\/#\/schema\/person\/0e3e6b079358c2add1633cedac8d1fd4","name":"admin","image":{"@type":"ImageObject","inLanguage":"it-IT","@id":"https:\/\/www.tourgreciaclassica.it\/2025\/#\/schema\/person\/image\/","url":"https:\/\/secure.gravatar.com\/avatar\/ddad26e070a000bd5b73c44a445bcbca0db0ca868994a3d87bb6789af93258a0?s=96&d=blank&r=g","contentUrl":"https:\/\/secure.gravatar.com\/avatar\/ddad26e070a000bd5b73c44a445bcbca0db0ca868994a3d87bb6789af93258a0?s=96&d=blank&r=g","caption":"admin"},"sameAs":["http:\/\/www.tourgreciaclassica.it\/2025"]}]}},"_links":{"self":[{"href":"https:\/\/www.tourgreciaclassica.it\/2025\/wp-json\/wp\/v2\/posts\/20342","targetHints":{"allow":["GET"]}}],"collection":[{"href":"https:\/\/www.tourgreciaclassica.it\/2025\/wp-json\/wp\/v2\/posts"}],"about":[{"href":"https:\/\/www.tourgreciaclassica.it\/2025\/wp-json\/wp\/v2\/types\/post"}],"author":[{"embeddable":true,"href":"https:\/\/www.tourgreciaclassica.it\/2025\/wp-json\/wp\/v2\/users\/1"}],"replies":[{"embeddable":true,"href":"https:\/\/www.tourgreciaclassica.it\/2025\/wp-json\/wp\/v2\/comments?post=20342"}],"version-history":[{"count":0,"href":"https:\/\/www.tourgreciaclassica.it\/2025\/wp-json\/wp\/v2\/posts\/20342\/revisions"}],"wp:featuredmedia":[{"embeddable":true,"href":"https:\/\/www.tourgreciaclassica.it\/2025\/wp-json\/wp\/v2\/media\/19193"}],"wp:attachment":[{"href":"https:\/\/www.tourgreciaclassica.it\/2025\/wp-json\/wp\/v2\/media?parent=20342"}],"wp:term":[{"taxonomy":"category","embeddable":true,"href":"https:\/\/www.tourgreciaclassica.it\/2025\/wp-json\/wp\/v2\/categories?post=20342"},{"taxonomy":"post_tag","embeddable":true,"href":"https:\/\/www.tourgreciaclassica.it\/2025\/wp-json\/wp\/v2\/tags?post=20342"}],"curies":[{"name":"wp","href":"https:\/\/api.w.org\/{rel}","templated":true}]}}