{"id":20283,"date":"2023-08-29T13:56:01","date_gmt":"2023-08-29T11:56:01","guid":{"rendered":"https:\/\/tourgreciaclassica.it\/?p=20283"},"modified":"2023-08-29T13:56:01","modified_gmt":"2023-08-29T11:56:01","slug":"grecia-su-misura-da-salonicco-la-grecia-del-nord","status":"publish","type":"post","link":"https:\/\/www.tourgreciaclassica.it\/2025\/grecia-su-misura-da-salonicco-la-grecia-del-nord\/","title":{"rendered":"Grecia su misura: Salonicco + Grecia del Nord"},"content":{"rendered":"<h1>La tua <strong>Grecia su misura<\/strong>, costruita mini tour su mini tour, escursione su escursione, sar\u00e0 perfetta per farti vivere ogni momento in modo esclusivo<\/h1>\n<p><strong>Vola su Salonicco<\/strong>, \u00e8 l\u2019occasione giusta per aggiungere un\u2019esperienza \u201cgastronomica\u201d di pura eccellenza al tuo viaggio.<\/p>\n<h2>Un week end a Salonicco<\/h2>\n<p>Partiamo da un <strong>City Break di Salonicco<\/strong>, un week end di 3 giorni, per scoprire alcuni tesori della citt\u00e0.<br \/>\nSalonicco ha 15 siti Patrimonio Unesco, pi\u00f9 un 16\u00b0 che per\u00f2 \u00e8 immateriale, cio\u00e8 riguarda la cultura del cibo, il modo di cucinarlo, di portarlo sulle tavole greche.\u00a0 Salonicco si \u00e8 sapientemente ritagliato negli anni questo ruolo e ci porta a scoprire i gusti e i colori della cucina tessalonichese. Tra l&#8217;altro, \u00e8 la prima e unica citt\u00e0 in Grecia ad essere entrata nella lista delle <strong><em>Citt\u00e0 Creative per la Gastronomia<\/em><\/strong>, vantando dunque un&#8217;offerta di alto livello ad ogni angolo della citt\u00e0. Puoi sbizzarrirti con le pietanze, c&#8217;\u00e8 da scoprire un mondo!<\/p>\n<h2><img loading=\"lazy\" decoding=\"async\" class=\"aligncenter wp-image-20078 size-full\" src=\"http:\/\/www.tourgreciaclassica.it\/2025\/wp-content\/uploads\/2023\/08\/ouzou-melathron-salonicco-citta-creativa-gastronomica-unesco.webp\" alt=\"collage-di-foto-di-piatti-tipici-di-salonicco-e-la-porta-dell-ouzeria-ouzou-melathron\" width=\"900\" height=\"555\" srcset=\"https:\/\/www.tourgreciaclassica.it\/2025\/wp-content\/uploads\/2023\/08\/ouzou-melathron-salonicco-citta-creativa-gastronomica-unesco.webp 900w, https:\/\/www.tourgreciaclassica.it\/2025\/wp-content\/uploads\/2023\/08\/ouzou-melathron-salonicco-citta-creativa-gastronomica-unesco-300x185.webp 300w, https:\/\/www.tourgreciaclassica.it\/2025\/wp-content\/uploads\/2023\/08\/ouzou-melathron-salonicco-citta-creativa-gastronomica-unesco-768x474.webp 768w\" sizes=\"auto, (max-width: 900px) 100vw, 900px\" \/><\/h2>\n<h2><\/h2>\n<h2><\/h2>\n<h2 style=\"text-align: center;\"><span style=\"color: #000000;\">CITY BREAK DI SALONICCO<\/span><\/h2>\n<p>&nbsp;<\/p>\n<h3>Chiesa di Agios Dimitrios<\/h3>\n<p>La <em><strong>Chiesa bizantina di Agios Dimitrios <\/strong><\/em>\u00e8 un luogo di culto e di martirio, uno di quei siti di Salonicco che -in mezzo all\u2019urbanit\u00e0 moderna- ha preservato tutta la sua storia e fascino.<br \/>\nSan Demetrio venne perseguitato per la sua attivit\u00e0 di discepolo di Dio e ucciso in un vecchio bagno pubblico, proprio dove oggi si trova la chiesa. I discepoli, senza essere visti, lo raccolsero e lo seppellirono sul luogo del martirio, e solo quando il Cristianesimo si afferm\u00f2, intorno a quelle spoglie, crebbe una cripta.<br \/>\nNel 1917 il grande terremoto che colp\u00ec Salonicco ridusse quasi a scheletro la Chiesa che, per essere riportata agli ornamenti originali, fu sottoposta a restauro per ben 31 anni prima di rivedere la luce.<\/p>\n<p>&nbsp;<\/p>\n<h3><img loading=\"lazy\" decoding=\"async\" class=\"aligncenter wp-image-20298 size-full\" src=\"http:\/\/www.tourgreciaclassica.it\/2025\/wp-content\/uploads\/2023\/08\/san-demetrio-salonicco-chiesa-agios-dimitrios-thessaloniki-da-visitare-in-un-city-tour-della-citta.webp\" alt=\"interno-della-chiesa-di-san-demetrio-a-salonicco-con-navata-centrale-che-culmina-nella-nicchia-centrale-con-lunetta-istoriata-in-alto-le-pareti-laterali-sono-bianche-con-colonnato\" width=\"870\" height=\"555\" srcset=\"https:\/\/www.tourgreciaclassica.it\/2025\/wp-content\/uploads\/2023\/08\/san-demetrio-salonicco-chiesa-agios-dimitrios-thessaloniki-da-visitare-in-un-city-tour-della-citta.webp 870w, https:\/\/www.tourgreciaclassica.it\/2025\/wp-content\/uploads\/2023\/08\/san-demetrio-salonicco-chiesa-agios-dimitrios-thessaloniki-da-visitare-in-un-city-tour-della-citta-300x191.webp 300w, https:\/\/www.tourgreciaclassica.it\/2025\/wp-content\/uploads\/2023\/08\/san-demetrio-salonicco-chiesa-agios-dimitrios-thessaloniki-da-visitare-in-un-city-tour-della-citta-768x490.webp 768w\" sizes=\"auto, (max-width: 870px) 100vw, 870px\" \/><\/h3>\n<p><em>Interno chiesa di San Demetrio a Salonicco<\/em><\/p>\n<p>&nbsp;<\/p>\n<h3>Torre Bianca<\/h3>\n<p>Salonicco presenta diversi punti simbolo tra cui la famosa <strong>Torre Bianca<\/strong>, un elemento architettonico sul lungomare che \u00e8 stata sia teatro di nefasti avvenimenti e torture, che il punto di ripartenza dopo la liberazione. Si dice che le stanze all\u2019interno fossero rosse di sangue tanto erano crudeli gli ottomani e, forse, proprio per questo, un uomo, al momento della liberazione la purific\u00f2 con calce bianca, dandole presto il soprannome.<\/p>\n<p>&nbsp;<\/p>\n<p><img loading=\"lazy\" decoding=\"async\" class=\"aligncenter wp-image-20044 size-full\" src=\"http:\/\/www.tourgreciaclassica.it\/2025\/wp-content\/uploads\/2023\/08\/torre-bianca-salonicco-grecia-del-nord.webp\" alt=\"particolare-della-torre-bianca-di-salonicco-la-merlatura-in-alto-e-la-bandiera-greca-che-sventola-alta-in-cima\" width=\"875\" height=\"555\" srcset=\"https:\/\/www.tourgreciaclassica.it\/2025\/wp-content\/uploads\/2023\/08\/torre-bianca-salonicco-grecia-del-nord.webp 875w, https:\/\/www.tourgreciaclassica.it\/2025\/wp-content\/uploads\/2023\/08\/torre-bianca-salonicco-grecia-del-nord-300x190.webp 300w, https:\/\/www.tourgreciaclassica.it\/2025\/wp-content\/uploads\/2023\/08\/torre-bianca-salonicco-grecia-del-nord-768x487.webp 768w\" sizes=\"auto, (max-width: 875px) 100vw, 875px\" \/><\/p>\n<p><em>Torre Bianca, simbolo della liberazione\u00a0<\/em><\/p>\n<p>&nbsp;<\/p>\n<h3>Piazza Aristotelou<\/h3>\n<p>Per abbracciare l\u2019energia di questa capitale poliedrica, invece, bisogna raggiungere la <strong><em>Piazza Aristotelou<\/em><\/strong>, uno spazio che si allarga direttamente sul mare, aperto, saggio -dato anche il nome che porta-\u00a0 un luogo molto elegante, con i bar all\u2019aperto e gli edifici sobri. Se vuoi ottenere un po&#8217; di quella saggezza siediti di fianco alla statua dedicata al sommo Aristotele e sfrega la punta del suo piede, tutti gli studenti universitari lo hanno fatto almeno una volta durante il loro percorso accademico.<br \/>\nAd attirare l\u2019attenzione nella piazza sono le facciate concave di due palazzi in cui sono ospitati l\u2019<strong><em>Electra Palace Hotel<\/em><\/strong> e il <strong><em>Cinema Olympion<\/em><\/strong>.<br \/>\nEntrambi giocano un ruolo di grande centralit\u00e0: il primo sicuramente grazie al ristorante sui tetti di Salonicco, l\u2019<em>Orizontes Roof Garden<\/em>, ottimo per una cena romantica; il secondo perch\u00e9 ospita il <em>Festival del Cinema di Salonicco<\/em>, uno degli eventi pi\u00f9 importanti dell\u2019intera Grecia del Nord.<\/p>\n<p>&nbsp;<\/p>\n<h3><img loading=\"lazy\" decoding=\"async\" class=\"aligncenter wp-image-20039 size-full\" src=\"http:\/\/www.tourgreciaclassica.it\/2025\/wp-content\/uploads\/2023\/08\/electra-palace-hotel-salonicco-piazza-aristotelou.webp\" alt=\"facciata-concava-del-electra-palace-hotel-di-salonicco-con-davanti-la-piazza-aristotelou\" width=\"870\" height=\"555\" srcset=\"https:\/\/www.tourgreciaclassica.it\/2025\/wp-content\/uploads\/2023\/08\/electra-palace-hotel-salonicco-piazza-aristotelou.webp 870w, https:\/\/www.tourgreciaclassica.it\/2025\/wp-content\/uploads\/2023\/08\/electra-palace-hotel-salonicco-piazza-aristotelou-300x191.webp 300w, https:\/\/www.tourgreciaclassica.it\/2025\/wp-content\/uploads\/2023\/08\/electra-palace-hotel-salonicco-piazza-aristotelou-768x490.webp 768w\" sizes=\"auto, (max-width: 870px) 100vw, 870px\" \/><\/h3>\n<p><em>Facciata concava dell&#8217;Electra Palace Hotel<\/em><\/p>\n<p>&nbsp;<\/p>\n<h3>Museo Archeologico di Salonicco<\/h3>\n<p>Infine per approfondire la storia c\u2019\u00e8 il <strong><em>Museo Archeologico di Salonicco<\/em><\/strong>. Qui sono raccolti capolavori unici dell\u2019arte greca antica, dalla preistoria alla tarda antichit\u00e0. Tra cui l\u2019Oro dei Macedoni e anche e una mostra all\u2019aperto dei monumenti in pietra.<\/p>\n<p><img loading=\"lazy\" decoding=\"async\" class=\"aligncenter wp-image-20285 size-full\" src=\"http:\/\/www.tourgreciaclassica.it\/2025\/wp-content\/uploads\/2023\/08\/museo-archeologico-di-salonicco-tesori-d-oro.webp\" alt=\"tre-immagini-che-raffigurano-elementi-d-oro-della-collezione-nel-museo-di-salonicco\" width=\"900\" height=\"555\" srcset=\"https:\/\/www.tourgreciaclassica.it\/2025\/wp-content\/uploads\/2023\/08\/museo-archeologico-di-salonicco-tesori-d-oro.webp 900w, https:\/\/www.tourgreciaclassica.it\/2025\/wp-content\/uploads\/2023\/08\/museo-archeologico-di-salonicco-tesori-d-oro-300x185.webp 300w, https:\/\/www.tourgreciaclassica.it\/2025\/wp-content\/uploads\/2023\/08\/museo-archeologico-di-salonicco-tesori-d-oro-768x474.webp 768w\" sizes=\"auto, (max-width: 900px) 100vw, 900px\" \/><\/p>\n<p>&nbsp;<\/p>\n<p>&nbsp;<\/p>\n<h3>Tempo libero a Salonicco? Costruisci la tua Grecia su misura<\/h3>\n<p>Per il tuo tempo libero ti possiamo suggerire delle mete che ti raccontano diverse facce di questa citt\u00e0.<\/p>\n<p>Durante il tuo <em>City Break a Salonicco<\/em> potresti visitare:<\/p>\n<ul>\n<li>La <em><strong>Rotonda di Galerio<\/strong><\/em> che si presume essere il luogo pi\u00f9 antico al mondo<\/li>\n<li>Il <strong><em>Museo delle Avanguardie russe<\/em><\/strong> che raccoglie la collezione <em>Costakis<\/em>, un tesoro inestimabile sottratto alla distruzione.<\/li>\n<li>Il <em><strong>Quartiere Ladadika<\/strong><\/em>, sul lungomare, un posto incredibile riscattato dall\u2019abbandono, i cui ex magazzini sono stati ristrutturati e riconvertiti a bar, taverne, ristoranti e negozi. Un posto in cui mangiare divinamente.<\/li>\n<li>L\u2019opera moderna <strong><em>Gli Ombrelli<\/em><\/strong>, un\u2019istallazione permanente che riprende il flusso di un elemento spesso utilizzato lungo le strade, in aria, durante festival o eventi folkloristici. In questo caso l\u2019artista, <em>Georgios Zongolopoulos<\/em>, li ha fissati e pensati con un colore neutro-grigio trasparente cos\u00ec che, standoci sotto, \u00e8 possibile assistere ai suoi cambiamenti di tonalit\u00e0 in base ai vari mood del cielo. Sono bellissimi al tramonto.<\/li>\n<li>La <strong>Statua di Alessandro Magno<\/strong>, posta su una base alta e quadrata, \u00e8 un monumento che ricorda il grande condottiero che fece delle terre a nord della Grecia il grande Regno di Macedonia.<\/li>\n<li>Oppure potresti dedicarti al <em><strong>Castello Eptapyrgio<\/strong> <\/em>e alla <strong><em>Torre Trigonion<\/em><\/strong> per godere appieno di una magnifica vista della citt\u00e0 dall\u2019alto.<\/li>\n<\/ul>\n<h3><span style=\"color: #33cccc;\">\u2193\u00a0\u00a0 <a style=\"color: #33cccc;\" href=\"https:\/\/viaggioggi.it\/catalogo\/city-break-Salonicco-miniguida.pdf\" target=\"_blank\" rel=\"noopener\">scarica il pdf del nostro City Break di Salonicco<\/a>\u00a0<\/span><\/h3>\n<h2><img loading=\"lazy\" decoding=\"async\" class=\"aligncenter wp-image-20160 size-full\" src=\"http:\/\/www.tourgreciaclassica.it\/2025\/wp-content\/uploads\/2023\/08\/gli-ombrelli-istallazione-sul-lungomare-di-salonicco-simbolo-di-contemporaneita.webp\" alt=\"una sfilza di ombrellini trasparenti sono fissati a delle aste verticali, dieto un tramonto violaceo rosato\" width=\"870\" height=\"555\" srcset=\"https:\/\/www.tourgreciaclassica.it\/2025\/wp-content\/uploads\/2023\/08\/gli-ombrelli-istallazione-sul-lungomare-di-salonicco-simbolo-di-contemporaneita.webp 870w, https:\/\/www.tourgreciaclassica.it\/2025\/wp-content\/uploads\/2023\/08\/gli-ombrelli-istallazione-sul-lungomare-di-salonicco-simbolo-di-contemporaneita-300x191.webp 300w, https:\/\/www.tourgreciaclassica.it\/2025\/wp-content\/uploads\/2023\/08\/gli-ombrelli-istallazione-sul-lungomare-di-salonicco-simbolo-di-contemporaneita-768x490.webp 768w\" sizes=\"auto, (max-width: 870px) 100vw, 870px\" \/><\/h2>\n<p><em>Gli Ombrelli di Zongolopoulos<\/em><\/p>\n<p>&nbsp;<\/p>\n<hr \/>\n<p>&nbsp;<\/p>\n<p>&nbsp;<\/p>\n<h2 style=\"text-align: center;\"><span style=\"color: #000000;\">AGGIUNGI UN MINI TOUR PRIVATO<br \/>\n<\/span><\/h2>\n<p>A questo breve itinerario di tre giorni possiamo aggiungere un <strong>mini tour nei dintorni di Salonicco<\/strong>. Abbiamo diverse proposte quindi scopri cosa ti piace di pi\u00f9:<\/p>\n<p>&nbsp;<\/p>\n<p>1.\u00a0\u00a0\u00a0\u00a0\u00a0 <strong>Salonicco &#8211; Monasteri di Meteora e Vergina<\/strong><\/p>\n<p>2.\u00a0\u00a0\u00a0\u00a0\u00a0<strong> Salonicco &#8211; Pella &#8211; Vergina<\/strong><\/p>\n<p>3.\u00a0\u00a0\u00a0\u00a0\u00a0 <strong>Salonicco &#8211; Monte Olympo \u2013 Dion<\/strong><\/p>\n<p>4.\u00a0\u00a0\u00a0\u00a0\u00a0 <strong>Salonicco \u2013 Pella \u2013 Vergina \u2013 Monte Olympo \u2013 Dion<\/strong><\/p>\n<p>&nbsp;<\/p>\n<p>Altrimenti puoi optare per un <strong>Tour di 7 giorni della Grecia del Nord<\/strong> che tocchi:<\/p>\n<p><strong>Salonicco \u2013 Pella \u2013 Vergina \u2013 Anfipoli \u2013 Filippi \u2013 Kavala &#8211; Dion \u2013 Monte Olympo<\/strong><\/p>\n<p>&nbsp;<\/p>\n<h3>Guida che parla italiano<\/h3>\n<p>Ricorda sempre che tutti i tour, mini tour ed escursioni hanno le <strong>visite guidate<\/strong> ai luoghi di interesse storico e culturale: una <strong>guida che parla italiano<\/strong> sar\u00e0 a tua disposizione per raccontarti al meglio la tua esperienza in loco.<\/p>\n<p>&nbsp;<\/p>\n<h3>Auto privata con o senza autista<\/h3>\n<p>E non dimenticare che disponiamo di <strong>tour privati<\/strong> che puoi gestire in autonomia <strong>noleggiando semplicemente un&#8217;auto<\/strong>, oppure <strong>tour con<\/strong> <strong>autista privato<\/strong> che ti porta nei luoghi previsti dall&#8217;itinerario.<\/p>\n<p>&nbsp;<\/p>\n<p><img loading=\"lazy\" decoding=\"async\" class=\"aligncenter wp-image-20299 size-full\" src=\"http:\/\/www.tourgreciaclassica.it\/2025\/wp-content\/uploads\/2023\/08\/tour-privati-con-guida-in-italiano-e-noleggio-auto-in-grecia.webp\" alt=\"una-mappa-che-indica-il-museo-archeologico-di-salonicco-due-guide-che-parlano-italiano-davanti-alla-mappa-disegnate-in-tailleur-nero-e-di-fianco-fotografati-dall-alto-una-famiglia-con-figli-a-bordo-di-un-auto-a-noleggio\" width=\"900\" height=\"555\" srcset=\"https:\/\/www.tourgreciaclassica.it\/2025\/wp-content\/uploads\/2023\/08\/tour-privati-con-guida-in-italiano-e-noleggio-auto-in-grecia.webp 900w, https:\/\/www.tourgreciaclassica.it\/2025\/wp-content\/uploads\/2023\/08\/tour-privati-con-guida-in-italiano-e-noleggio-auto-in-grecia-300x185.webp 300w, https:\/\/www.tourgreciaclassica.it\/2025\/wp-content\/uploads\/2023\/08\/tour-privati-con-guida-in-italiano-e-noleggio-auto-in-grecia-768x474.webp 768w\" sizes=\"auto, (max-width: 900px) 100vw, 900px\" \/><\/p>\n<p><em>I nostri tour su misura e privati con guida in italiano e noleggio auto<\/em><\/p>\n<p>&nbsp;<\/p>\n<h2 style=\"text-align: center;\"><span style=\"color: #000000;\">MINI TOUR GRECIA DEL NORD DA SALONICCO<\/span><\/h2>\n<p>&nbsp;<\/p>\n<h3>I monasteri di Meteora<\/h3>\n<p><strong>Meteora <\/strong>\u00e8 un sito spirituale religioso che nasce da due componenti: l\u2019erosione dell\u2019acqua -che un tempo languiva nella valle e che poi si \u00e8 ritirata-, e l\u2019opera dei monaci atoniti che con grande precisione e caparbiet\u00e0 costruirono in cima alle colonne di roccia, i monasteri.<br \/>\nVentiquattro, per la precisione, di cui oggi solo 6 sono visitabili. I <strong><em>Monasteri di Meteora<\/em><\/strong> si raggiungono a piedi quindi \u00e8 importante vestirsi comodi e con scarpe da trekking.<br \/>\nNon sono percorsi difficili ma comunque in salita, quindi impegnativi a livello fisico. Sono aperti in giorni diversi pertanto non \u00e8 possibile visitarli tutti insieme. Meglio assicurarsi prima quali sono quelli aperti nelle giornate in cui si arriva a <em>Kalambaka<\/em>.<\/p>\n<h3>Vergina<\/h3>\n<p>Il sito di <strong>Vergina<\/strong> \u00e8 stato ricostruito cos\u00ec come era un tempo, con una grande volta esterna ricoperta da terra e erba, in modo tale da rimandare visivamente a una tomba sacrale e -all\u2019interno- \u00e8 stato dotato di una luce molto particolare che ne impreziosisce maggiormente i tesori esposti. <em>Vergina<\/em> \u00e8 custode del pi\u00f9 grande ritrovamento di questo secolo: il sarcofago d\u2019oro in cui erano contenute le spoglie e la <strong>corona di Re Filippo II di Macedonia<\/strong>, padre di <em>Alessandro Magno<\/em>.<br \/>\nSopra il sarcofago -e da questo il nome del prezioso ritrovamento <em>\u201c<strong>Sole di Vergina<\/strong>\u201d<\/em>&#8211; prende la scene l&#8217;incisione di un sole con 16 raggi irradianti, il simbolo ormai noto della casa reale macedone.<br \/>\nIl numero 16 era considerato sinonimo di completezza\/totalit\u00e0.<\/p>\n<h3><span style=\"color: #33cccc;\">\u2192\u00a0 <a style=\"color: #33cccc;\" href=\"https:\/\/tourgreciaclassica.it\/viaggi-grecia\/tour-monasteri-meteore-e-vergina\/\" target=\"_blank\" rel=\"noopener\">vai al mini tour Salonicco &#8211; Meteora &#8211; Vergina<\/a><\/span><\/h3>\n<p><img loading=\"lazy\" decoding=\"async\" class=\"aligncenter wp-image-20306 size-full\" src=\"http:\/\/www.tourgreciaclassica.it\/2025\/wp-content\/uploads\/2023\/08\/meteora-e-tesoro-di-vergina-con-la-corona-di-filippo-II-re-di-macedeonia-un-minitour-in-grecia-del-nord.webp\" alt=\"due-immagini-in-una-un-monastero-di-meteora-sotto-la-luce-del-tramonto-e-nell-altra-la-corona-di-filippo-II-d-oro-esposta\" width=\"900\" height=\"555\" srcset=\"https:\/\/www.tourgreciaclassica.it\/2025\/wp-content\/uploads\/2023\/08\/meteora-e-tesoro-di-vergina-con-la-corona-di-filippo-II-re-di-macedeonia-un-minitour-in-grecia-del-nord.webp 900w, https:\/\/www.tourgreciaclassica.it\/2025\/wp-content\/uploads\/2023\/08\/meteora-e-tesoro-di-vergina-con-la-corona-di-filippo-II-re-di-macedeonia-un-minitour-in-grecia-del-nord-300x185.webp 300w, https:\/\/www.tourgreciaclassica.it\/2025\/wp-content\/uploads\/2023\/08\/meteora-e-tesoro-di-vergina-con-la-corona-di-filippo-II-re-di-macedeonia-un-minitour-in-grecia-del-nord-768x474.webp 768w\" sizes=\"auto, (max-width: 900px) 100vw, 900px\" \/><\/p>\n<p>&nbsp;<\/p>\n<hr \/>\n<h3><\/h3>\n<p>&nbsp;<\/p>\n<h3>Pella<\/h3>\n<p><strong>Pella<\/strong>,\u00a0prima dei Romani, era stata un centro importantissimo sia a livello economico, che politico, che culturale, tanto da strappare il titolo di\u00a0<em>Capitale della Macedonia<\/em>\u00a0alla vicina citt\u00e0 di\u00a0<em>Vergina<\/em>.<br \/>\nSe ne stava sul mare e aveva un suo porto floridissimo ma, con il passare dei secoli, i fiumi e il fango misero una bella distanza dall\u2019acqua fino a farle raggiungere la posizione attuale, molto interna alla\u00a0<em>Grecia del Nord<\/em>.<br \/>\n<em>Pella<\/em>\u00a0era sontuosissima, sia nelle abitazioni che lungo le vie lastricate, era votata alla produzione di ceramiche e quindi di mosaici a tassello. Oggi il sito archeologico mostra una citt\u00e0 sorprendentemente ampia, divisa in alta e bassa, con al centro la pi\u00f9 grande\u00a0<em>Agor\u00e0<\/em>\u00a0del mondo antico.<\/p>\n<h3><span style=\"font-size: 16px;\">Nel sito sono state scoperte\u00a0 pi\u00f9 di mille tombe e una cinquantina di catacombe: tutti i reperti sono conservati nel\u00a0<\/span><strong style=\"font-size: 16px;\"><em>Museo Archeologico di Pella<\/em><\/strong><span style=\"font-size: 16px;\">.<\/span><\/h3>\n<h3><span style=\"color: #33cccc;\">\u2192\u00a0 <a style=\"color: #33cccc;\" href=\"https:\/\/tourgreciaclassica.it\/viaggi-grecia\/pella-verghina-salonicco-minitour-privato-da-salonicco\/\" target=\"_blank\" rel=\"noopener\">vai al mini tour Salonicco &#8211; Pella &#8211; Vergina<span style=\"font-size: 16px;\">\u00a0<\/span><\/a><\/span><\/h3>\n<h3><img loading=\"lazy\" decoding=\"async\" class=\"aligncenter wp-image-20308 size-full\" src=\"http:\/\/www.tourgreciaclassica.it\/2025\/wp-content\/uploads\/2023\/08\/PELLA-museo-archeologico-foto-di-cinzia-demuru-visita-guidata-in-italiano.webp\" alt=\"tre-foto-con-vetrine-del-museo-archeologico-di-pella-con-armature-busti-marmorei-e-cimeli-d-oro\" width=\"900\" height=\"555\" srcset=\"https:\/\/www.tourgreciaclassica.it\/2025\/wp-content\/uploads\/2023\/08\/PELLA-museo-archeologico-foto-di-cinzia-demuru-visita-guidata-in-italiano.webp 900w, https:\/\/www.tourgreciaclassica.it\/2025\/wp-content\/uploads\/2023\/08\/PELLA-museo-archeologico-foto-di-cinzia-demuru-visita-guidata-in-italiano-300x185.webp 300w, https:\/\/www.tourgreciaclassica.it\/2025\/wp-content\/uploads\/2023\/08\/PELLA-museo-archeologico-foto-di-cinzia-demuru-visita-guidata-in-italiano-768x474.webp 768w\" sizes=\"auto, (max-width: 900px) 100vw, 900px\" \/><\/h3>\n<p>&nbsp;<\/p>\n<p>&nbsp;<\/p>\n<h3><\/h3>\n<hr \/>\n<p>&nbsp;<\/p>\n<p>&nbsp;<\/p>\n<h3>Monte Olympo<\/h3>\n<p>Considerata la <strong>Montagna Sacra degli dei<\/strong>, il <strong>Monte Olympo<\/strong> anticamente non era accessibile all\u2019uomo, per questo intorno al monumento naturale si sono formati tanti miti.<br \/>\nNel 1938 \u00e8 stato dichiarato <strong><em>Riserva della Biosfera dell\u2019Unesco<\/em><\/strong>, un titolo che guarda non soltanto al grande patrimonio faunistico e floreale ma anche ai villaggi sottostanti che hanno saputo mantenere vive le tradizioni e l\u2019autenticit\u00e0 dei luoghi.<br \/>\nSulla montagna si possono raggiungere diversi siti:<\/p>\n<ul>\n<li>il <strong><em>Monastero di Agios Dionysios dell\u2019Olimpo<\/em><\/strong>. che si trova all\u2019interno della <em>Gola di Enipeas<\/em>, vicino al villaggio di <em>Litochoro<\/em>;<\/li>\n<li>la <em><strong>Chiesa del Profeta Elia<\/strong><\/em>, sull\u2019Altopiano delle Muse, conosciuta anche come <em>\u201cchiesa pi\u00f9 alta dei Balcani\u201d<\/em>.<\/li>\n<\/ul>\n<p>&nbsp;<\/p>\n<h3>Dion<\/h3>\n<p>Il\u00a0<strong>Parco Archeologico di Dion\u00a0<\/strong>\u00e8 correlato al Monte Olympo.<br \/>\n\u00c8 dove\u00a0<em>Alessandro Magno<\/em>\u00a0era solito compiere i sacrifici prima di partire in battaglia. Qui, infatti, sono stati rinvenuti 33 grandi anelli a cui venivano attaccati i tori per il sacrificio.<br \/>\n<em>Dion<\/em>\u00a0deriva da\u00a0<em>Dios<\/em>, che significa\u00a0<em>\u201cdi Zeus\u201d<\/em>, ma prima di Zeus, il luogo era consacrato a Demetra, la dea della fertilit\u00e0.<br \/>\nL\u2019<em><strong>Antica Dion<\/strong><\/em>\u00a0era ricca di marmi, di edifici interessanti, lo stadio, il teatro, i santuari fuori dalle mura e il recinto di Zeus, dove si innalzavano le statue dei re macedoni.<br \/>\nIl grande viale al centro era adornato da splendide facciate di palazzi ellenici e all\u2019interno ogni palazzo aveva pavimenti a mosaico sorprendenti.<br \/>\n\u00c8 ancora visibile e ben conservato il\u00a0<strong><em>mosaico dell\u2019Epifania di Dioniso trionfante<\/em><\/strong>.<\/p>\n<h3><span style=\"color: #33cccc;\">\u2192\u00a0 <a style=\"color: #33cccc;\" href=\"https:\/\/tourgreciaclassica.it\/viaggi-grecia\/monte-olimpo-dion-salonicco-minitour-privato-da-salonicco\/\" target=\"_blank\" rel=\"noopener\">vai al mini tour Salonicco &#8211; Monte Olympo &#8211; Dion<\/a><\/span><\/h3>\n<h3><span style=\"color: #33cccc;\"><span style=\"color: #333333;\">Oppure vai al mini tour completo che racchiude le mete finora descritte<\/span><br \/>\n<a style=\"color: #33cccc;\" href=\"https:\/\/tourgreciaclassica.it\/viaggi-grecia\/pella-vergina-monte-olimpo-dion-minitour-privato-da-salonicco\/\" target=\"_blank\" rel=\"noopener\">\u2192\u00a0 \u00a0Salonicco &#8211; Pella &#8211; Vergina &#8211; Monte Olympo &#8211; Dio\u00a0<\/a><\/span><\/h3>\n<h3><\/h3>\n<h3><img loading=\"lazy\" decoding=\"async\" class=\"aligncenter wp-image-20305 size-full\" src=\"http:\/\/www.tourgreciaclassica.it\/2025\/wp-content\/uploads\/2023\/08\/escursione-al-monte-olympo-e-la-vicina-dion-con-museo-archeologico.webp\" alt=\"due-immagini-in-una-dettaglio-del-monte-olympo-al-tramonto-tutto-rosso-e-nell-altra-museo-di-dion-con-esposizione-reperti-e-statue\" width=\"900\" height=\"555\" srcset=\"https:\/\/www.tourgreciaclassica.it\/2025\/wp-content\/uploads\/2023\/08\/escursione-al-monte-olympo-e-la-vicina-dion-con-museo-archeologico.webp 900w, https:\/\/www.tourgreciaclassica.it\/2025\/wp-content\/uploads\/2023\/08\/escursione-al-monte-olympo-e-la-vicina-dion-con-museo-archeologico-300x185.webp 300w, https:\/\/www.tourgreciaclassica.it\/2025\/wp-content\/uploads\/2023\/08\/escursione-al-monte-olympo-e-la-vicina-dion-con-museo-archeologico-768x474.webp 768w\" sizes=\"auto, (max-width: 900px) 100vw, 900px\" \/><\/h3>\n<p>&nbsp;<\/p>\n<h3><\/h3>\n<hr \/>\n<h3><\/h3>\n<p>&nbsp;<\/p>\n<h3>Anfipoli<\/h3>\n<p><strong>Anfipoli <\/strong>\u00e8 rinomata soprattutto per il <strong><em>Leone di Anfipoli<\/em><\/strong>, un monumento del IV secolo a.C. simbolo dell\u2019antica Macedonia. Si trova sul fiume Strymonas vicino al vecchio ponte.<br \/>\nQui si \u00e8 combattuta una delle pi\u00f9 importanti battaglie tra Atene e Sparta, tra il 424 a.C. e il 422 a.C.<\/p>\n<h3>Filippi<\/h3>\n<p><strong>Filippi<\/strong> si raggiunge percorrendo la <em>Via Egnatia (<\/em>che ricalca l&#8217;antica rotta dei commerci verso l&#8217;Oriente) ed \u00e8 la <em>\u201ccasa\u201d<\/em> di <strong><em>Filippo II re di Macedonia<\/em><\/strong>.<br \/>\n\u00c8 stata un importante centro minerario e poi un punto focale nei commerci con l\u2019Oriente. Nel sito archeologico \u00e8 possibile vedere cio\u2019 che resta del periodo romano.<br \/>\nCi sono due momenti storici che hanno reso famosa la citt\u00e0 di Filippi: il primo evento \u00e8 la <strong><em>Battaglia di Filippi<\/em><\/strong> che si tenne qui nel 42 a.C. ; il secondo \u00e8 il discorso di San Paolo di Tarso, conosciuto come <strong><em>Lettera ai Filippesi<\/em><\/strong>, davanti al primo popolo occidentale evangelizzato.<\/p>\n<h3>Kavala<\/h3>\n<p>Questa citt\u00e0, <strong>Kavala<\/strong>, \u00e8 considerata la porta d\u2019ingresso del Cattolicesimo in Occidente.<br \/>\n<em>San Paolo<\/em> inizi\u00f2 proprio da <em>Kavala<\/em> il suo lavoro di evangelizzazione. Qui si trova, quale simbolo di questo passaggio, la casa della prima donna ad aver ricevuto il battesimo cattolico, <em>Santa Lydia<\/em>. \u00c8 un borgo suggestivo con balconi in legno e cortili interni fioriti. \u00c8 possibile visitare l\u2019unico e solo <strong><em>Museo del Tabacco<\/em> <\/strong>in cui apprendere le fasi della lavorazione fino alla commercializzazione verso l\u2019Oriente, la storia della Macedonia Orientale e della Tracia.<br \/>\nC\u2019\u00e8 un <strong><em>Vecchio Faro<\/em><\/strong> per scorci imperdibili sul fiume <em>Nestos<\/em> dove si annidano uccelli di diverse specie e si allarga una natura incontaminata.<br \/>\nDal porto di Kavala, molto vivace e rilassante, ci si pu\u00f2 imbarcare per l\u2019<strong><em>isola di Tasso<\/em><\/strong>, un piccolo paradiso per amanti della natura, dei pendii montuosi e delle spiagge paradisiache. Tra le pi\u00f9 belle sicuramente la <strong><em>Golden Beach<\/em> <\/strong>e la <strong><em>Paradise Beach<\/em><\/strong>; tra le pi\u00f9 particolari la <strong><em>Metalia Beach<\/em><\/strong> dove si trovava una vecchia miniera di ferro, e la <strong>piscina naturale di Giola<\/strong> dove \u00e8 possibile fare tuffi in acqua dalle rocce sovrastanti.<\/p>\n<h3><span style=\"color: #33cccc;\">\u2192\u00a0 <a style=\"color: #33cccc;\" href=\"https:\/\/tourgreciaclassica.it\/viaggi-grecia\/tour-grecia-del-nord-con-guida-privata-in-italiano-7-giorni\/\" target=\"_blank\" rel=\"noopener\">vai al Tour di 7 giorni di Salonicco e Grecia del Nord<\/a><\/span><\/h3>\n<h2><img loading=\"lazy\" decoding=\"async\" class=\"aligncenter wp-image-20302 size-full\" src=\"http:\/\/www.tourgreciaclassica.it\/2025\/wp-content\/uploads\/2023\/08\/anfipoli-filippi-kavala-per-un-mini-tour-nei-dintorni-di-salonicco-grecia-del-nord-e1693309739354.webp\" alt=\"tre-fotografie-in-una-il-leone-di-anfipoli-in-una-il-sito-di-filippi-nell-ultima-uno-scorcio-dall-acqua-di-kavala-per-un-minitour-grecia-del-nord\" width=\"900\" height=\"508\" srcset=\"https:\/\/www.tourgreciaclassica.it\/2025\/wp-content\/uploads\/2023\/08\/anfipoli-filippi-kavala-per-un-mini-tour-nei-dintorni-di-salonicco-grecia-del-nord-e1693309739354.webp 900w, https:\/\/www.tourgreciaclassica.it\/2025\/wp-content\/uploads\/2023\/08\/anfipoli-filippi-kavala-per-un-mini-tour-nei-dintorni-di-salonicco-grecia-del-nord-e1693309739354-300x169.webp 300w, https:\/\/www.tourgreciaclassica.it\/2025\/wp-content\/uploads\/2023\/08\/anfipoli-filippi-kavala-per-un-mini-tour-nei-dintorni-di-salonicco-grecia-del-nord-e1693309739354-768x433.webp 768w\" sizes=\"auto, (max-width: 900px) 100vw, 900px\" \/><\/h2>\n<p>&nbsp;<\/p>\n<h2><\/h2>\n<hr \/>\n<h2><\/h2>\n<p>&nbsp;<\/p>\n<h2 style=\"text-align: center;\"><span style=\"color: #000000;\">AGGIUNGI UN&#8217;ESCURSIONE<br \/>\nDA SALONICCO<\/span><\/h2>\n<p>&nbsp;<\/p>\n<p>Oltre ai mini tour con cui puoi costruire un <strong>tour personalizzato di Salonicco e della Grecia del Nord<\/strong>, hai la possibilit\u00e0 di scegliere altri abbinamenti possibili.<br \/>\nGrazie alle nostre <strong>escursioni di mezza giornata o intera giornata<\/strong>, puoi aggiungere emozioni al tuo viaggio.<\/p>\n<p>&nbsp;<\/p>\n<h3>Escursione Salonicco By Night<\/h3>\n<p>Per esempio perch\u00e9 non vedere il <strong>Lungomare di Salonicco la sera<\/strong>, quando scende il tramonto e subito dopo la notte si impossessa dell\u2019acqua?<br \/>\nAbbiamo pensato a una <strong>Salonicco By Night<\/strong> che possa farti vedere anche quel lato romantico e stravagante della citt\u00e0. Pertanto puoi scegliere quali monumenti vedere di giorno e cosa conservarti per l\u2019esperienza notturna.<br \/>\nIlluminata -di notte- \u00e8 bella dall\u2019alto, dal <em>Castello<\/em> e dalla <em>Torre Trigonion<\/em>, ma il tramonto \u00e8 imperdibile dalla banchina.<\/p>\n<h3><span style=\"color: #33cccc;\">\u2192\u00a0 <a style=\"color: #33cccc;\" href=\"https:\/\/tourgreciaclassica.it\/viaggi-grecia\/escursione-privata-di-salonicco-by-night\/\" target=\"_blank\" rel=\"noopener\">vai all&#8217;escursione Salonicco By Night<\/a><\/span><\/h3>\n<h3><img loading=\"lazy\" decoding=\"async\" class=\"aligncenter wp-image-20309 size-full\" src=\"http:\/\/www.tourgreciaclassica.it\/2025\/wp-content\/uploads\/2023\/08\/salonicco-by-night-sul-lungomare-e-sulla-terrazza-del-orizontes-roof-garden-per-una-cena-romantica.webp\" alt=\"due-foto-una-rossa-tramonto-sul-lungomare-di-salonicco-l-altra-due-innamorati-che-mangiano-sulla-terrazza-dell-hotel-electra-palace-che-affaccia-sulla-piazza-aristotelous-di-sera\" width=\"900\" height=\"555\" srcset=\"https:\/\/www.tourgreciaclassica.it\/2025\/wp-content\/uploads\/2023\/08\/salonicco-by-night-sul-lungomare-e-sulla-terrazza-del-orizontes-roof-garden-per-una-cena-romantica.webp 900w, https:\/\/www.tourgreciaclassica.it\/2025\/wp-content\/uploads\/2023\/08\/salonicco-by-night-sul-lungomare-e-sulla-terrazza-del-orizontes-roof-garden-per-una-cena-romantica-300x185.webp 300w, https:\/\/www.tourgreciaclassica.it\/2025\/wp-content\/uploads\/2023\/08\/salonicco-by-night-sul-lungomare-e-sulla-terrazza-del-orizontes-roof-garden-per-una-cena-romantica-768x474.webp 768w\" sizes=\"auto, (max-width: 900px) 100vw, 900px\" \/><\/h3>\n<p>&nbsp;<\/p>\n<h3><\/h3>\n<hr \/>\n<h3><\/h3>\n<p>&nbsp;<\/p>\n<h3>Escursione Terme di Pozar e Cascata di Edessa<\/h3>\n<p>Da Salonicco la tua Grecia su misura prende forma aggiungendo anche un\u2019<strong>escursione naturalistica alle Terme di Pozar e alla Cascata di Edessa<\/strong>.<br \/>\nLe vertiginose cascate ti regalano un tonfo in acqua spettacolare -settanta metri col fiato sospeso- e una passeggiata immersiva nel verde. Per completare l&#8217;esperienza ti godi il totale relax alle sorgenti termali conosciute anche come <strong><em>Loutra<\/em><\/strong>.<br \/>\nQui ci sono vere piscine a cielo aperto in cui si mescolano le acque provenienti dalla terra.<\/p>\n<h3><span style=\"color: #33cccc;\">\u2192\u00a0 <a style=\"color: #33cccc;\" href=\"https:\/\/tourgreciaclassica.it\/viaggi-grecia\/escursione-privata-terme-pozar-cascate-di-edessa\/\" target=\"_blank\" rel=\"noopener\">vai all&#8217;escursione Terme di Pozar e Cascate di Edessa<\/a><\/span><\/h3>\n<h3><img loading=\"lazy\" decoding=\"async\" class=\"aligncenter wp-image-20303 size-full\" src=\"http:\/\/www.tourgreciaclassica.it\/2025\/wp-content\/uploads\/2023\/08\/cascate-di-edessa-e-terme-pozar-per-un-escursione-da-salonicco-in-un-giorno-e1693309864619.webp\" alt=\"due-foto-una-cascata-di-edessa-in-mezzo-al-verde-con-un-paio-di-colonne-che-spuntano-in-primo-piano-nella-seconda-le-terme-all-aperto-di-pozar-con-vasce-e-cascatelle\" width=\"900\" height=\"535\" srcset=\"https:\/\/www.tourgreciaclassica.it\/2025\/wp-content\/uploads\/2023\/08\/cascate-di-edessa-e-terme-pozar-per-un-escursione-da-salonicco-in-un-giorno-e1693309864619.webp 900w, https:\/\/www.tourgreciaclassica.it\/2025\/wp-content\/uploads\/2023\/08\/cascate-di-edessa-e-terme-pozar-per-un-escursione-da-salonicco-in-un-giorno-e1693309864619-300x178.webp 300w, https:\/\/www.tourgreciaclassica.it\/2025\/wp-content\/uploads\/2023\/08\/cascate-di-edessa-e-terme-pozar-per-un-escursione-da-salonicco-in-un-giorno-e1693309864619-768x457.webp 768w\" sizes=\"auto, (max-width: 900px) 100vw, 900px\" \/><\/h3>\n<p>&nbsp;<\/p>\n<h3><\/h3>\n<hr \/>\n<h3><\/h3>\n<p>&nbsp;<\/p>\n<h3>Escursione enologica a Agios Nikolaos<\/h3>\n<p>Poco sotto Edessa, si trova la citt\u00e0 di <strong>Naoussa <\/strong>e qui si coltiva una qualit\u00e0 di vite che si chiama <strong><em>Xinomavro<\/em><\/strong>.<br \/>\nUve che, tra l&#8217;altro, sono nate intorno alla scuola di Aristotele.<br \/>\nDegusti il vino e visiti il sito di <strong><em>Agios Nikolaos<\/em><\/strong> che si pu\u00f2 percorrere attraversando rivoli d\u2019acqua e godendosi l&#8217;ombra sotto i grandi platani.<br \/>\nQuesta \u00e8 sicuramente l&#8217;occasione per vivere una bella giornata dedicata alle tradizioni.<\/p>\n<h3><span style=\"color: #33cccc;\">\u2192\u00a0 <a style=\"color: #33cccc;\" href=\"https:\/\/tourgreciaclassica.it\/viaggi-grecia\/escursione-privata-wine-tasting-naoussa-agios-nikolaos\/\" target=\"_blank\" rel=\"noopener\">vai all&#8217;escursione a Agios Nikolaos con degustazione vino<\/a><\/span><\/h3>\n<h3><img loading=\"lazy\" decoding=\"async\" class=\"aligncenter wp-image-20307 size-full\" src=\"http:\/\/www.tourgreciaclassica.it\/2025\/wp-content\/uploads\/2023\/08\/uva-xinomavro-di-agios-nikolaos-a-naoussa-grecia-del-nord-escursione-con-degustazione-vino.webp\" alt=\"tre-foto-delle-uve-di-xinomavro-a-naoussa-agios-nikolaos-con-vite-uva-e-piantina\" width=\"900\" height=\"555\" srcset=\"https:\/\/www.tourgreciaclassica.it\/2025\/wp-content\/uploads\/2023\/08\/uva-xinomavro-di-agios-nikolaos-a-naoussa-grecia-del-nord-escursione-con-degustazione-vino.webp 900w, https:\/\/www.tourgreciaclassica.it\/2025\/wp-content\/uploads\/2023\/08\/uva-xinomavro-di-agios-nikolaos-a-naoussa-grecia-del-nord-escursione-con-degustazione-vino-300x185.webp 300w, https:\/\/www.tourgreciaclassica.it\/2025\/wp-content\/uploads\/2023\/08\/uva-xinomavro-di-agios-nikolaos-a-naoussa-grecia-del-nord-escursione-con-degustazione-vino-768x474.webp 768w\" sizes=\"auto, (max-width: 900px) 100vw, 900px\" \/><\/h3>\n<p>&nbsp;<\/p>\n<h3><\/h3>\n<hr \/>\n<h3><\/h3>\n<p>&nbsp;<\/p>\n<h3>Mini Crociera al Monte Athos<\/h3>\n<p>Da Salonicco si pu\u00f2 raggiungere il <strong>Monte Athos<\/strong>, un luogo invalicabile, dove l\u2019opera del monaco <em>Atanasio l\u2019Atonita<\/em> \u00e8 iniziata ancor prima che nel sito di Meteora. Qui i monasteri non stanno sospesi in aria ma sono avvolti da una fitta boscaglia. Il colpo d&#8217;occhio dal mare \u00e8 molto suggestivo, a sorprendere \u00e8 la loro architettura insolita, i colori usati, il contrasto con la semplicit\u00e0 del verde che sta loro intorno.<br \/>\nNon \u00e8 possibile l&#8217;accesso alla penisola e ai monasteri senza previo permesso e, per ottenerlo, bisogna prenotarsi con larghissimo anticipo: ci sono file davvero lunghe.<br \/>\nCio&#8217; \u00e8 consentito solo agli uomini, le donne non possono valicare un luogo dove, si dice, vi abbia poggiato il piede la Vergine Maria.<\/p>\n<h3><span style=\"color: #33cccc;\">\u2192\u00a0 <a style=\"color: #33cccc;\" href=\"https:\/\/tourgreciaclassica.it\/viaggi-grecia\/escursione-privata-a-salonicco-e-crociera-monte-athos\/\" target=\"_blank\" rel=\"noopener\">vai in crociera fino al Monte Athos<\/a><\/span><\/h3>\n<p><img loading=\"lazy\" decoding=\"async\" class=\"aligncenter wp-image-20304 size-full\" src=\"http:\/\/www.tourgreciaclassica.it\/2025\/wp-content\/uploads\/2023\/08\/crociera-a-monte-athos-da-salonicco-in-giornata-vari-scorci-dall-acqua.webp\" alt=\"scorci-dei-monasteri-sul-monte-athos\" width=\"900\" height=\"555\" srcset=\"https:\/\/www.tourgreciaclassica.it\/2025\/wp-content\/uploads\/2023\/08\/crociera-a-monte-athos-da-salonicco-in-giornata-vari-scorci-dall-acqua.webp 900w, https:\/\/www.tourgreciaclassica.it\/2025\/wp-content\/uploads\/2023\/08\/crociera-a-monte-athos-da-salonicco-in-giornata-vari-scorci-dall-acqua-300x185.webp 300w, https:\/\/www.tourgreciaclassica.it\/2025\/wp-content\/uploads\/2023\/08\/crociera-a-monte-athos-da-salonicco-in-giornata-vari-scorci-dall-acqua-768x474.webp 768w\" sizes=\"auto, (max-width: 900px) 100vw, 900px\" \/><\/p>\n","protected":false},"excerpt":{"rendered":"<p>La tua Grecia su misura, costruita mini tour su mini tour, escursione su escursione, sar\u00e0 perfetta per farti vivere ogni momento in modo esclusivo Vola su Salonicco, \u00e8 l\u2019occasione giusta per aggiungere un\u2019esperienza \u201cgastronomica\u201d di pura eccellenza al tuo viaggio. Un week end a Salonicco Partiamo da un City Break di Salonicco, un week end&hellip;<\/p>\n","protected":false},"author":1,"featured_media":20041,"comment_status":"closed","ping_status":"open","sticky":false,"template":"","format":"standard","meta":{"_acf_changed":false,"footnotes":""},"categories":[121,123],"tags":[],"class_list":["post-20283","post","type-post","status-publish","format-standard","has-post-thumbnail","hentry","category-blog","category-grecia","category-121","category-123","description-off"],"acf":[],"yoast_head":"<!-- This site is optimized with the Yoast SEO Premium plugin v24.6 (Yoast SEO v24.9) - https:\/\/yoast.com\/wordpress\/plugins\/seo\/ -->\n<title>Grecia su misura: Salonicco Grecia + del Nord<\/title>\n<meta name=\"description\" content=\"La Grecia su misura, un viaggio esperenziale che parte da Salonicco e diventa un tour, mini tour, escursione nell&#039;Antica Macedonia\" \/>\n<meta name=\"robots\" content=\"index, follow, max-snippet:-1, max-image-preview:large, max-video-preview:-1\" \/>\n<link rel=\"canonical\" href=\"https:\/\/www.tourgreciaclassica.it\/2025\/grecia-su-misura-da-salonicco-la-grecia-del-nord\/\" \/>\n<meta property=\"og:locale\" content=\"it_IT\" \/>\n<meta property=\"og:type\" content=\"article\" \/>\n<meta property=\"og:title\" content=\"Grecia su misura: Salonicco + Grecia del Nord\" \/>\n<meta property=\"og:description\" content=\"La Grecia su misura, un viaggio esperenziale che parte da Salonicco e diventa un tour, mini tour, escursione nell&#039;Antica Macedonia\" \/>\n<meta property=\"og:url\" content=\"https:\/\/www.tourgreciaclassica.it\/2025\/grecia-su-misura-da-salonicco-la-grecia-del-nord\/\" \/>\n<meta property=\"og:site_name\" content=\"Tour Grecia Classica\" \/>\n<meta property=\"article:publisher\" content=\"https:\/\/www.facebook.com\/TourGreciaclassica.it\" \/>\n<meta property=\"article:published_time\" content=\"2023-08-29T11:56:01+00:00\" \/>\n<meta property=\"og:image\" content=\"https:\/\/www.tourgreciaclassica.it\/2025\/wp-content\/uploads\/2023\/08\/monumento-a-alessandro-magno-salonicco-grecia-del-nors.webp\" \/>\n\t<meta property=\"og:image:width\" content=\"875\" \/>\n\t<meta property=\"og:image:height\" content=\"875\" \/>\n\t<meta property=\"og:image:type\" content=\"image\/webp\" \/>\n<meta name=\"author\" content=\"admin\" \/>\n<meta name=\"twitter:card\" content=\"summary_large_image\" \/>\n<meta name=\"twitter:label1\" content=\"Scritto da\" \/>\n\t<meta name=\"twitter:data1\" content=\"admin\" \/>\n\t<meta name=\"twitter:label2\" content=\"Tempo di lettura stimato\" \/>\n\t<meta name=\"twitter:data2\" content=\"16 minuti\" \/>\n<script type=\"application\/ld+json\" class=\"yoast-schema-graph\">{\"@context\":\"https:\/\/schema.org\",\"@graph\":[{\"@type\":\"Article\",\"@id\":\"https:\/\/www.tourgreciaclassica.it\/2025\/grecia-su-misura-da-salonicco-la-grecia-del-nord\/#article\",\"isPartOf\":{\"@id\":\"https:\/\/www.tourgreciaclassica.it\/2025\/grecia-su-misura-da-salonicco-la-grecia-del-nord\/\"},\"author\":{\"name\":\"admin\",\"@id\":\"https:\/\/www.tourgreciaclassica.it\/2025\/#\/schema\/person\/0e3e6b079358c2add1633cedac8d1fd4\"},\"headline\":\"Grecia su misura: Salonicco + Grecia del Nord\",\"datePublished\":\"2023-08-29T11:56:01+00:00\",\"mainEntityOfPage\":{\"@id\":\"https:\/\/www.tourgreciaclassica.it\/2025\/grecia-su-misura-da-salonicco-la-grecia-del-nord\/\"},\"wordCount\":2462,\"publisher\":{\"@id\":\"https:\/\/www.tourgreciaclassica.it\/2025\/#organization\"},\"image\":{\"@id\":\"https:\/\/www.tourgreciaclassica.it\/2025\/grecia-su-misura-da-salonicco-la-grecia-del-nord\/#primaryimage\"},\"thumbnailUrl\":\"https:\/\/www.tourgreciaclassica.it\/2025\/wp-content\/uploads\/2023\/08\/monumento-a-alessandro-magno-salonicco-grecia-del-nors.webp\",\"articleSection\":[\"Blog di tourgreciaclassica Racconti di viaggio\",\"Grecia\"],\"inLanguage\":\"it-IT\"},{\"@type\":\"WebPage\",\"@id\":\"https:\/\/www.tourgreciaclassica.it\/2025\/grecia-su-misura-da-salonicco-la-grecia-del-nord\/\",\"url\":\"https:\/\/www.tourgreciaclassica.it\/2025\/grecia-su-misura-da-salonicco-la-grecia-del-nord\/\",\"name\":\"Grecia su misura: Salonicco Grecia + del Nord\",\"isPartOf\":{\"@id\":\"https:\/\/www.tourgreciaclassica.it\/2025\/#website\"},\"primaryImageOfPage\":{\"@id\":\"https:\/\/www.tourgreciaclassica.it\/2025\/grecia-su-misura-da-salonicco-la-grecia-del-nord\/#primaryimage\"},\"image\":{\"@id\":\"https:\/\/www.tourgreciaclassica.it\/2025\/grecia-su-misura-da-salonicco-la-grecia-del-nord\/#primaryimage\"},\"thumbnailUrl\":\"https:\/\/www.tourgreciaclassica.it\/2025\/wp-content\/uploads\/2023\/08\/monumento-a-alessandro-magno-salonicco-grecia-del-nors.webp\",\"datePublished\":\"2023-08-29T11:56:01+00:00\",\"description\":\"La Grecia su misura, un viaggio esperenziale che parte da Salonicco e diventa un tour, mini tour, escursione nell'Antica Macedonia\",\"breadcrumb\":{\"@id\":\"https:\/\/www.tourgreciaclassica.it\/2025\/grecia-su-misura-da-salonicco-la-grecia-del-nord\/#breadcrumb\"},\"inLanguage\":\"it-IT\",\"potentialAction\":[{\"@type\":\"ReadAction\",\"target\":[\"https:\/\/www.tourgreciaclassica.it\/2025\/grecia-su-misura-da-salonicco-la-grecia-del-nord\/\"]}]},{\"@type\":\"ImageObject\",\"inLanguage\":\"it-IT\",\"@id\":\"https:\/\/www.tourgreciaclassica.it\/2025\/grecia-su-misura-da-salonicco-la-grecia-del-nord\/#primaryimage\",\"url\":\"https:\/\/www.tourgreciaclassica.it\/2025\/wp-content\/uploads\/2023\/08\/monumento-a-alessandro-magno-salonicco-grecia-del-nors.webp\",\"contentUrl\":\"https:\/\/www.tourgreciaclassica.it\/2025\/wp-content\/uploads\/2023\/08\/monumento-a-alessandro-magno-salonicco-grecia-del-nors.webp\",\"width\":875,\"height\":875,\"caption\":\"monumento-a-alessandro-magno-un-blocco-di-marmo-su-cui-si-erge-la-scultura-di-alessandro-a-cavallo-mentre-questo-viene-incitato-a-impennarsi\"},{\"@type\":\"BreadcrumbList\",\"@id\":\"https:\/\/www.tourgreciaclassica.it\/2025\/grecia-su-misura-da-salonicco-la-grecia-del-nord\/#breadcrumb\",\"itemListElement\":[{\"@type\":\"ListItem\",\"position\":1,\"name\":\"Home\",\"item\":\"https:\/\/www.tourgreciaclassica.it\/2025\/\"},{\"@type\":\"ListItem\",\"position\":2,\"name\":\"Grecia su misura: Salonicco + Grecia del Nord\"}]},{\"@type\":\"WebSite\",\"@id\":\"https:\/\/www.tourgreciaclassica.it\/2025\/#website\",\"url\":\"https:\/\/www.tourgreciaclassica.it\/2025\/\",\"name\":\"Tour Grecia Classica\",\"description\":\"\",\"publisher\":{\"@id\":\"https:\/\/www.tourgreciaclassica.it\/2025\/#organization\"},\"potentialAction\":[{\"@type\":\"SearchAction\",\"target\":{\"@type\":\"EntryPoint\",\"urlTemplate\":\"https:\/\/www.tourgreciaclassica.it\/2025\/?s={search_term_string}\"},\"query-input\":{\"@type\":\"PropertyValueSpecification\",\"valueRequired\":true,\"valueName\":\"search_term_string\"}}],\"inLanguage\":\"it-IT\"},{\"@type\":\"Organization\",\"@id\":\"https:\/\/www.tourgreciaclassica.it\/2025\/#organization\",\"name\":\"tourgreciaclassica\",\"alternateName\":\"TGC\",\"url\":\"https:\/\/www.tourgreciaclassica.it\/2025\/\",\"logo\":{\"@type\":\"ImageObject\",\"inLanguage\":\"it-IT\",\"@id\":\"https:\/\/www.tourgreciaclassica.it\/2025\/#\/schema\/logo\/image\/\",\"url\":\"http:\/\/www.tourgreciaclassica.it\/2025\/wp-content\/uploads\/2025\/03\/logo-TGC-4-quadrato.jpg\",\"contentUrl\":\"http:\/\/www.tourgreciaclassica.it\/2025\/wp-content\/uploads\/2025\/03\/logo-TGC-4-quadrato.jpg\",\"width\":343,\"height\":343,\"caption\":\"tourgreciaclassica\"},\"image\":{\"@id\":\"https:\/\/www.tourgreciaclassica.it\/2025\/#\/schema\/logo\/image\/\"},\"sameAs\":[\"https:\/\/www.facebook.com\/TourGreciaclassica.it\",\"https:\/\/www.instagram.com\/tourgreciaclassica\/\",\"https:\/\/www.youtube.com\/channel\/UCaOTv7IUY6KfodamHtKWZAg\"],\"description\":\"tourgreciaclassica.it \u00e8 un catalogo di viaggio della ViaggiOggi Su Misura. \u201cSiamo un Tour Operator greco che per caso vive in Italia\u201d questo \u00e8 quello che diciamo sul nostro conto quando ci presentiamo perch\u00e9, di fatto, sin da quando abbiamo iniziato a muovere i primi passi in Grecia, ben 28 anni fa \u2013era il 1992\u2013 ci siamo sentiti parte di quel mare, di quelle isole, di quella gente. In questo catalogo di viaggio vengono presentati i prodotti di punta della ViaggiOggi: tour, mini tour, crociere, escursioni e hotel esclusivi in Grecia. ViaggiOggi nasce in Grecia e nel tempo aggiunge altre linee di prodotto quali Spagna, Portogallo e Nord Europa per crescere e per incontrare la richiesta di pi\u00f9 clienti.\",\"email\":\"info@tourgreciaclassica.it\",\"telephone\":\"+39 06 489 03 604\"},{\"@type\":\"Person\",\"@id\":\"https:\/\/www.tourgreciaclassica.it\/2025\/#\/schema\/person\/0e3e6b079358c2add1633cedac8d1fd4\",\"name\":\"admin\",\"image\":{\"@type\":\"ImageObject\",\"inLanguage\":\"it-IT\",\"@id\":\"https:\/\/www.tourgreciaclassica.it\/2025\/#\/schema\/person\/image\/\",\"url\":\"https:\/\/secure.gravatar.com\/avatar\/ddad26e070a000bd5b73c44a445bcbca0db0ca868994a3d87bb6789af93258a0?s=96&d=blank&r=g\",\"contentUrl\":\"https:\/\/secure.gravatar.com\/avatar\/ddad26e070a000bd5b73c44a445bcbca0db0ca868994a3d87bb6789af93258a0?s=96&d=blank&r=g\",\"caption\":\"admin\"},\"sameAs\":[\"http:\/\/www.tourgreciaclassica.it\/2025\"]}]}<\/script>\n<!-- \/ Yoast SEO Premium plugin. -->","yoast_head_json":{"title":"Grecia su misura: Salonicco Grecia + del Nord","description":"La Grecia su misura, un viaggio esperenziale che parte da Salonicco e diventa un tour, mini tour, escursione nell'Antica Macedonia","robots":{"index":"index","follow":"follow","max-snippet":"max-snippet:-1","max-image-preview":"max-image-preview:large","max-video-preview":"max-video-preview:-1"},"canonical":"https:\/\/www.tourgreciaclassica.it\/2025\/grecia-su-misura-da-salonicco-la-grecia-del-nord\/","og_locale":"it_IT","og_type":"article","og_title":"Grecia su misura: Salonicco + Grecia del Nord","og_description":"La Grecia su misura, un viaggio esperenziale che parte da Salonicco e diventa un tour, mini tour, escursione nell'Antica Macedonia","og_url":"https:\/\/www.tourgreciaclassica.it\/2025\/grecia-su-misura-da-salonicco-la-grecia-del-nord\/","og_site_name":"Tour Grecia Classica","article_publisher":"https:\/\/www.facebook.com\/TourGreciaclassica.it","article_published_time":"2023-08-29T11:56:01+00:00","og_image":[{"width":875,"height":875,"url":"https:\/\/www.tourgreciaclassica.it\/2025\/wp-content\/uploads\/2023\/08\/monumento-a-alessandro-magno-salonicco-grecia-del-nors.webp","type":"image\/webp"}],"author":"admin","twitter_card":"summary_large_image","twitter_misc":{"Scritto da":"admin","Tempo di lettura stimato":"16 minuti"},"schema":{"@context":"https:\/\/schema.org","@graph":[{"@type":"Article","@id":"https:\/\/www.tourgreciaclassica.it\/2025\/grecia-su-misura-da-salonicco-la-grecia-del-nord\/#article","isPartOf":{"@id":"https:\/\/www.tourgreciaclassica.it\/2025\/grecia-su-misura-da-salonicco-la-grecia-del-nord\/"},"author":{"name":"admin","@id":"https:\/\/www.tourgreciaclassica.it\/2025\/#\/schema\/person\/0e3e6b079358c2add1633cedac8d1fd4"},"headline":"Grecia su misura: Salonicco + Grecia del Nord","datePublished":"2023-08-29T11:56:01+00:00","mainEntityOfPage":{"@id":"https:\/\/www.tourgreciaclassica.it\/2025\/grecia-su-misura-da-salonicco-la-grecia-del-nord\/"},"wordCount":2462,"publisher":{"@id":"https:\/\/www.tourgreciaclassica.it\/2025\/#organization"},"image":{"@id":"https:\/\/www.tourgreciaclassica.it\/2025\/grecia-su-misura-da-salonicco-la-grecia-del-nord\/#primaryimage"},"thumbnailUrl":"https:\/\/www.tourgreciaclassica.it\/2025\/wp-content\/uploads\/2023\/08\/monumento-a-alessandro-magno-salonicco-grecia-del-nors.webp","articleSection":["Blog di tourgreciaclassica Racconti di viaggio","Grecia"],"inLanguage":"it-IT"},{"@type":"WebPage","@id":"https:\/\/www.tourgreciaclassica.it\/2025\/grecia-su-misura-da-salonicco-la-grecia-del-nord\/","url":"https:\/\/www.tourgreciaclassica.it\/2025\/grecia-su-misura-da-salonicco-la-grecia-del-nord\/","name":"Grecia su misura: Salonicco Grecia + del Nord","isPartOf":{"@id":"https:\/\/www.tourgreciaclassica.it\/2025\/#website"},"primaryImageOfPage":{"@id":"https:\/\/www.tourgreciaclassica.it\/2025\/grecia-su-misura-da-salonicco-la-grecia-del-nord\/#primaryimage"},"image":{"@id":"https:\/\/www.tourgreciaclassica.it\/2025\/grecia-su-misura-da-salonicco-la-grecia-del-nord\/#primaryimage"},"thumbnailUrl":"https:\/\/www.tourgreciaclassica.it\/2025\/wp-content\/uploads\/2023\/08\/monumento-a-alessandro-magno-salonicco-grecia-del-nors.webp","datePublished":"2023-08-29T11:56:01+00:00","description":"La Grecia su misura, un viaggio esperenziale che parte da Salonicco e diventa un tour, mini tour, escursione nell'Antica Macedonia","breadcrumb":{"@id":"https:\/\/www.tourgreciaclassica.it\/2025\/grecia-su-misura-da-salonicco-la-grecia-del-nord\/#breadcrumb"},"inLanguage":"it-IT","potentialAction":[{"@type":"ReadAction","target":["https:\/\/www.tourgreciaclassica.it\/2025\/grecia-su-misura-da-salonicco-la-grecia-del-nord\/"]}]},{"@type":"ImageObject","inLanguage":"it-IT","@id":"https:\/\/www.tourgreciaclassica.it\/2025\/grecia-su-misura-da-salonicco-la-grecia-del-nord\/#primaryimage","url":"https:\/\/www.tourgreciaclassica.it\/2025\/wp-content\/uploads\/2023\/08\/monumento-a-alessandro-magno-salonicco-grecia-del-nors.webp","contentUrl":"https:\/\/www.tourgreciaclassica.it\/2025\/wp-content\/uploads\/2023\/08\/monumento-a-alessandro-magno-salonicco-grecia-del-nors.webp","width":875,"height":875,"caption":"monumento-a-alessandro-magno-un-blocco-di-marmo-su-cui-si-erge-la-scultura-di-alessandro-a-cavallo-mentre-questo-viene-incitato-a-impennarsi"},{"@type":"BreadcrumbList","@id":"https:\/\/www.tourgreciaclassica.it\/2025\/grecia-su-misura-da-salonicco-la-grecia-del-nord\/#breadcrumb","itemListElement":[{"@type":"ListItem","position":1,"name":"Home","item":"https:\/\/www.tourgreciaclassica.it\/2025\/"},{"@type":"ListItem","position":2,"name":"Grecia su misura: Salonicco + Grecia del Nord"}]},{"@type":"WebSite","@id":"https:\/\/www.tourgreciaclassica.it\/2025\/#website","url":"https:\/\/www.tourgreciaclassica.it\/2025\/","name":"Tour Grecia Classica","description":"","publisher":{"@id":"https:\/\/www.tourgreciaclassica.it\/2025\/#organization"},"potentialAction":[{"@type":"SearchAction","target":{"@type":"EntryPoint","urlTemplate":"https:\/\/www.tourgreciaclassica.it\/2025\/?s={search_term_string}"},"query-input":{"@type":"PropertyValueSpecification","valueRequired":true,"valueName":"search_term_string"}}],"inLanguage":"it-IT"},{"@type":"Organization","@id":"https:\/\/www.tourgreciaclassica.it\/2025\/#organization","name":"tourgreciaclassica","alternateName":"TGC","url":"https:\/\/www.tourgreciaclassica.it\/2025\/","logo":{"@type":"ImageObject","inLanguage":"it-IT","@id":"https:\/\/www.tourgreciaclassica.it\/2025\/#\/schema\/logo\/image\/","url":"http:\/\/www.tourgreciaclassica.it\/2025\/wp-content\/uploads\/2025\/03\/logo-TGC-4-quadrato.jpg","contentUrl":"http:\/\/www.tourgreciaclassica.it\/2025\/wp-content\/uploads\/2025\/03\/logo-TGC-4-quadrato.jpg","width":343,"height":343,"caption":"tourgreciaclassica"},"image":{"@id":"https:\/\/www.tourgreciaclassica.it\/2025\/#\/schema\/logo\/image\/"},"sameAs":["https:\/\/www.facebook.com\/TourGreciaclassica.it","https:\/\/www.instagram.com\/tourgreciaclassica\/","https:\/\/www.youtube.com\/channel\/UCaOTv7IUY6KfodamHtKWZAg"],"description":"tourgreciaclassica.it \u00e8 un catalogo di viaggio della ViaggiOggi Su Misura. \u201cSiamo un Tour Operator greco che per caso vive in Italia\u201d questo \u00e8 quello che diciamo sul nostro conto quando ci presentiamo perch\u00e9, di fatto, sin da quando abbiamo iniziato a muovere i primi passi in Grecia, ben 28 anni fa \u2013era il 1992\u2013 ci siamo sentiti parte di quel mare, di quelle isole, di quella gente. In questo catalogo di viaggio vengono presentati i prodotti di punta della ViaggiOggi: tour, mini tour, crociere, escursioni e hotel esclusivi in Grecia. ViaggiOggi nasce in Grecia e nel tempo aggiunge altre linee di prodotto quali Spagna, Portogallo e Nord Europa per crescere e per incontrare la richiesta di pi\u00f9 clienti.","email":"info@tourgreciaclassica.it","telephone":"+39 06 489 03 604"},{"@type":"Person","@id":"https:\/\/www.tourgreciaclassica.it\/2025\/#\/schema\/person\/0e3e6b079358c2add1633cedac8d1fd4","name":"admin","image":{"@type":"ImageObject","inLanguage":"it-IT","@id":"https:\/\/www.tourgreciaclassica.it\/2025\/#\/schema\/person\/image\/","url":"https:\/\/secure.gravatar.com\/avatar\/ddad26e070a000bd5b73c44a445bcbca0db0ca868994a3d87bb6789af93258a0?s=96&d=blank&r=g","contentUrl":"https:\/\/secure.gravatar.com\/avatar\/ddad26e070a000bd5b73c44a445bcbca0db0ca868994a3d87bb6789af93258a0?s=96&d=blank&r=g","caption":"admin"},"sameAs":["http:\/\/www.tourgreciaclassica.it\/2025"]}]}},"_links":{"self":[{"href":"https:\/\/www.tourgreciaclassica.it\/2025\/wp-json\/wp\/v2\/posts\/20283","targetHints":{"allow":["GET"]}}],"collection":[{"href":"https:\/\/www.tourgreciaclassica.it\/2025\/wp-json\/wp\/v2\/posts"}],"about":[{"href":"https:\/\/www.tourgreciaclassica.it\/2025\/wp-json\/wp\/v2\/types\/post"}],"author":[{"embeddable":true,"href":"https:\/\/www.tourgreciaclassica.it\/2025\/wp-json\/wp\/v2\/users\/1"}],"replies":[{"embeddable":true,"href":"https:\/\/www.tourgreciaclassica.it\/2025\/wp-json\/wp\/v2\/comments?post=20283"}],"version-history":[{"count":0,"href":"https:\/\/www.tourgreciaclassica.it\/2025\/wp-json\/wp\/v2\/posts\/20283\/revisions"}],"wp:featuredmedia":[{"embeddable":true,"href":"https:\/\/www.tourgreciaclassica.it\/2025\/wp-json\/wp\/v2\/media\/20041"}],"wp:attachment":[{"href":"https:\/\/www.tourgreciaclassica.it\/2025\/wp-json\/wp\/v2\/media?parent=20283"}],"wp:term":[{"taxonomy":"category","embeddable":true,"href":"https:\/\/www.tourgreciaclassica.it\/2025\/wp-json\/wp\/v2\/categories?post=20283"},{"taxonomy":"post_tag","embeddable":true,"href":"https:\/\/www.tourgreciaclassica.it\/2025\/wp-json\/wp\/v2\/tags?post=20283"}],"curies":[{"name":"wp","href":"https:\/\/api.w.org\/{rel}","templated":true}]}}