{"id":20150,"date":"2023-08-18T11:08:18","date_gmt":"2023-08-18T09:08:18","guid":{"rendered":"https:\/\/tourgreciaclassica.it\/?p=20150"},"modified":"2023-08-18T11:08:18","modified_gmt":"2023-08-18T09:08:18","slug":"mini-tour-di-2-giorni-a-salonicco-imperdibili-sorprese","status":"publish","type":"post","link":"https:\/\/www.tourgreciaclassica.it\/2025\/mini-tour-di-2-giorni-a-salonicco-imperdibili-sorprese\/","title":{"rendered":"Mini tour di 2 giorni a Salonicco: imperdibili sorprese!"},"content":{"rendered":"<h1>La Salonicco dei popoli e delle tradizioni<\/h1>\n<p>Il <strong>mini tour di 2 giorni a Salonicco<\/strong> \u00e8 un modo molto smart di <em>\u201cassaggiare\u201d<\/em> la citt\u00e0.<br \/>\nPer anni, Salonicco \u00e8 stata considerata un punto di transizione, un luogo di passaggio, lo scalo aereo utile per imbarcarsi su un traghetto.<br \/>\nEppure, una forza ben custodita \u00e8 riemersa, qua e la, tra gli strati urbani mentre un\u2019altra forza \u00e8 stata capace di tirare fuori il meglio con ci\u00f2 che la citt\u00e0 possedeva: le tradizioni lasciate da tanti popoli diversi.<br \/>\nPerci\u00f2, a Salonicco, \u00e8 un peccato non godersi per due giorni un pezzetto di quella lunga storia fortemente legata ai re macedoni.<\/p>\n<p>&nbsp;<\/p>\n<h2>Mini tour: un viaggio su misura a Salonicco<\/h2>\n<p>Il mini tour pu\u00f2 essere di 2 giorni, fino a 4 giorni. Puoi goderti un <strong>weekend a Salonicco<\/strong> oppure partire in giorni che non si riducano al sabato e la domenica. Con le partenze garantite, 5 giorni su 7 (dal venerd\u00ec al marted\u00ec) puoi <strong>volare su Salonicco<\/strong> e risparmiare sul costo del biglietto.<\/p>\n<p>Costruiamo il tuo piccolo <strong>viaggio su misura a Salonicco<\/strong> cos\u00ec da andare incontro alle tue esigenze e preferenze.<br \/>\nTi mettiamo in mano una combinazione di proposte: i <strong>luoghi da visitare a Salonicco<\/strong>, le esperienze che puoi fare, i viaggi inclusivi, i siti archeologici e i musei, le taverne tipiche e, infine, la tipologia di viaggio.<br \/>\nDecidi se fare un\u2019<strong>esperienza di gruppo<\/strong> o se <strong>viaggiare in modo indipendente<\/strong> noleggiando un\u2019auto, o un\u2019auto con autista, se e quando prenotare una <strong>guida che parla italiano<\/strong> negli spazi culturali.<\/p>\n<p>Puoi scegliere ogni dettaglio che possa rendere il tuo soggiorno indimenticabile: crea i tuoi momenti perfetti, fai una sorpresa al tuo compagno o compagna di viaggio, tipo una <strong>cena romantica con vista spettacolare sulla Piazza Aristotelou<\/strong>, o davanti al mare.<br \/>\nE partecipa a qualche attivit\u00e0 che ti metta a contatto con le persone del posto, tipo una <strong>cooking class<\/strong>.<\/p>\n<p>&nbsp;<\/p>\n<h2><img loading=\"lazy\" decoding=\"async\" class=\"aligncenter wp-image-20039 size-full\" src=\"http:\/\/www.tourgreciaclassica.it\/2025\/wp-content\/uploads\/2023\/08\/electra-palace-hotel-salonicco-piazza-aristotelou.webp\" alt=\"facciata-concava-del-electra-palace-hotel-di-salonicco-con-davanti-la-piazza-aristotelou\" width=\"870\" height=\"555\" srcset=\"https:\/\/www.tourgreciaclassica.it\/2025\/wp-content\/uploads\/2023\/08\/electra-palace-hotel-salonicco-piazza-aristotelou.webp 870w, https:\/\/www.tourgreciaclassica.it\/2025\/wp-content\/uploads\/2023\/08\/electra-palace-hotel-salonicco-piazza-aristotelou-300x191.webp 300w, https:\/\/www.tourgreciaclassica.it\/2025\/wp-content\/uploads\/2023\/08\/electra-palace-hotel-salonicco-piazza-aristotelou-768x490.webp 768w\" sizes=\"auto, (max-width: 870px) 100vw, 870px\" \/><\/h2>\n<p><em>Piazza Aristotelou con la facciata dell&#8217;Electra Palace<\/em><\/p>\n<p>&nbsp;<\/p>\n<h2>Mini tour classico o Mini tour su misura?<\/h2>\n<p>I nostri minitour di 2 giorni, e fino a 4 giorni, possono essere classici, ovvero, prevedere tutti quei <strong>punti salienti di Salonicco<\/strong> che normalmente non possono essere omessi in un itinerario.<br \/>\nI punti, cio\u00e8, che in qualche modo, la rendono una meta turistica. Quindi, per esempio, troverai:<\/p>\n<p><em><strong>Piazza Aristotelou<\/strong><\/em>, <strong><em>Torre Bianca<\/em><\/strong>, <strong><em>Agios Demetrious<\/em><\/strong>, <strong><em>Museo Archeologico<\/em><\/strong>, <em><strong>Castello Eptapyrgio <\/strong><\/em>.<\/p>\n<p>Ma, l\u2019ideale \u00e8 <strong>personalizzare l\u2019itinerario<\/strong> e, quindi, considerare tutte le varianti che una citt\u00e0 pu\u00f2 offrirti.<br \/>\nSalonicco ha molti punti caldi che potresti preferire:<\/p>\n<ul>\n<li><strong>Lungomare di Salonicco<\/strong> con l\u2019ex quartiere commerciale, <strong><em>Ladadika<\/em><\/strong><\/li>\n<li><strong>Museo delle Avanguardie Russe<\/strong><\/li>\n<li><strong>Modiano Market<\/strong><\/li>\n<li><strong>Museo del vino<\/strong> e <strong>Vigna Comunale di Salonicco<\/strong><\/li>\n<\/ul>\n<p>Da almeno tre di questi posti avrai capito che c\u2019\u00e8 una <strong>Salonicco del gusto<\/strong> che si nasconde dietro l\u2019apparente crocevia.<\/p>\n<p>&nbsp;<\/p>\n<p><img loading=\"lazy\" decoding=\"async\" class=\"aligncenter wp-image-15295 size-full\" src=\"http:\/\/www.tourgreciaclassica.it\/2025\/wp-content\/uploads\/2022\/02\/service_salonicco-torre-bianca-e-lungomare-1530_11219-870x555-1.webp\" alt=\"Salonicco-torre-bianca-e-lungomare\" width=\"870\" height=\"870\" srcset=\"https:\/\/www.tourgreciaclassica.it\/2025\/wp-content\/uploads\/2022\/02\/service_salonicco-torre-bianca-e-lungomare-1530_11219-870x555-1.webp 870w, https:\/\/www.tourgreciaclassica.it\/2025\/wp-content\/uploads\/2022\/02\/service_salonicco-torre-bianca-e-lungomare-1530_11219-870x555-1-200x200.webp 200w, https:\/\/www.tourgreciaclassica.it\/2025\/wp-content\/uploads\/2022\/02\/service_salonicco-torre-bianca-e-lungomare-1530_11219-870x555-1-300x300.webp 300w, https:\/\/www.tourgreciaclassica.it\/2025\/wp-content\/uploads\/2022\/02\/service_salonicco-torre-bianca-e-lungomare-1530_11219-870x555-1-150x150.webp 150w, https:\/\/www.tourgreciaclassica.it\/2025\/wp-content\/uploads\/2022\/02\/service_salonicco-torre-bianca-e-lungomare-1530_11219-870x555-1-768x768.webp 768w\" sizes=\"auto, (max-width: 870px) 100vw, 870px\" \/><\/p>\n<p><em>La Torre Bianca sul Lungomare di Salonicco<\/em><\/p>\n<p>&nbsp;<\/p>\n<p><img loading=\"lazy\" decoding=\"async\" class=\"aligncenter wp-image-20075 size-full\" src=\"http:\/\/www.tourgreciaclassica.it\/2025\/wp-content\/uploads\/2023\/08\/museo-del-vino-di-salonicco.webp\" alt=\"sala-museale-in-cui-sono-esposti-tanti-oggetti-riferiti-alla-storia-del-vino-a-salonicco\" width=\"870\" height=\"555\" srcset=\"https:\/\/www.tourgreciaclassica.it\/2025\/wp-content\/uploads\/2023\/08\/museo-del-vino-di-salonicco.webp 870w, https:\/\/www.tourgreciaclassica.it\/2025\/wp-content\/uploads\/2023\/08\/museo-del-vino-di-salonicco-300x191.webp 300w, https:\/\/www.tourgreciaclassica.it\/2025\/wp-content\/uploads\/2023\/08\/museo-del-vino-di-salonicco-768x490.webp 768w\" sizes=\"auto, (max-width: 870px) 100vw, 870px\" \/><\/p>\n<p><em>Museo del Vino di Salonicco<\/em><\/p>\n<p>&nbsp;<\/p>\n<h2>Salonicco food destination tra Oriente e Occidente<\/h2>\n<p>C\u2019\u00e8 una cosa che devi sapere: Salonicco \u00e8 la prima e unica citt\u00e0 greca, finora, ad essere entrata nella <strong>lista Unesco delle Citt\u00e0 Creative per la Gastronomia<\/strong>.<\/p>\n<p>Eccoci dunque al <em>clou<\/em>, al momento in cui puoi decidere se fare un mini tour classico oppure se puntare a un\u2019eccellenza.<br \/>\nUn <strong>tour enogastronomico a Salonicco<\/strong> \u00e8 sicuramente l\u2019ideale per aggiungere un pizzico di <em>\u201clocalit\u00e0\u201d<\/em> al viaggio.<br \/>\nNon c\u2019\u00e8 nulla come la cucina che riesca a trasferire alle persone le tradizioni di un posto. Meno che mai qui a Salonicco che \u00e8 stata abitata da tanti popoli diversi -da Oriente a Occidente- che hanno lasciato ricettari storici, radicati nelle famiglie.<\/p>\n<p>Quale food destination ha ovviamente il suo <strong><em>Festival del cibo<\/em> <\/strong>e ha location interessanti come le taverne che servono solo zuppa di trippa.<br \/>\nCi sono vie dei sensi e<strong> vie del vino<\/strong>, c\u2019\u00e8 lo <em><strong>Street Food<\/strong><\/em> e il <strong><em>brunch<\/em><\/strong>, i <strong>ristoranti stellati <\/strong>e le <strong><em>Ouzerie<\/em><\/strong>. Tutti, sono luoghi di incontro e anche di grande cultura.<\/p>\n<p><strong>Ladadika<\/strong> ha un\u2019offerta culinaria che si sposa con gli ex magazzini restyled e anche il <strong>Mercato di Modiano<\/strong>, con i banchi colorati di prodotti freschi, \u00e8 un ottima occasione per entrare nella trama di Salonicco.<br \/>\nIl mini tour di 2 giorni a Salonicco \u00e8 necessariamente legato al cibo, ai suoi quartieri, all\u2019aria tipicamente innovativa che si respira.<\/p>\n<p>&nbsp;<\/p>\n<p><img loading=\"lazy\" decoding=\"async\" class=\"wp-image-20072 size-full aligncenter\" src=\"http:\/\/www.tourgreciaclassica.it\/2025\/wp-content\/uploads\/2023\/08\/kioupia-ladadika-salonicco-e1691663951610.webp\" alt=\"interno-di-un-locale-a-salonicco-con-grande-spazio-sotto-una-vela-di-vetro-tavolini-di-legno-si-chiama-kioupia-e-si-trova-a-salonicco\" width=\"805\" height=\"549\" srcset=\"https:\/\/www.tourgreciaclassica.it\/2025\/wp-content\/uploads\/2023\/08\/kioupia-ladadika-salonicco-e1691663951610.webp 805w, https:\/\/www.tourgreciaclassica.it\/2025\/wp-content\/uploads\/2023\/08\/kioupia-ladadika-salonicco-e1691663951610-300x205.webp 300w, https:\/\/www.tourgreciaclassica.it\/2025\/wp-content\/uploads\/2023\/08\/kioupia-ladadika-salonicco-e1691663951610-768x524.webp 768w\" sizes=\"auto, (max-width: 805px) 100vw, 805px\" \/><\/p>\n<p><em>Kioupia a Ladadika &#8211; Foto: http:\/\/www.kouzina-kioupia.gr\/<\/em><\/p>\n<p>&nbsp;<\/p>\n<h2>Perch\u00e9 scegliere un mini tour a Salonicco: le opportunit\u00e0<\/h2>\n<p>Il mini tour \u00e8 un modo di viaggiare: 2 giorni, 3 giorni, 4 giorni\u2026 sono costruiti per farti vivere le emozioni di un posto. La <strong>combinabilit\u00e0 di esperienze, location e servizi<\/strong> che ti offriamo \u00e8 introvabile altrove.<br \/>\nPuoi scegliere 2 minitour da 2 giorni, completamente diversi tra loro, e unire Salonicco Classica con i suoi <em><strong>15 siti Patrimonio Unesco<\/strong><\/em> alla <strong>Salonicco Citt\u00e0 Creativa della Gastronomia<\/strong>. Puoi aggiungere un\u2019escursione di un giorno o mezza giornata fuori citt\u00e0, oppure unire due mini tour di 4 giorni per arrivare a comporre un <strong>tour personalizzato<\/strong>.<\/p>\n<p>&nbsp;<\/p>\n<h4>Il mini tour a Salonicco, in questo caso ti offre pi\u00f9 opportunit\u00e0 insieme:<\/h4>\n<ul>\n<li>Sicuramente <strong>volare su Salonicco<\/strong> ti fa risparmiare. Gi\u00e0, perch\u00e9 i voli diretti sulla capitale macedone sono notevolmente pi\u00f9 approcciabili con i nostri fornitori.<\/li>\n<li>Una volta che sei a Salonicco perch\u00e9 trascurarla? Inoltre, 2 giorni ti consentono di vivere <strong>una notte da tessalonichese<\/strong>, puoi camminare lungo il mare e mangiare qualche fritturina di pesce appena preso, goderti un tramonto rosso, sperimentare le vie del gusto e organizzare una cena romantica con vista su Piazza Aristotelou.<\/li>\n<li>Il mini tour ti offre un servizio impeccabile e puntuale di <strong>guida locale<\/strong> all\u2019interno di musei e luoghi culturali in lingua italiana e un\u2019<strong>Assistenza h 24<\/strong> sia con gli hotels che, in generale, durante l\u2019itinerario.<\/li>\n<li>Il mini tour pu\u00f2 essere l\u2019<strong>estensione a un viaggio in Grecia<\/strong>, l\u2019inizio o la chiusura del viaggio.<\/li>\n<\/ul>\n<p>&nbsp;<\/p>\n<h2><img loading=\"lazy\" decoding=\"async\" class=\"aligncenter wp-image-20042 size-full\" src=\"http:\/\/www.tourgreciaclassica.it\/2025\/wp-content\/uploads\/2023\/08\/Museo-della-Cultura-Bizantina-di-Salonicco-Foto-di-Dimitris-Vetsikas-da-Pixabay.webp\" alt=\"lungomare-di-salonicco-con-passanti-a-piedi-e-in-bici-qualche-panchina-il-mare-davanti\" width=\"870\" height=\"555\" srcset=\"https:\/\/www.tourgreciaclassica.it\/2025\/wp-content\/uploads\/2023\/08\/Museo-della-Cultura-Bizantina-di-Salonicco-Foto-di-Dimitris-Vetsikas-da-Pixabay.webp 870w, https:\/\/www.tourgreciaclassica.it\/2025\/wp-content\/uploads\/2023\/08\/Museo-della-Cultura-Bizantina-di-Salonicco-Foto-di-Dimitris-Vetsikas-da-Pixabay-300x191.webp 300w, https:\/\/www.tourgreciaclassica.it\/2025\/wp-content\/uploads\/2023\/08\/Museo-della-Cultura-Bizantina-di-Salonicco-Foto-di-Dimitris-Vetsikas-da-Pixabay-768x490.webp 768w\" sizes=\"auto, (max-width: 870px) 100vw, 870px\" \/><\/h2>\n<p><em>Sul lungomare di Salonicco<\/em><\/p>\n<p>&nbsp;<\/p>\n<h2>Aggiungi un\u2019escursione al tuo mini tour di Salonicco<\/h2>\n<p>A questi 2 giorni, o 4 quattro giorni, vuoi aggiungere una giornata in pi\u00f9 di svago?<br \/>\nProva a pensare che spesso i luoghi nascondono altri luoghi e che ognuno di noi \u00e8 attratto da qualcosa di specifico.<\/p>\n<p>&nbsp;<\/p>\n<h3><span style=\"color: #33cccc;\">1. Un&#8217;escursione sul Lungomare di Salonicco<\/span><\/h3>\n<p>Se il tuo mini tour di 2 giorni a Salonicco prevede soltanto la parte strettamente legata alle chiese, al Castello, al Museo Archeologico ma, guardando la mappa, scopri che esiste un bel lungomare e che, uno dietro l&#8217;altro, ci sono dei luoghi d&#8217;attrazione interessanti, aggiungi semplicemente l&#8217;escursione di un giorno per vederli.<br \/>\nTipo:<\/p>\n<ul>\n<li>la <em><strong>Torre Bianca<\/strong><\/em>;<\/li>\n<li>l&#8217;istallazione moderna diventata il simbolo della Salonicco Contemporanea, <strong><em>Gli Ombrelli <\/em><\/strong>di Zongolopoulos;<\/li>\n<li>il <strong>Museo della Fotografia<\/strong>;<\/li>\n<li>il <strong>Museo Ebraico di Salonicco<\/strong>;<\/li>\n<li>il quartiere di <strong>Ladadika<\/strong> dove potresti gustarti un pranzo o una cena davvero locali e strepitosi.<\/li>\n<\/ul>\n<p>&nbsp;<\/p>\n<p><em><img loading=\"lazy\" decoding=\"async\" class=\"aligncenter wp-image-20160 size-full\" src=\"http:\/\/www.tourgreciaclassica.it\/2025\/wp-content\/uploads\/2023\/08\/gli-ombrelli-istallazione-sul-lungomare-di-salonicco-simbolo-di-contemporaneita.webp\" alt=\"una sfilza di ombrellini trasparenti sono fissati a delle aste verticali, dieto un tramonto violaceo rosato\" width=\"870\" height=\"555\" srcset=\"https:\/\/www.tourgreciaclassica.it\/2025\/wp-content\/uploads\/2023\/08\/gli-ombrelli-istallazione-sul-lungomare-di-salonicco-simbolo-di-contemporaneita.webp 870w, https:\/\/www.tourgreciaclassica.it\/2025\/wp-content\/uploads\/2023\/08\/gli-ombrelli-istallazione-sul-lungomare-di-salonicco-simbolo-di-contemporaneita-300x191.webp 300w, https:\/\/www.tourgreciaclassica.it\/2025\/wp-content\/uploads\/2023\/08\/gli-ombrelli-istallazione-sul-lungomare-di-salonicco-simbolo-di-contemporaneita-768x490.webp 768w\" sizes=\"auto, (max-width: 870px) 100vw, 870px\" \/><\/em><\/p>\n<p><em>Gli Ombrelli, istallazione moderna a Salonicco<\/em><\/p>\n<p>&nbsp;<\/p>\n<h3><span style=\"color: #33cccc;\">2. Un&#8217;escursione sulle Orme di San Paolo: Kavala e Filippi<\/span><\/h3>\n<p>Oppure, immagina che puoi seguire le <strong>orme di San Paolo<\/strong> -che da Kavala, a 153 chilometri da Salonicco, inizi\u00f2 il suo viaggio di evangelizzazione verso l&#8217;Occidente-.<br \/>\nA quel punto, l\u2019escursione potresti farla a <em><strong>Kavala<\/strong> <\/em>dove si trova la <em>Casa di Lidia<\/em>, ovvero la prima donna battezzata cristiana\u00b8 e a <em><strong>Filippi<\/strong><\/em>, luogo ricordato nella Bibbia con la famosa <em>\u201clettera ai Filippesi\u201d<\/em>.<br \/>\nA Kavala, tra l\u2019altro, nella zona di <em><strong>Biblia Chora<\/strong><\/em>, puoi degustare il vino decantato da Omero, il &#8220;<em>Biblinos&#8221;<\/em>, la cui vite \u00e8 considerata la pi\u00f9 antica al mondo.<\/p>\n<p>&nbsp;<\/p>\n<h3><img loading=\"lazy\" decoding=\"async\" class=\"aligncenter wp-image-15122 size-full\" src=\"http:\/\/www.tourgreciaclassica.it\/2025\/wp-content\/uploads\/2022\/02\/service_grecia-filippi-sito-2092_11896-1024x1024-1.webp\" alt=\"filippi\" width=\"870\" height=\"555\" srcset=\"https:\/\/www.tourgreciaclassica.it\/2025\/wp-content\/uploads\/2022\/02\/service_grecia-filippi-sito-2092_11896-1024x1024-1.webp 870w, https:\/\/www.tourgreciaclassica.it\/2025\/wp-content\/uploads\/2022\/02\/service_grecia-filippi-sito-2092_11896-1024x1024-1-300x191.webp 300w, https:\/\/www.tourgreciaclassica.it\/2025\/wp-content\/uploads\/2022\/02\/service_grecia-filippi-sito-2092_11896-1024x1024-1-768x490.webp 768w\" sizes=\"auto, (max-width: 870px) 100vw, 870px\" \/><\/h3>\n<p><em>Sito archeologico di Filippi<\/em><\/p>\n<p>&nbsp;<\/p>\n<h3><span style=\"color: #33cccc;\">3. Un&#8217;escursione enologica: la Vigna Comunale di Salonicco<\/span><\/h3>\n<p>Se poi in citt\u00e0 vuoi approfondire qualcosa legato alla tradizione vitivinicola c\u2019\u00e8 un\u2019esperienza davvero unica che potresti fare: Salonicco \u00e8 la sola citt\u00e0 greca a disporre di una <strong>Vigna Comunale in citt\u00e0<\/strong>.<br \/>\nNon solo degusti il vino, il <em>Gorgona<\/em>, ma acquistandolo contribuisci ai vari progetti solidali della vigna stessa.<\/p>\n<p>&nbsp;<\/p>\n<h3><img loading=\"lazy\" decoding=\"async\" class=\"aligncenter wp-image-20156 size-full\" src=\"http:\/\/www.tourgreciaclassica.it\/2025\/wp-content\/uploads\/2023\/08\/vigna-comunale-salonicco-urbanvineyards.org_.webp\" alt=\"in-primo-piano-la-vite-in-mezzo-adei-fiori-della-vigna-di-salonicco\" width=\"870\" height=\"555\" srcset=\"https:\/\/www.tourgreciaclassica.it\/2025\/wp-content\/uploads\/2023\/08\/vigna-comunale-salonicco-urbanvineyards.org_.webp 870w, https:\/\/www.tourgreciaclassica.it\/2025\/wp-content\/uploads\/2023\/08\/vigna-comunale-salonicco-urbanvineyards.org_-300x191.webp 300w, https:\/\/www.tourgreciaclassica.it\/2025\/wp-content\/uploads\/2023\/08\/vigna-comunale-salonicco-urbanvineyards.org_-768x490.webp 768w\" sizes=\"auto, (max-width: 870px) 100vw, 870px\" \/><\/h3>\n<p><em>Vitigno comunale di Salonicco &#8211; Foto: https:\/\/www.urbanvineyards.org\/<\/em><\/p>\n<p>&nbsp;<\/p>\n<h3><span style=\"color: #33cccc;\">4. Una crociera al Monte Athos<\/span><\/h3>\n<p>Il <strong>Monte Athos<\/strong> \u00e8 una delle tre pi\u00f9 piccole penisole della <em>Penisola Calcidica<\/em>,\u00a0 un luogo mistico-religioso su cui possono mettere piede solo uomini con permesso accordato. Alle donne \u00e8 fatto divieto di poggiare anche solo un dito sulla terra dove, si dice, abbia camminato la Vergine Maria.<br \/>\nDall&#8217;acqua si ha comunque una visione dei Monasteri, della loro struttura e stupendo isolamento.<\/p>\n<p>&nbsp;<\/p>\n<p><img loading=\"lazy\" decoding=\"async\" class=\"aligncenter wp-image-19782 size-full\" src=\"http:\/\/www.tourgreciaclassica.it\/2025\/wp-content\/uploads\/2023\/07\/monte-athos-un-eremo-sospeso-tra-le-rocce-per-una-visita-alla-penisola-calcidica-del-tutto-particolare.webp\" alt=\"un-monastero-del-monte-athos-in-cima-a-un-costone-roccioso-perpendicolare-al-cielo-azzurro\" width=\"875\" height=\"555\" srcset=\"https:\/\/www.tourgreciaclassica.it\/2025\/wp-content\/uploads\/2023\/07\/monte-athos-un-eremo-sospeso-tra-le-rocce-per-una-visita-alla-penisola-calcidica-del-tutto-particolare.webp 875w, https:\/\/www.tourgreciaclassica.it\/2025\/wp-content\/uploads\/2023\/07\/monte-athos-un-eremo-sospeso-tra-le-rocce-per-una-visita-alla-penisola-calcidica-del-tutto-particolare-300x190.webp 300w, https:\/\/www.tourgreciaclassica.it\/2025\/wp-content\/uploads\/2023\/07\/monte-athos-un-eremo-sospeso-tra-le-rocce-per-una-visita-alla-penisola-calcidica-del-tutto-particolare-768x487.webp 768w\" sizes=\"auto, (max-width: 875px) 100vw, 875px\" \/><\/p>\n<p><em>Monastero sul Monte Athos<\/em><\/p>\n<p>&nbsp;<\/p>\n<p>Puoi fare questo e molto altro grazie alla enorme <strong>combinabilit\u00e0 dei nostri mini tour ed escursioni<\/strong>.<\/p>\n<p>&nbsp;<\/p>\n<h2>Salonicco una citt\u00e0 da scoprire in 2 giorni<\/h2>\n<p>Salonicco \u00e8 un intreccio strutturato di culture che si sono succedute nei secoli, spesso accavallate, mescolate e hanno prodotto scintille. Sicch\u00e9, all\u2019interno della nuova urbanit\u00e0 moderna -che sicuramente ha deturpato l\u2019ambiente-, rintracciamo per\u00f2 monumenti storici come la <strong><em>Rotonda<\/em> <\/strong>e l\u2019<em><strong>Arco di Galerio<\/strong><\/em>, la <strong><em>chiesa di San Demetrio<\/em><\/strong>, la <strong><em>chiesa di Santa Sofia<\/em><\/strong>, la <strong><em>chiesa dell\u2019Orfano Nicola<\/em><\/strong>, le <strong><em>mura bizantine di Salonicco<\/em><\/strong>, la <strong><em>Torre Bianca<\/em><\/strong>, il <strong><em>Castello Eptapyrgio\u00a0<\/em><\/strong>.<\/p>\n<p>Salonicco non si \u00e8 mai fermata davvero. \u00c8 sempre stata un motore.<br \/>\nForse, non potendo contare su un vero e proprio borgo, ha piantato le sue radici laddove aveva pi\u00f9 esperienza e patrimonio alle spalle: la <strong>gastronomia<\/strong> e anche <strong>l\u2019enologia<\/strong>.<br \/>\nHa lavorato sodo negli anni e tutti quei quartieri di cui prima non si aveva traccia oggi sono al passo coi tempi, il luogo perfetto in cui offrire <strong>un\u2019esperienza locale<\/strong>, un luogo sincero in cui trovare <strong>l\u2019offerta migliore<\/strong>.<br \/>\nMolti negozi sono stati trasformati in taverne, molte aree degradate, ex-qualcosa, hanno trovato la strada per riscattarsi attraverso una ristrutturazione e una visione di futuro.<br \/>\nE, proprio con la <strong>cucina tessalonichese<\/strong> torniamo indietro nel tempo, ai Bizantini e Ottomani, alle storie dei mercanti che trafficavano prodotti di prima qualit\u00e0 e alle storie di povert\u00e0 delle famiglie slave. Assaggiamo quelle che sono state le tradizioni asiatiche, armene, arabiche e -per ultimo- greche.<\/p>\n<p>&nbsp;<\/p>\n<h2><img loading=\"lazy\" decoding=\"async\" class=\"aligncenter wp-image-20043 size-full\" src=\"http:\/\/www.tourgreciaclassica.it\/2025\/wp-content\/uploads\/2023\/08\/Siti-unesco-grecia-del-nord-La-rotonda-salonicco-www.pixabay.comitusersdimitrisvetsikas1969-18579807.webp\" alt=\"la-rotonda-di-galerio-una-struttura-tonda-tra-alberi-e-vegetazioni-una-torretta-di-fianco\" width=\"870\" height=\"555\" srcset=\"https:\/\/www.tourgreciaclassica.it\/2025\/wp-content\/uploads\/2023\/08\/Siti-unesco-grecia-del-nord-La-rotonda-salonicco-www.pixabay.comitusersdimitrisvetsikas1969-18579807.webp 870w, https:\/\/www.tourgreciaclassica.it\/2025\/wp-content\/uploads\/2023\/08\/Siti-unesco-grecia-del-nord-La-rotonda-salonicco-www.pixabay.comitusersdimitrisvetsikas1969-18579807-300x191.webp 300w, https:\/\/www.tourgreciaclassica.it\/2025\/wp-content\/uploads\/2023\/08\/Siti-unesco-grecia-del-nord-La-rotonda-salonicco-www.pixabay.comitusersdimitrisvetsikas1969-18579807-768x490.webp 768w\" sizes=\"auto, (max-width: 870px) 100vw, 870px\" \/><\/h2>\n<p><em>La Rotonda di Salonicco<\/em><\/p>\n<p>&nbsp;<\/p>\n<h2>L\u2019esperenzialit\u00e0 a Salonicco si fa a tavola<\/h2>\n<p>Il folklore di un posto \u00e8 impareggiabile in fatto di emozioni e, per questo, aggiungiamo sempre un po\u2019 di esperenzialit\u00e0 agli itinerari. Per esempio ti suggeriamo di:<\/p>\n<ul>\n<li>fare un piccolissimo tour gastronomico che tocchi almeno un <strong>kafenion<\/strong>, una <strong>ouzeria<\/strong>, una <strong>taverna tipica locale<\/strong> e una <strong>Patsatzidika<\/strong>, dove si mangiano le zuppe di trippa.<\/li>\n<li>raggiungere la tenuta <em>Ktima Gerovassiliou<\/em> per <strong>visitare i suoi vigneti e degustare il vino<\/strong>. Questa \u00e8 la zona di <em>Epanomi<\/em> considerata l\u2019eccellenza delle uve.<\/li>\n<li><strong>rilassarti sulla terrazza del Vanilla World Skybar<\/strong>, alle spalle del porto, dove puoi bere un drink d\u2019autore, goderti un\u2019ambiente home made, molto artigianale ma di lusso, con uno stile tendente all\u2019etnico-moderno.<\/li>\n<li><strong>assaggiare la Bougatsa<\/strong>, un dolce tipico della cucina orientale preparato con pasta fillo e crema, dalle panetterie e pasticcerie della citt\u00e0. Questa centralit\u00e0 e profumo hanno dato a Salonicco l\u2019appellativo di <em>\u201cDolce Madre\u201d<\/em>.<\/li>\n<\/ul>\n<p>&nbsp;<\/p>\n<p><img loading=\"lazy\" decoding=\"async\" class=\"aligncenter wp-image-20137 size-full\" src=\"http:\/\/www.tourgreciaclassica.it\/2025\/wp-content\/uploads\/2023\/08\/vanilla-world-sky-bar-salonicco-night-bar-httpswww.vanillaworldskybar.com_.webp\" alt=\"bar-terrazzato-con-vetrata-ci-sono-molte-persone-dentro-si-chiama-vanilla-world-sky-bar-a-salonicco\" width=\"900\" height=\"350\" srcset=\"https:\/\/www.tourgreciaclassica.it\/2025\/wp-content\/uploads\/2023\/08\/vanilla-world-sky-bar-salonicco-night-bar-httpswww.vanillaworldskybar.com_.webp 900w, https:\/\/www.tourgreciaclassica.it\/2025\/wp-content\/uploads\/2023\/08\/vanilla-world-sky-bar-salonicco-night-bar-httpswww.vanillaworldskybar.com_-300x117.webp 300w, https:\/\/www.tourgreciaclassica.it\/2025\/wp-content\/uploads\/2023\/08\/vanilla-world-sky-bar-salonicco-night-bar-httpswww.vanillaworldskybar.com_-768x299.webp 768w\" sizes=\"auto, (max-width: 900px) 100vw, 900px\" \/><\/p>\n<p><em>Vanilla World Skybar &#8211; Foto: https\/\/www.vanillaworldskybar.com<\/em><\/p>\n<p>&nbsp;<\/p>\n<p>&nbsp;<\/p>\n<p><img loading=\"lazy\" decoding=\"async\" class=\"aligncenter wp-image-20136 size-full\" src=\"http:\/\/www.tourgreciaclassica.it\/2025\/wp-content\/uploads\/2023\/08\/vanilla-world-sky-bar-salonicco-citta-creativa-della-gastronomia-unesco-httpswww.vanillaworldskybar.com_.webp\" alt=\"piatto-di-salonicco-due-crepe-a-mezza-luna-che-formano-un-occhio-di-bue-aperto-a-v-con-un-papavero-e-delle-erbette-a-fare-da-decorazioni\" width=\"870\" height=\"555\" srcset=\"https:\/\/www.tourgreciaclassica.it\/2025\/wp-content\/uploads\/2023\/08\/vanilla-world-sky-bar-salonicco-citta-creativa-della-gastronomia-unesco-httpswww.vanillaworldskybar.com_.webp 870w, https:\/\/www.tourgreciaclassica.it\/2025\/wp-content\/uploads\/2023\/08\/vanilla-world-sky-bar-salonicco-citta-creativa-della-gastronomia-unesco-httpswww.vanillaworldskybar.com_-300x191.webp 300w, https:\/\/www.tourgreciaclassica.it\/2025\/wp-content\/uploads\/2023\/08\/vanilla-world-sky-bar-salonicco-citta-creativa-della-gastronomia-unesco-httpswww.vanillaworldskybar.com_-768x490.webp 768w\" sizes=\"auto, (max-width: 870px) 100vw, 870px\" \/><\/p>\n<p><em>Un piatto dello Skybar &#8211; Foto: https\/\/www.vanillaworldskybar.com<\/em><\/p>\n<p>&nbsp;<\/p>\n<h2>2 giorni a Salonicco e poi vivi la Grecia del Nord<\/h2>\n<p>I <strong>mini tour di ViaggiOggi<\/strong> sono come pezzi di un <em>Lego<\/em>, possono incastrarsi con altri minitour e quindi diventare un tour. Per questo, i 2 giorni a Salonicco, possono facilmente diventare un <strong>Tour della Grecia del Nord<\/strong>.<\/p>\n<p>&nbsp;<\/p>\n<h3><span style=\"color: #33cccc;\">1. Meta imperdibile da Salonicco: Vergina<\/span><\/h3>\n<p>Quindi, ci godiamo 2 giorni in citt\u00e0 ma poi possiamo allargare i nostri orizzonti verso le mete pi\u00f9 vicine.<br \/>\nCombina il minitour con <strong>un\u2019escursione a Vergina<\/strong> per esempio.<br \/>\nQuesto \u00e8 uno dei siti che hanno fatto pi\u00f9 clamore nel nostro secolo per la scoperta della <em>Tomba di Filippo II<\/em>, re di Macedonia e padre di <em>Alessandro Magno<\/em>.<br \/>\nI resti, insieme alla corona d\u2019oro, sono stati rinvenuti all\u2019interno di un\u2019urna d\u2019oro sul cui coperchio compare l&#8217;incisione di un sole. \u00c8 ormai passata alla storia come <strong><em>Sole di Vergina<\/em><\/strong>.<br \/>\nTra l\u2019altro \u00e8 stato ricreato il tumulo esterno per dare l&#8217;impatto scenografico a chi entra di trovarsi davvero in una tomba antica; e, all\u2019interno, con una moderna illuminazione si gode di una suggestiva esposizione dei reperti e tesori.<\/p>\n<p>&nbsp;<\/p>\n<h3><img loading=\"lazy\" decoding=\"async\" class=\"aligncenter wp-image-20157 size-full\" src=\"http:\/\/www.tourgreciaclassica.it\/2025\/wp-content\/uploads\/2023\/08\/CORONA-FILIPPO-II-VERGINA-IN-GRECIA-DEL-NORD.png\" alt=\"\" width=\"870\" height=\"555\" srcset=\"https:\/\/www.tourgreciaclassica.it\/2025\/wp-content\/uploads\/2023\/08\/CORONA-FILIPPO-II-VERGINA-IN-GRECIA-DEL-NORD.png 870w, https:\/\/www.tourgreciaclassica.it\/2025\/wp-content\/uploads\/2023\/08\/CORONA-FILIPPO-II-VERGINA-IN-GRECIA-DEL-NORD-300x191.png 300w, https:\/\/www.tourgreciaclassica.it\/2025\/wp-content\/uploads\/2023\/08\/CORONA-FILIPPO-II-VERGINA-IN-GRECIA-DEL-NORD-768x490.png 768w\" sizes=\"auto, (max-width: 870px) 100vw, 870px\" \/><\/h3>\n<p><em>Corona di Filippo II di Macedonia &#8211; Foto: Cinzia Demuru<\/em><\/p>\n<p>&nbsp;<\/p>\n<h3><span style=\"color: #33cccc;\">2. Aggiungi un mini tour della Penisola Calcidica<\/span><\/h3>\n<p>Ma da Salonicco, puoi raggiungere la <strong>Penisola Calcidica<\/strong> senza doverti per forza imbarcare su un traghetto. La Penisola \u00e8 un vero tesoro per chi ama le spiagge poco affollate, romantiche e remote, a tratti selvagge, il mare trasparente e turchese, la vegetazione una cornice rada e perfetta.<br \/>\nInsomma, ti invitiamo a riflettere su un minitour di 2 giorni a Salonicco che sposi un <strong>minitour di 4 giorni nella Calcidica<\/strong>.<br \/>\nNoleggi un&#8217;auto privata, con autista o senza, e hai la possibilit\u00e0 di prenotare la tua guida privata che parla italiano presso i siti culturali che vuoi visitare.<br \/>\nTi ritrovi in un ambiente poco toccato dal turismo di massa, quindi integro e puoi andare a caccia delle pi\u00f9 belle spiagge che si trovano nelle piccole penisole di <strong><em>Sithonia<\/em> <\/strong>e <strong><em>Kassandra<\/em><\/strong>, oppure imbarcarti e fare il giro della penisola del <strong><em>Monte Athos<\/em><\/strong><em>.<\/em><\/p>\n<p>&nbsp;<\/p>\n<h3><img loading=\"lazy\" decoding=\"async\" class=\"aligncenter wp-image-16788 size-full\" src=\"http:\/\/www.tourgreciaclassica.it\/2025\/wp-content\/uploads\/2022\/05\/calcidica-blu-spiagge-bandiera-blu-e1653462502572.webp\" alt=\"calcidica-blu-spiagge-bandiera-blu\" width=\"871\" height=\"568\" srcset=\"https:\/\/www.tourgreciaclassica.it\/2025\/wp-content\/uploads\/2022\/05\/calcidica-blu-spiagge-bandiera-blu-e1653462502572.webp 871w, https:\/\/www.tourgreciaclassica.it\/2025\/wp-content\/uploads\/2022\/05\/calcidica-blu-spiagge-bandiera-blu-e1653462502572-300x196.webp 300w, https:\/\/www.tourgreciaclassica.it\/2025\/wp-content\/uploads\/2022\/05\/calcidica-blu-spiagge-bandiera-blu-e1653462502572-768x501.webp 768w\" sizes=\"auto, (max-width: 871px) 100vw, 871px\" \/><\/h3>\n<p><em>Calcidica, le spiagge Bandiera Blu<\/em><\/p>\n<p>&nbsp;<\/p>\n<h3><span style=\"color: #33cccc;\">\u00a03. Le esperienze &#8220;naturalistiche&#8221; in Grecia del Nord<\/span><\/h3>\n<p>Da Salonicco si possono raggiungere anche delle mete naturalistiche: una \u00e8 l\u2019isola perfetta di <em><strong>Ammouliani<\/strong><\/em>, ideale per una giornata totalmente distensiva; un altro \u00e8 il <strong><em>Lago di Kerkini<\/em><\/strong>, pi\u00f9 a nord, un paradiso di cormorani e uccelli che vi nidificano; infine sempre da Salonicco \u00e8 facile raggiungere il <em><strong>Monte Olympo <\/strong><\/em>per una salita nel regno degli Dei, e il sito di <em><strong>Meteora<\/strong><\/em>, uno di quei luoghi che ti restano negli occhi per sempre grazie a queste rocce a colonna su cui si ergono in mezzo all\u2019aria i Monasteri costruiti dai monaci atoniti.<\/p>\n<p>&nbsp;<\/p>\n<p><img loading=\"lazy\" decoding=\"async\" class=\"wp-image-16801 size-full\" src=\"http:\/\/www.tourgreciaclassica.it\/2025\/wp-content\/uploads\/2022\/05\/ammouliani-calcidica-blu-grecia-spiagge.jpg\" alt=\"ammouliani-calcidica-blu-grecia-spiagge\" width=\"870\" height=\"555\" srcset=\"https:\/\/www.tourgreciaclassica.it\/2025\/wp-content\/uploads\/2022\/05\/ammouliani-calcidica-blu-grecia-spiagge.jpg 870w, https:\/\/www.tourgreciaclassica.it\/2025\/wp-content\/uploads\/2022\/05\/ammouliani-calcidica-blu-grecia-spiagge-300x191.jpg 300w, https:\/\/www.tourgreciaclassica.it\/2025\/wp-content\/uploads\/2022\/05\/ammouliani-calcidica-blu-grecia-spiagge-768x490.jpg 768w\" sizes=\"auto, (max-width: 870px) 100vw, 870px\" \/><\/p>\n<p><em>Sbarca ad Ammouliani<\/em><\/p>\n<p>&nbsp;<\/p>\n<p><img loading=\"lazy\" decoding=\"async\" class=\"aligncenter wp-image-18974 size-full\" src=\"http:\/\/www.tourgreciaclassica.it\/2025\/wp-content\/uploads\/2023\/05\/meteora-al-tramonto.webp\" alt=\"tramonto-su-meteora-grecia-classica\" width=\"870\" height=\"555\" srcset=\"https:\/\/www.tourgreciaclassica.it\/2025\/wp-content\/uploads\/2023\/05\/meteora-al-tramonto.webp 870w, https:\/\/www.tourgreciaclassica.it\/2025\/wp-content\/uploads\/2023\/05\/meteora-al-tramonto-300x191.webp 300w, https:\/\/www.tourgreciaclassica.it\/2025\/wp-content\/uploads\/2023\/05\/meteora-al-tramonto-768x490.webp 768w\" sizes=\"auto, (max-width: 870px) 100vw, 870px\" \/><\/p>\n<p><em>Sali sui Monasteri di Meteora<\/em><\/p>\n<p>&nbsp;<\/p>\n<p>Salonicco \u00e8 un incrocio, un luogo di grandi scambi culturali e destinazioni vivaci e storiche. Devi solo trovare le tue.<\/p>\n<p>&nbsp;<\/p>\n<h2>Mini tour in Hotel di lusso a Salonicco: Elettra Palace Hotel<\/h2>\n<p>Per un soggiorno molto <em>chic<\/em>, scegli l\u2019edificio concavo che si trova in <strong>Piazza Aristotelou<\/strong> (foto di copertina di<em><strong> Electra Palace Salonicco<\/strong><\/em>) che non \u00e8 solo magnifico da fuori, mentre abbraccia il mare, ma \u00e8 elegante e raffinato anche dentro, pieno di atmosfere artistiche.<br \/>\nPotresti approfittare della piscina al 7\u00b0 piano per rilassarti. Rinfrescati con un drink e aspetta il tramonto, oppure goditi la spa, le acque termali, un massaggio benefico.<br \/>\nL\u2019<strong>ospitalit\u00e0 greca<\/strong> \u00e8 eccezionale e, all\u2019Electra Palace sanno come viziare i clienti.<br \/>\nTroverai stanze e suites ariose, delicate, arredate con gusto e, alle pareti, molti quadri e oggetti d\u2019arte, alcuni provenienti dalla collezione delle Avanguardie russe del magnate George Costakis.<\/p>\n<p>&nbsp;<\/p>\n<p><img loading=\"lazy\" decoding=\"async\" class=\"aligncenter wp-image-20139 size-full\" src=\"http:\/\/www.tourgreciaclassica.it\/2025\/wp-content\/uploads\/2023\/08\/electra-palace-per-soggiornare-durante-il-mini-tour-di-2-giorni-a-salonicco-con-piscina-httpswww.electrahotels.gr_.webp\" alt=\"piscina-della-terrazza-dell-electra-palace-di-salonicco\" width=\"870\" height=\"555\" srcset=\"https:\/\/www.tourgreciaclassica.it\/2025\/wp-content\/uploads\/2023\/08\/electra-palace-per-soggiornare-durante-il-mini-tour-di-2-giorni-a-salonicco-con-piscina-httpswww.electrahotels.gr_.webp 870w, https:\/\/www.tourgreciaclassica.it\/2025\/wp-content\/uploads\/2023\/08\/electra-palace-per-soggiornare-durante-il-mini-tour-di-2-giorni-a-salonicco-con-piscina-httpswww.electrahotels.gr_-300x191.webp 300w, https:\/\/www.tourgreciaclassica.it\/2025\/wp-content\/uploads\/2023\/08\/electra-palace-per-soggiornare-durante-il-mini-tour-di-2-giorni-a-salonicco-con-piscina-httpswww.electrahotels.gr_-768x490.webp 768w\" sizes=\"auto, (max-width: 870px) 100vw, 870px\" \/><\/p>\n<p><em>Piscina con vista sul Golfo Termaico di Salonicco &#8211; Foto: https:\/\/www.electrahotels.gr\/<\/em><\/p>\n<p>&nbsp;<\/p>\n<p><img loading=\"lazy\" decoding=\"async\" class=\"aligncenter wp-image-20140 size-full\" src=\"http:\/\/www.tourgreciaclassica.it\/2025\/wp-content\/uploads\/2023\/08\/opere-d-arte-nelle-sale-dell-electra-palace-hotel-a-salonicco-httpswww.electrahotels.gr_.webp\" alt=\"una-ragazza-vestita-color-ciclamino-guarda-ammirata-un-quadro-che-ha-come-sfondo-il-color-ciclamino-e-un-disegno-astratto\" width=\"870\" height=\"555\" srcset=\"https:\/\/www.tourgreciaclassica.it\/2025\/wp-content\/uploads\/2023\/08\/opere-d-arte-nelle-sale-dell-electra-palace-hotel-a-salonicco-httpswww.electrahotels.gr_.webp 870w, https:\/\/www.tourgreciaclassica.it\/2025\/wp-content\/uploads\/2023\/08\/opere-d-arte-nelle-sale-dell-electra-palace-hotel-a-salonicco-httpswww.electrahotels.gr_-300x191.webp 300w, https:\/\/www.tourgreciaclassica.it\/2025\/wp-content\/uploads\/2023\/08\/opere-d-arte-nelle-sale-dell-electra-palace-hotel-a-salonicco-httpswww.electrahotels.gr_-768x490.webp 768w\" sizes=\"auto, (max-width: 870px) 100vw, 870px\" \/><\/p>\n<p><em>Interni d&#8217;arte all&#8217;Electra Palace &#8211; Foto: https:\/\/www.electrahotels.gr\/<\/em><\/p>\n<p>&nbsp;<\/p>\n<h3>Per il tuo mini tour cena in un Rooftop Restaurant con vista sulla Piazza Aristotelou<\/h3>\n<p>In cima all\u2019Electra Palace, \u00e8 l\u2019<em><strong>Orizontes Roof Garden<\/strong><\/em> a prendere la scena. Si tratta di un ristorante-giardino, affacciato sulla piazza e che spazia verso il mare fino al Monte Olympo.<br \/>\nE&#8217; un posto ideale per una <strong>cena romantica<\/strong>: la cucina \u00e8 particolarissima e perfetta se vuoi fare una sorpresa al tuo compagno o compagna, e l\u2019atmosfera romantica \u00e8 una carezza se vuoi chiudere la giornata con stile.<br \/>\nMa \u00e8 anche il luogo migliore da dove cominciare il secondo giorno a Salonicco: la <strong>colazione greca<\/strong>, ricchissima, colorata ed energizzante, ti aspetta!<\/p>\n<p>&nbsp;<\/p>\n<p><img loading=\"lazy\" decoding=\"async\" class=\"aligncenter wp-image-20138 size-full\" src=\"http:\/\/www.tourgreciaclassica.it\/2025\/wp-content\/uploads\/2023\/08\/colazione-greca-sul-orizontes-roof-garden-dell-electra-palace-per-un-mini-tour-di-2-giorni-a-salonicco-httpswww.electrahotels.gr_-e1692349460797.webp\" alt=\"tre-persone-fanno-colazione-sulla-terrazza-del-ristorante-electra-palace-a-salonicco-con-la-classica-colazione-greca\" width=\"870\" height=\"489\" srcset=\"https:\/\/www.tourgreciaclassica.it\/2025\/wp-content\/uploads\/2023\/08\/colazione-greca-sul-orizontes-roof-garden-dell-electra-palace-per-un-mini-tour-di-2-giorni-a-salonicco-httpswww.electrahotels.gr_-e1692349460797.webp 870w, https:\/\/www.tourgreciaclassica.it\/2025\/wp-content\/uploads\/2023\/08\/colazione-greca-sul-orizontes-roof-garden-dell-electra-palace-per-un-mini-tour-di-2-giorni-a-salonicco-httpswww.electrahotels.gr_-e1692349460797-300x169.webp 300w, https:\/\/www.tourgreciaclassica.it\/2025\/wp-content\/uploads\/2023\/08\/colazione-greca-sul-orizontes-roof-garden-dell-electra-palace-per-un-mini-tour-di-2-giorni-a-salonicco-httpswww.electrahotels.gr_-e1692349460797-768x432.webp 768w\" sizes=\"auto, (max-width: 870px) 100vw, 870px\" \/><\/p>\n<p><em>&#8220;Colazione Greca con vista&#8221; all&#8217;Electra Palace di Salonicco &#8211; Foto: https:\/\/www.electrahotels.gr\/<\/em><\/p>\n<p>&nbsp;<\/p>\n<p>&nbsp;<\/p>\n<h3 style=\"text-align: center;\"><strong>Questo \u00e8 il nostro mini tour di 3 giorni a Salonicco, <\/strong><br \/>\n<strong>un <span style=\"color: #33cccc;\"><a style=\"color: #33cccc;\" href=\"https:\/\/tourgreciaclassica.it\/viaggi-grecia\/weekend-a-salonicco\/\" target=\"_blank\" rel=\"noopener\"><em>City Tour<\/em><\/a> <\/span>che ti piacer\u00e0<\/strong><\/h3>\n<p>&nbsp;<\/p>\n<p>&nbsp;<\/p>\n<p>&nbsp;<\/p>\n<p>&nbsp;<\/p>\n<p>&nbsp;<\/p>\n","protected":false},"excerpt":{"rendered":"<p>La Salonicco dei popoli e delle tradizioni Il mini tour di 2 giorni a Salonicco \u00e8 un modo molto smart di \u201cassaggiare\u201d la citt\u00e0. Per anni, Salonicco \u00e8 stata considerata un punto di transizione, un luogo di passaggio, lo scalo aereo utile per imbarcarsi su un traghetto. Eppure, una forza ben custodita \u00e8 riemersa, qua&hellip;<\/p>\n","protected":false},"author":1,"featured_media":20135,"comment_status":"closed","ping_status":"open","sticky":false,"template":"","format":"standard","meta":{"_acf_changed":false,"footnotes":""},"categories":[121,123],"tags":[],"class_list":["post-20150","post","type-post","status-publish","format-standard","has-post-thumbnail","hentry","category-blog","category-grecia","category-121","category-123","description-off"],"acf":[],"yoast_head":"<!-- This site is optimized with the Yoast SEO Premium plugin v24.6 (Yoast SEO v24.9) - https:\/\/yoast.com\/wordpress\/plugins\/seo\/ -->\n<title>Mini tour di 2 giorni a Salonicco: imperdibili sorprese!<\/title>\n<meta name=\"description\" content=\"Il mini tour di 2 giorni a Salonicco \u00e8 personalizzabile e ti offre la possibilit\u00e0 di scoprire la citt\u00e0, i tesori, il lungomare e i dintorni\" \/>\n<meta name=\"robots\" content=\"index, follow, max-snippet:-1, max-image-preview:large, max-video-preview:-1\" \/>\n<link rel=\"canonical\" href=\"https:\/\/www.tourgreciaclassica.it\/2025\/mini-tour-di-2-giorni-a-salonicco-imperdibili-sorprese\/\" \/>\n<meta property=\"og:locale\" content=\"it_IT\" \/>\n<meta property=\"og:type\" content=\"article\" \/>\n<meta property=\"og:title\" content=\"Mini tour di 2 giorni a Salonicco: imperdibili sorprese!\" \/>\n<meta property=\"og:description\" content=\"Il mini tour di 2 giorni a Salonicco \u00e8 personalizzabile e ti offre la possibilit\u00e0 di scoprire la citt\u00e0, i tesori, il lungomare e i dintorni\" \/>\n<meta property=\"og:url\" content=\"https:\/\/www.tourgreciaclassica.it\/2025\/mini-tour-di-2-giorni-a-salonicco-imperdibili-sorprese\/\" \/>\n<meta property=\"og:site_name\" content=\"Tour Grecia Classica\" \/>\n<meta property=\"article:publisher\" content=\"https:\/\/www.facebook.com\/TourGreciaclassica.it\" \/>\n<meta property=\"article:published_time\" content=\"2023-08-18T09:08:18+00:00\" \/>\n<meta property=\"og:image\" content=\"https:\/\/www.tourgreciaclassica.it\/2025\/wp-content\/uploads\/2023\/08\/PIAZZA-ARISTOTELOU-CON-ELECTRA-PALACE-FOTO-electrahotels.gr_.webp\" \/>\n\t<meta property=\"og:image:width\" content=\"870\" \/>\n\t<meta property=\"og:image:height\" content=\"555\" \/>\n\t<meta property=\"og:image:type\" content=\"image\/webp\" \/>\n<meta name=\"author\" content=\"admin\" \/>\n<meta name=\"twitter:card\" content=\"summary_large_image\" \/>\n<meta name=\"twitter:label1\" content=\"Scritto da\" \/>\n\t<meta name=\"twitter:data1\" content=\"admin\" \/>\n\t<meta name=\"twitter:label2\" content=\"Tempo di lettura stimato\" \/>\n\t<meta name=\"twitter:data2\" content=\"17 minuti\" \/>\n<script type=\"application\/ld+json\" class=\"yoast-schema-graph\">{\"@context\":\"https:\/\/schema.org\",\"@graph\":[{\"@type\":\"Article\",\"@id\":\"https:\/\/www.tourgreciaclassica.it\/2025\/mini-tour-di-2-giorni-a-salonicco-imperdibili-sorprese\/#article\",\"isPartOf\":{\"@id\":\"https:\/\/www.tourgreciaclassica.it\/2025\/mini-tour-di-2-giorni-a-salonicco-imperdibili-sorprese\/\"},\"author\":{\"name\":\"admin\",\"@id\":\"https:\/\/www.tourgreciaclassica.it\/2025\/#\/schema\/person\/0e3e6b079358c2add1633cedac8d1fd4\"},\"headline\":\"Mini tour di 2 giorni a Salonicco: imperdibili sorprese!\",\"datePublished\":\"2023-08-18T09:08:18+00:00\",\"mainEntityOfPage\":{\"@id\":\"https:\/\/www.tourgreciaclassica.it\/2025\/mini-tour-di-2-giorni-a-salonicco-imperdibili-sorprese\/\"},\"wordCount\":2522,\"publisher\":{\"@id\":\"https:\/\/www.tourgreciaclassica.it\/2025\/#organization\"},\"image\":{\"@id\":\"https:\/\/www.tourgreciaclassica.it\/2025\/mini-tour-di-2-giorni-a-salonicco-imperdibili-sorprese\/#primaryimage\"},\"thumbnailUrl\":\"https:\/\/www.tourgreciaclassica.it\/2025\/wp-content\/uploads\/2023\/08\/PIAZZA-ARISTOTELOU-CON-ELECTRA-PALACE-FOTO-electrahotels.gr_.webp\",\"articleSection\":[\"Blog di tourgreciaclassica Racconti di viaggio\",\"Grecia\"],\"inLanguage\":\"it-IT\"},{\"@type\":\"WebPage\",\"@id\":\"https:\/\/www.tourgreciaclassica.it\/2025\/mini-tour-di-2-giorni-a-salonicco-imperdibili-sorprese\/\",\"url\":\"https:\/\/www.tourgreciaclassica.it\/2025\/mini-tour-di-2-giorni-a-salonicco-imperdibili-sorprese\/\",\"name\":\"Mini tour di 2 giorni a Salonicco: imperdibili sorprese!\",\"isPartOf\":{\"@id\":\"https:\/\/www.tourgreciaclassica.it\/2025\/#website\"},\"primaryImageOfPage\":{\"@id\":\"https:\/\/www.tourgreciaclassica.it\/2025\/mini-tour-di-2-giorni-a-salonicco-imperdibili-sorprese\/#primaryimage\"},\"image\":{\"@id\":\"https:\/\/www.tourgreciaclassica.it\/2025\/mini-tour-di-2-giorni-a-salonicco-imperdibili-sorprese\/#primaryimage\"},\"thumbnailUrl\":\"https:\/\/www.tourgreciaclassica.it\/2025\/wp-content\/uploads\/2023\/08\/PIAZZA-ARISTOTELOU-CON-ELECTRA-PALACE-FOTO-electrahotels.gr_.webp\",\"datePublished\":\"2023-08-18T09:08:18+00:00\",\"description\":\"Il mini tour di 2 giorni a Salonicco \u00e8 personalizzabile e ti offre la possibilit\u00e0 di scoprire la citt\u00e0, i tesori, il lungomare e i dintorni\",\"breadcrumb\":{\"@id\":\"https:\/\/www.tourgreciaclassica.it\/2025\/mini-tour-di-2-giorni-a-salonicco-imperdibili-sorprese\/#breadcrumb\"},\"inLanguage\":\"it-IT\",\"potentialAction\":[{\"@type\":\"ReadAction\",\"target\":[\"https:\/\/www.tourgreciaclassica.it\/2025\/mini-tour-di-2-giorni-a-salonicco-imperdibili-sorprese\/\"]}]},{\"@type\":\"ImageObject\",\"inLanguage\":\"it-IT\",\"@id\":\"https:\/\/www.tourgreciaclassica.it\/2025\/mini-tour-di-2-giorni-a-salonicco-imperdibili-sorprese\/#primaryimage\",\"url\":\"https:\/\/www.tourgreciaclassica.it\/2025\/wp-content\/uploads\/2023\/08\/PIAZZA-ARISTOTELOU-CON-ELECTRA-PALACE-FOTO-electrahotels.gr_.webp\",\"contentUrl\":\"https:\/\/www.tourgreciaclassica.it\/2025\/wp-content\/uploads\/2023\/08\/PIAZZA-ARISTOTELOU-CON-ELECTRA-PALACE-FOTO-electrahotels.gr_.webp\",\"width\":870,\"height\":555,\"caption\":\"PIAZZA-ARISTOTELOU-A-SALONICCO-CON-GRANDE-PIAZZALE-E-EDIFICI-CONCAVI-TRA-CUI-PARTE-UNA-STRADA-TUTTA-ILLUMINATA-VERTICALE\"},{\"@type\":\"BreadcrumbList\",\"@id\":\"https:\/\/www.tourgreciaclassica.it\/2025\/mini-tour-di-2-giorni-a-salonicco-imperdibili-sorprese\/#breadcrumb\",\"itemListElement\":[{\"@type\":\"ListItem\",\"position\":1,\"name\":\"Home\",\"item\":\"https:\/\/www.tourgreciaclassica.it\/2025\/\"},{\"@type\":\"ListItem\",\"position\":2,\"name\":\"Mini tour di 2 giorni a Salonicco: imperdibili sorprese!\"}]},{\"@type\":\"WebSite\",\"@id\":\"https:\/\/www.tourgreciaclassica.it\/2025\/#website\",\"url\":\"https:\/\/www.tourgreciaclassica.it\/2025\/\",\"name\":\"Tour Grecia Classica\",\"description\":\"\",\"publisher\":{\"@id\":\"https:\/\/www.tourgreciaclassica.it\/2025\/#organization\"},\"potentialAction\":[{\"@type\":\"SearchAction\",\"target\":{\"@type\":\"EntryPoint\",\"urlTemplate\":\"https:\/\/www.tourgreciaclassica.it\/2025\/?s={search_term_string}\"},\"query-input\":{\"@type\":\"PropertyValueSpecification\",\"valueRequired\":true,\"valueName\":\"search_term_string\"}}],\"inLanguage\":\"it-IT\"},{\"@type\":\"Organization\",\"@id\":\"https:\/\/www.tourgreciaclassica.it\/2025\/#organization\",\"name\":\"tourgreciaclassica\",\"alternateName\":\"TGC\",\"url\":\"https:\/\/www.tourgreciaclassica.it\/2025\/\",\"logo\":{\"@type\":\"ImageObject\",\"inLanguage\":\"it-IT\",\"@id\":\"https:\/\/www.tourgreciaclassica.it\/2025\/#\/schema\/logo\/image\/\",\"url\":\"http:\/\/www.tourgreciaclassica.it\/2025\/wp-content\/uploads\/2025\/03\/logo-TGC-4-quadrato.jpg\",\"contentUrl\":\"http:\/\/www.tourgreciaclassica.it\/2025\/wp-content\/uploads\/2025\/03\/logo-TGC-4-quadrato.jpg\",\"width\":343,\"height\":343,\"caption\":\"tourgreciaclassica\"},\"image\":{\"@id\":\"https:\/\/www.tourgreciaclassica.it\/2025\/#\/schema\/logo\/image\/\"},\"sameAs\":[\"https:\/\/www.facebook.com\/TourGreciaclassica.it\",\"https:\/\/www.instagram.com\/tourgreciaclassica\/\",\"https:\/\/www.youtube.com\/channel\/UCaOTv7IUY6KfodamHtKWZAg\"],\"description\":\"tourgreciaclassica.it \u00e8 un catalogo di viaggio della ViaggiOggi Su Misura. \u201cSiamo un Tour Operator greco che per caso vive in Italia\u201d questo \u00e8 quello che diciamo sul nostro conto quando ci presentiamo perch\u00e9, di fatto, sin da quando abbiamo iniziato a muovere i primi passi in Grecia, ben 28 anni fa \u2013era il 1992\u2013 ci siamo sentiti parte di quel mare, di quelle isole, di quella gente. In questo catalogo di viaggio vengono presentati i prodotti di punta della ViaggiOggi: tour, mini tour, crociere, escursioni e hotel esclusivi in Grecia. ViaggiOggi nasce in Grecia e nel tempo aggiunge altre linee di prodotto quali Spagna, Portogallo e Nord Europa per crescere e per incontrare la richiesta di pi\u00f9 clienti.\",\"email\":\"info@tourgreciaclassica.it\",\"telephone\":\"+39 06 489 03 604\"},{\"@type\":\"Person\",\"@id\":\"https:\/\/www.tourgreciaclassica.it\/2025\/#\/schema\/person\/0e3e6b079358c2add1633cedac8d1fd4\",\"name\":\"admin\",\"image\":{\"@type\":\"ImageObject\",\"inLanguage\":\"it-IT\",\"@id\":\"https:\/\/www.tourgreciaclassica.it\/2025\/#\/schema\/person\/image\/\",\"url\":\"https:\/\/secure.gravatar.com\/avatar\/ddad26e070a000bd5b73c44a445bcbca0db0ca868994a3d87bb6789af93258a0?s=96&d=blank&r=g\",\"contentUrl\":\"https:\/\/secure.gravatar.com\/avatar\/ddad26e070a000bd5b73c44a445bcbca0db0ca868994a3d87bb6789af93258a0?s=96&d=blank&r=g\",\"caption\":\"admin\"},\"sameAs\":[\"http:\/\/www.tourgreciaclassica.it\/2025\"]}]}<\/script>\n<!-- \/ Yoast SEO Premium plugin. -->","yoast_head_json":{"title":"Mini tour di 2 giorni a Salonicco: imperdibili sorprese!","description":"Il mini tour di 2 giorni a Salonicco \u00e8 personalizzabile e ti offre la possibilit\u00e0 di scoprire la citt\u00e0, i tesori, il lungomare e i dintorni","robots":{"index":"index","follow":"follow","max-snippet":"max-snippet:-1","max-image-preview":"max-image-preview:large","max-video-preview":"max-video-preview:-1"},"canonical":"https:\/\/www.tourgreciaclassica.it\/2025\/mini-tour-di-2-giorni-a-salonicco-imperdibili-sorprese\/","og_locale":"it_IT","og_type":"article","og_title":"Mini tour di 2 giorni a Salonicco: imperdibili sorprese!","og_description":"Il mini tour di 2 giorni a Salonicco \u00e8 personalizzabile e ti offre la possibilit\u00e0 di scoprire la citt\u00e0, i tesori, il lungomare e i dintorni","og_url":"https:\/\/www.tourgreciaclassica.it\/2025\/mini-tour-di-2-giorni-a-salonicco-imperdibili-sorprese\/","og_site_name":"Tour Grecia Classica","article_publisher":"https:\/\/www.facebook.com\/TourGreciaclassica.it","article_published_time":"2023-08-18T09:08:18+00:00","og_image":[{"width":870,"height":555,"url":"https:\/\/www.tourgreciaclassica.it\/2025\/wp-content\/uploads\/2023\/08\/PIAZZA-ARISTOTELOU-CON-ELECTRA-PALACE-FOTO-electrahotels.gr_.webp","type":"image\/webp"}],"author":"admin","twitter_card":"summary_large_image","twitter_misc":{"Scritto da":"admin","Tempo di lettura stimato":"17 minuti"},"schema":{"@context":"https:\/\/schema.org","@graph":[{"@type":"Article","@id":"https:\/\/www.tourgreciaclassica.it\/2025\/mini-tour-di-2-giorni-a-salonicco-imperdibili-sorprese\/#article","isPartOf":{"@id":"https:\/\/www.tourgreciaclassica.it\/2025\/mini-tour-di-2-giorni-a-salonicco-imperdibili-sorprese\/"},"author":{"name":"admin","@id":"https:\/\/www.tourgreciaclassica.it\/2025\/#\/schema\/person\/0e3e6b079358c2add1633cedac8d1fd4"},"headline":"Mini tour di 2 giorni a Salonicco: imperdibili sorprese!","datePublished":"2023-08-18T09:08:18+00:00","mainEntityOfPage":{"@id":"https:\/\/www.tourgreciaclassica.it\/2025\/mini-tour-di-2-giorni-a-salonicco-imperdibili-sorprese\/"},"wordCount":2522,"publisher":{"@id":"https:\/\/www.tourgreciaclassica.it\/2025\/#organization"},"image":{"@id":"https:\/\/www.tourgreciaclassica.it\/2025\/mini-tour-di-2-giorni-a-salonicco-imperdibili-sorprese\/#primaryimage"},"thumbnailUrl":"https:\/\/www.tourgreciaclassica.it\/2025\/wp-content\/uploads\/2023\/08\/PIAZZA-ARISTOTELOU-CON-ELECTRA-PALACE-FOTO-electrahotels.gr_.webp","articleSection":["Blog di tourgreciaclassica Racconti di viaggio","Grecia"],"inLanguage":"it-IT"},{"@type":"WebPage","@id":"https:\/\/www.tourgreciaclassica.it\/2025\/mini-tour-di-2-giorni-a-salonicco-imperdibili-sorprese\/","url":"https:\/\/www.tourgreciaclassica.it\/2025\/mini-tour-di-2-giorni-a-salonicco-imperdibili-sorprese\/","name":"Mini tour di 2 giorni a Salonicco: imperdibili sorprese!","isPartOf":{"@id":"https:\/\/www.tourgreciaclassica.it\/2025\/#website"},"primaryImageOfPage":{"@id":"https:\/\/www.tourgreciaclassica.it\/2025\/mini-tour-di-2-giorni-a-salonicco-imperdibili-sorprese\/#primaryimage"},"image":{"@id":"https:\/\/www.tourgreciaclassica.it\/2025\/mini-tour-di-2-giorni-a-salonicco-imperdibili-sorprese\/#primaryimage"},"thumbnailUrl":"https:\/\/www.tourgreciaclassica.it\/2025\/wp-content\/uploads\/2023\/08\/PIAZZA-ARISTOTELOU-CON-ELECTRA-PALACE-FOTO-electrahotels.gr_.webp","datePublished":"2023-08-18T09:08:18+00:00","description":"Il mini tour di 2 giorni a Salonicco \u00e8 personalizzabile e ti offre la possibilit\u00e0 di scoprire la citt\u00e0, i tesori, il lungomare e i dintorni","breadcrumb":{"@id":"https:\/\/www.tourgreciaclassica.it\/2025\/mini-tour-di-2-giorni-a-salonicco-imperdibili-sorprese\/#breadcrumb"},"inLanguage":"it-IT","potentialAction":[{"@type":"ReadAction","target":["https:\/\/www.tourgreciaclassica.it\/2025\/mini-tour-di-2-giorni-a-salonicco-imperdibili-sorprese\/"]}]},{"@type":"ImageObject","inLanguage":"it-IT","@id":"https:\/\/www.tourgreciaclassica.it\/2025\/mini-tour-di-2-giorni-a-salonicco-imperdibili-sorprese\/#primaryimage","url":"https:\/\/www.tourgreciaclassica.it\/2025\/wp-content\/uploads\/2023\/08\/PIAZZA-ARISTOTELOU-CON-ELECTRA-PALACE-FOTO-electrahotels.gr_.webp","contentUrl":"https:\/\/www.tourgreciaclassica.it\/2025\/wp-content\/uploads\/2023\/08\/PIAZZA-ARISTOTELOU-CON-ELECTRA-PALACE-FOTO-electrahotels.gr_.webp","width":870,"height":555,"caption":"PIAZZA-ARISTOTELOU-A-SALONICCO-CON-GRANDE-PIAZZALE-E-EDIFICI-CONCAVI-TRA-CUI-PARTE-UNA-STRADA-TUTTA-ILLUMINATA-VERTICALE"},{"@type":"BreadcrumbList","@id":"https:\/\/www.tourgreciaclassica.it\/2025\/mini-tour-di-2-giorni-a-salonicco-imperdibili-sorprese\/#breadcrumb","itemListElement":[{"@type":"ListItem","position":1,"name":"Home","item":"https:\/\/www.tourgreciaclassica.it\/2025\/"},{"@type":"ListItem","position":2,"name":"Mini tour di 2 giorni a Salonicco: imperdibili sorprese!"}]},{"@type":"WebSite","@id":"https:\/\/www.tourgreciaclassica.it\/2025\/#website","url":"https:\/\/www.tourgreciaclassica.it\/2025\/","name":"Tour Grecia Classica","description":"","publisher":{"@id":"https:\/\/www.tourgreciaclassica.it\/2025\/#organization"},"potentialAction":[{"@type":"SearchAction","target":{"@type":"EntryPoint","urlTemplate":"https:\/\/www.tourgreciaclassica.it\/2025\/?s={search_term_string}"},"query-input":{"@type":"PropertyValueSpecification","valueRequired":true,"valueName":"search_term_string"}}],"inLanguage":"it-IT"},{"@type":"Organization","@id":"https:\/\/www.tourgreciaclassica.it\/2025\/#organization","name":"tourgreciaclassica","alternateName":"TGC","url":"https:\/\/www.tourgreciaclassica.it\/2025\/","logo":{"@type":"ImageObject","inLanguage":"it-IT","@id":"https:\/\/www.tourgreciaclassica.it\/2025\/#\/schema\/logo\/image\/","url":"http:\/\/www.tourgreciaclassica.it\/2025\/wp-content\/uploads\/2025\/03\/logo-TGC-4-quadrato.jpg","contentUrl":"http:\/\/www.tourgreciaclassica.it\/2025\/wp-content\/uploads\/2025\/03\/logo-TGC-4-quadrato.jpg","width":343,"height":343,"caption":"tourgreciaclassica"},"image":{"@id":"https:\/\/www.tourgreciaclassica.it\/2025\/#\/schema\/logo\/image\/"},"sameAs":["https:\/\/www.facebook.com\/TourGreciaclassica.it","https:\/\/www.instagram.com\/tourgreciaclassica\/","https:\/\/www.youtube.com\/channel\/UCaOTv7IUY6KfodamHtKWZAg"],"description":"tourgreciaclassica.it \u00e8 un catalogo di viaggio della ViaggiOggi Su Misura. \u201cSiamo un Tour Operator greco che per caso vive in Italia\u201d questo \u00e8 quello che diciamo sul nostro conto quando ci presentiamo perch\u00e9, di fatto, sin da quando abbiamo iniziato a muovere i primi passi in Grecia, ben 28 anni fa \u2013era il 1992\u2013 ci siamo sentiti parte di quel mare, di quelle isole, di quella gente. In questo catalogo di viaggio vengono presentati i prodotti di punta della ViaggiOggi: tour, mini tour, crociere, escursioni e hotel esclusivi in Grecia. ViaggiOggi nasce in Grecia e nel tempo aggiunge altre linee di prodotto quali Spagna, Portogallo e Nord Europa per crescere e per incontrare la richiesta di pi\u00f9 clienti.","email":"info@tourgreciaclassica.it","telephone":"+39 06 489 03 604"},{"@type":"Person","@id":"https:\/\/www.tourgreciaclassica.it\/2025\/#\/schema\/person\/0e3e6b079358c2add1633cedac8d1fd4","name":"admin","image":{"@type":"ImageObject","inLanguage":"it-IT","@id":"https:\/\/www.tourgreciaclassica.it\/2025\/#\/schema\/person\/image\/","url":"https:\/\/secure.gravatar.com\/avatar\/ddad26e070a000bd5b73c44a445bcbca0db0ca868994a3d87bb6789af93258a0?s=96&d=blank&r=g","contentUrl":"https:\/\/secure.gravatar.com\/avatar\/ddad26e070a000bd5b73c44a445bcbca0db0ca868994a3d87bb6789af93258a0?s=96&d=blank&r=g","caption":"admin"},"sameAs":["http:\/\/www.tourgreciaclassica.it\/2025"]}]}},"_links":{"self":[{"href":"https:\/\/www.tourgreciaclassica.it\/2025\/wp-json\/wp\/v2\/posts\/20150","targetHints":{"allow":["GET"]}}],"collection":[{"href":"https:\/\/www.tourgreciaclassica.it\/2025\/wp-json\/wp\/v2\/posts"}],"about":[{"href":"https:\/\/www.tourgreciaclassica.it\/2025\/wp-json\/wp\/v2\/types\/post"}],"author":[{"embeddable":true,"href":"https:\/\/www.tourgreciaclassica.it\/2025\/wp-json\/wp\/v2\/users\/1"}],"replies":[{"embeddable":true,"href":"https:\/\/www.tourgreciaclassica.it\/2025\/wp-json\/wp\/v2\/comments?post=20150"}],"version-history":[{"count":0,"href":"https:\/\/www.tourgreciaclassica.it\/2025\/wp-json\/wp\/v2\/posts\/20150\/revisions"}],"wp:featuredmedia":[{"embeddable":true,"href":"https:\/\/www.tourgreciaclassica.it\/2025\/wp-json\/wp\/v2\/media\/20135"}],"wp:attachment":[{"href":"https:\/\/www.tourgreciaclassica.it\/2025\/wp-json\/wp\/v2\/media?parent=20150"}],"wp:term":[{"taxonomy":"category","embeddable":true,"href":"https:\/\/www.tourgreciaclassica.it\/2025\/wp-json\/wp\/v2\/categories?post=20150"},{"taxonomy":"post_tag","embeddable":true,"href":"https:\/\/www.tourgreciaclassica.it\/2025\/wp-json\/wp\/v2\/tags?post=20150"}],"curies":[{"name":"wp","href":"https:\/\/api.w.org\/{rel}","templated":true}]}}