{"id":16874,"date":"2022-06-08T11:51:54","date_gmt":"2022-06-08T09:51:54","guid":{"rendered":"https:\/\/tourgreciaclassica.it\/?p=16874"},"modified":"2022-06-08T11:51:54","modified_gmt":"2022-06-08T09:51:54","slug":"volo-per-atene-o-salonicco-piu-caro-del-previsto-e-il-gap-del-sabato","status":"publish","type":"post","link":"https:\/\/www.tourgreciaclassica.it\/2025\/volo-per-atene-o-salonicco-piu-caro-del-previsto-e-il-gap-del-sabato\/","title":{"rendered":"Volo per Atene o Salonicco pi\u00f9 caro del previsto? \u00c8 il gap del sabato"},"content":{"rendered":"<h1>Un volo per Atene con un costo del biglietto giusto non \u00e8 eresia, in un momento di forte boom parti in giorni della settimana diversi dal sabato<\/h1>\n<p>Se vuoi prendere un <strong>volo per Atene<\/strong> o <strong>Salonicco<\/strong> ma sei incappato nel tragico giro dell\u2019inferno del sabato non puoi che trovare prezzi alti e posti occupati.<br \/>\nTutte le agenzie ti propongono la <strong>partenza di sabato<\/strong>, tutte le agenzie ti rispondono che <em>\u201cci dispiace deve partire in altra data, \u00e8 tutto pieno\u201d<\/em>.<br \/>\nLo crediamo bene: il boom che sta vivendo il turismo in questo momento non pu\u00f2 concentrarsi sul sabato per far decollare milioni di persone che vogliono andarsene in vacanza.<\/p>\n<h2>Volo per Atene o Salonicco dal Venerd\u00ec al Marted\u00ec<\/h2>\n<p>Le <strong>proposte di ViaggiOggi<\/strong> sono molto diverse. Gi\u00e0, perch\u00e9 da 30 anni ormai facciamo solo <strong>viaggi su misura<\/strong> e quindi siamo abituati da sempre a lavorare con le esigenze dei nostri clienti. Anzi, con le loro priorit\u00e0.<br \/>\nSoprattutto creiamo <strong>elasticit\u00e0<\/strong> per chi desidera viaggiare e non sempre ha tempi standard. Non abbiamo mai proposto una partenza solo di sabato ad esempio. Le nostre <strong>partenze garantite sono dal Venerd\u00ec al Marted\u00ec<\/strong>, <strong>5 giorni a settimana<\/strong>: ti stiamo quindi suggerendo di cambiare visione.<br \/>\nCambia giorno della settimana e parti. I costi sicuramente non saranno cos\u00ec <em>\u201cingiusti\u201d<\/em> e il posto a bordo sar\u00e0 meno complicato da trovare.<\/p>\n<h3><img loading=\"lazy\" decoding=\"async\" class=\"alignnone wp-image-16877 size-full\" src=\"http:\/\/www.tourgreciaclassica.it\/2025\/wp-content\/uploads\/2022\/06\/volo-per-atene-di-sabato-no.webp\" alt=\"volo-per-atene-di-sabato-no\" width=\"870\" height=\"555\" srcset=\"https:\/\/www.tourgreciaclassica.it\/2025\/wp-content\/uploads\/2022\/06\/volo-per-atene-di-sabato-no.webp 870w, https:\/\/www.tourgreciaclassica.it\/2025\/wp-content\/uploads\/2022\/06\/volo-per-atene-di-sabato-no-300x191.webp 300w, https:\/\/www.tourgreciaclassica.it\/2025\/wp-content\/uploads\/2022\/06\/volo-per-atene-di-sabato-no-768x490.webp 768w\" sizes=\"auto, (max-width: 870px) 100vw, 870px\" \/><\/h3>\n<h3>Costruisci il tuo viaggio personalizzandolo<\/h3>\n<p>Lo stesso puoi fare quando <strong>progetti l\u2019itinerario<\/strong>.<br \/>\nIl bello della Grecia \u00e8 che ha tantissime attrattive e destinazioni da offrire.<\/p>\n<p>Anche in questa prospettiva \u00e8 stato facile trovare per te delle <strong>soluzioni personalizzabili<\/strong>. Cosa vuol dire? Non ci siamo fermati al<em> &#8220;<a href=\"https:\/\/tourgreciaclassica.it\/tour-grecia\/tour-grecia-viaggi-di-gruppo-organizzati\/\" target=\"_blank\" rel=\"noopener\"><strong>tour<\/strong><\/a>&#8220;<\/em> inteso come itinerario base.<br \/>\nQuello che abbiamo fatto \u00e8 stato pensare all\u2019itinerario come a una costruzione di Lego. Ogni pezzo \u00e8 smontabile e godibile separatamente dal resto. I <a href=\"https:\/\/tourgreciaclassica.it\/mini-tour-grecia-di-gruppo-organizzati\/\" target=\"_blank\" rel=\"noopener\"><strong>minitour<\/strong><\/a> di 4-5 giorni sono nati proprio per essere incastrati tra loro o per aggiungere <strong><a href=\"https:\/\/tourgreciaclassica.it\/escursioni-di-gruppo\/\" target=\"_blank\" rel=\"noopener\">escursioni<\/a><\/strong>&#8211;<strong>di una giornata<\/strong> o <strong>mezza giornata<\/strong>&#8211;\u00a0e <a href=\"https:\/\/tourgreciaclassica.it\/st_tour_type\/crociere-grecia\/\" target=\"_blank\" rel=\"noopener\"><strong>crociere verso le isole<\/strong><\/a>.<br \/>\nQuello che possiamo fare \u00e8 aprirti le porte del nostro sito e accoglierti, l\u00ec entri e trovi i pezzi, come dal meccanico, li puoi rimontare secondo le tue <strong>aspettative di viaggio<\/strong>.<\/p>\n<div id=\"attachment_16885\" style=\"width: 824px\" class=\"wp-caption aligncenter\"><img loading=\"lazy\" decoding=\"async\" aria-describedby=\"caption-attachment-16885\" class=\"wp-image-16885 size-full\" src=\"http:\/\/www.tourgreciaclassica.it\/2025\/wp-content\/uploads\/2022\/06\/atene-acropoli-grecia.webp\" alt=\"atene-acropoli-grecia\" width=\"814\" height=\"600\" srcset=\"https:\/\/www.tourgreciaclassica.it\/2025\/wp-content\/uploads\/2022\/06\/atene-acropoli-grecia.webp 814w, https:\/\/www.tourgreciaclassica.it\/2025\/wp-content\/uploads\/2022\/06\/atene-acropoli-grecia-300x221.webp 300w, https:\/\/www.tourgreciaclassica.it\/2025\/wp-content\/uploads\/2022\/06\/atene-acropoli-grecia-768x566.webp 768w\" sizes=\"auto, (max-width: 814px) 100vw, 814px\" \/><p id=\"caption-attachment-16885\" class=\"wp-caption-text\">Da Atene verso il Peloponneso e Meteora<\/p><\/div>\n<h2>Cosa voglio vedere in Grecia? Cosa mi piacerebbe fare da Atene?<\/h2>\n<p>Il volo per Atene lo abbiamo risolto, puoi partire dal Venerd\u00ec al Sabato, quando vuoi, e se non hai voglia di cercarlo e prenotarlo lo possiamo fare noi per te. Ma \u00e8 ora di pensare alla <strong>Grecia<\/strong>, alle sue mete culturali, balneari, spirituali, moderne e antiche.<\/p>\n<h3>Il tour della Grecia Classica con Meteora<\/h3>\n<p>Il <strong>Tour Grecia Classica e Meteora<\/strong> \u00e8 una delle vacanze preferite dai nostri clienti. Perfetto se ami la cultura, i siti archeologici, le emozioni dei grandi paesaggi, la spiritualit\u00e0 delle montagne e la sapienza delle citt\u00e0 che sono state grandi baluardi storici.<\/p>\n<p>Puoi <strong>personalizzare al massimo la tua esperienza<\/strong> aggiungendo tour enogastronomici, cene romantiche, spiagge del Peloponneso incredibili. Prevedi dunque esperienze culinarie e scegli gli hotels giusti e che ti piacciono di pi\u00f9. I contratti diretti con le strutture sono una tua garanzia per un soggiorno memorabile.<\/p>\n<h3><img loading=\"lazy\" decoding=\"async\" class=\"size-medium wp-image-16880 alignleft\" src=\"http:\/\/www.tourgreciaclassica.it\/2025\/wp-content\/uploads\/2022\/06\/volo-per-atene-viaggiare-sicuri-grecia-300x300.webp\" alt=\"volo-per-atene-viaggiare-sicuri-grecia\" width=\"300\" height=\"300\" srcset=\"https:\/\/www.tourgreciaclassica.it\/2025\/wp-content\/uploads\/2022\/06\/volo-per-atene-viaggiare-sicuri-grecia-300x300.webp 300w, https:\/\/www.tourgreciaclassica.it\/2025\/wp-content\/uploads\/2022\/06\/volo-per-atene-viaggiare-sicuri-grecia-200x200.webp 200w, https:\/\/www.tourgreciaclassica.it\/2025\/wp-content\/uploads\/2022\/06\/volo-per-atene-viaggiare-sicuri-grecia-150x150.webp 150w, https:\/\/www.tourgreciaclassica.it\/2025\/wp-content\/uploads\/2022\/06\/volo-per-atene-viaggiare-sicuri-grecia-768x768.webp 768w, https:\/\/www.tourgreciaclassica.it\/2025\/wp-content\/uploads\/2022\/06\/volo-per-atene-viaggiare-sicuri-grecia.webp 900w\" sizes=\"auto, (max-width: 300px) 100vw, 300px\" \/>Siamo al tuo fianco sempre<\/h3>\n<p>Ritagliamo con te ogni piccolo dettaglio e ti siamo vicini sempre, soprattutto consigliandoti l\u2019<strong>assicurazione di viaggio<\/strong>. S\u00ec, non evitarla, prendila come un vantaggio per te stesso. In fondo \u00e8 davvero cos\u00ec.<br \/>\nPensa a una possibile <strong>cancellazione<\/strong>, magari non puoi pi\u00f9 partire, vuoi perdere la somma versata? O pensa a quando i vettori stessi, durante la pandemia, hanno cancellato i voli. Non \u00e8 pensabile perdere i propri soldi. Il Covid ci ha insegnato a tutelarci e a tutelarti. Soprattutto qualora risultassi positivo prima del viaggio o durante. <strong>Copriamo le spese mediche aggiuntive<\/strong>, il periodo di quarantena, provvediamo a riemettere un biglietto di ritorno in altra data, e poi ci occupiamo della <strong>perdita bagaglio<\/strong> che pure \u00e8 tra quelle eventualit\u00e0 che vanno tenute in considerazione.<\/p>\n<p>Insomma, sai che la nostra priorit\u00e0 \u00e8 la tua esperienza, sono le immagini che riporterai indietro dal viaggio, i ricordi che costruirai.<\/p>\n<p>Volare fa bene al cuore!<\/p>\n<p>&nbsp;<\/p>\n","protected":false},"excerpt":{"rendered":"<p>Un volo per Atene con un costo del biglietto giusto non \u00e8 eresia, in un momento di forte boom parti in giorni della settimana diversi dal sabato Se vuoi prendere un volo per Atene o Salonicco ma sei incappato nel tragico giro dell\u2019inferno del sabato non puoi che trovare prezzi alti e posti occupati. Tutte&hellip;<\/p>\n","protected":false},"author":1,"featured_media":16876,"comment_status":"closed","ping_status":"open","sticky":false,"template":"","format":"standard","meta":{"_acf_changed":false,"footnotes":""},"categories":[121,123],"tags":[],"class_list":["post-16874","post","type-post","status-publish","format-standard","has-post-thumbnail","hentry","category-blog","category-grecia","category-121","category-123","description-off"],"acf":[],"yoast_head":"<!-- This site is optimized with the Yoast SEO Premium plugin v24.6 (Yoast SEO v24.9) - https:\/\/yoast.com\/wordpress\/plugins\/seo\/ -->\n<title>Volo per Atene o Salonicco troppo caro? \u00c8 il gap del sabato<\/title>\n<meta name=\"description\" content=\"Se il volo per Atene o Salonicco \u00e8 aumentato e non trovi il posto la soluzione c&#039;\u00e8: parti in un giorno che non sia il sabato, scopri di pi\u00f9\" \/>\n<meta name=\"robots\" content=\"index, follow, max-snippet:-1, max-image-preview:large, max-video-preview:-1\" \/>\n<link rel=\"canonical\" href=\"https:\/\/www.tourgreciaclassica.it\/2025\/volo-per-atene-o-salonicco-piu-caro-del-previsto-e-il-gap-del-sabato\/\" \/>\n<meta property=\"og:locale\" content=\"it_IT\" \/>\n<meta property=\"og:type\" content=\"article\" \/>\n<meta property=\"og:title\" content=\"Volo per Atene o Salonicco pi\u00f9 caro del previsto? \u00c8 il gap del sabato\" \/>\n<meta property=\"og:description\" content=\"Se il volo per Atene o Salonicco \u00e8 aumentato e non trovi il posto la soluzione c&#039;\u00e8: parti in un giorno che non sia il sabato, scopri di pi\u00f9\" \/>\n<meta property=\"og:url\" content=\"https:\/\/www.tourgreciaclassica.it\/2025\/volo-per-atene-o-salonicco-piu-caro-del-previsto-e-il-gap-del-sabato\/\" \/>\n<meta property=\"og:site_name\" content=\"Tour Grecia Classica\" \/>\n<meta property=\"article:publisher\" content=\"https:\/\/www.facebook.com\/TourGreciaclassica.it\" \/>\n<meta property=\"article:published_time\" content=\"2022-06-08T09:51:54+00:00\" \/>\n<meta property=\"og:image\" content=\"https:\/\/www.tourgreciaclassica.it\/2025\/wp-content\/uploads\/2022\/06\/volo-per-atene-come-risparmiare.jpg\" \/>\n\t<meta property=\"og:image:width\" content=\"870\" \/>\n\t<meta property=\"og:image:height\" content=\"555\" \/>\n\t<meta property=\"og:image:type\" content=\"image\/jpeg\" \/>\n<meta name=\"author\" content=\"admin\" \/>\n<meta name=\"twitter:card\" content=\"summary_large_image\" \/>\n<meta name=\"twitter:label1\" content=\"Scritto da\" \/>\n\t<meta name=\"twitter:data1\" content=\"admin\" \/>\n\t<meta name=\"twitter:label2\" content=\"Tempo di lettura stimato\" \/>\n\t<meta name=\"twitter:data2\" content=\"5 minuti\" \/>\n<script type=\"application\/ld+json\" class=\"yoast-schema-graph\">{\"@context\":\"https:\/\/schema.org\",\"@graph\":[{\"@type\":\"Article\",\"@id\":\"https:\/\/www.tourgreciaclassica.it\/2025\/volo-per-atene-o-salonicco-piu-caro-del-previsto-e-il-gap-del-sabato\/#article\",\"isPartOf\":{\"@id\":\"https:\/\/www.tourgreciaclassica.it\/2025\/volo-per-atene-o-salonicco-piu-caro-del-previsto-e-il-gap-del-sabato\/\"},\"author\":{\"name\":\"admin\",\"@id\":\"https:\/\/www.tourgreciaclassica.it\/2025\/#\/schema\/person\/0e3e6b079358c2add1633cedac8d1fd4\"},\"headline\":\"Volo per Atene o Salonicco pi\u00f9 caro del previsto? \u00c8 il gap del sabato\",\"datePublished\":\"2022-06-08T09:51:54+00:00\",\"mainEntityOfPage\":{\"@id\":\"https:\/\/www.tourgreciaclassica.it\/2025\/volo-per-atene-o-salonicco-piu-caro-del-previsto-e-il-gap-del-sabato\/\"},\"wordCount\":677,\"publisher\":{\"@id\":\"https:\/\/www.tourgreciaclassica.it\/2025\/#organization\"},\"image\":{\"@id\":\"https:\/\/www.tourgreciaclassica.it\/2025\/volo-per-atene-o-salonicco-piu-caro-del-previsto-e-il-gap-del-sabato\/#primaryimage\"},\"thumbnailUrl\":\"https:\/\/www.tourgreciaclassica.it\/2025\/wp-content\/uploads\/2022\/06\/volo-per-atene-o-salonicco-scopri-come-risparmiare-grecia.webp\",\"articleSection\":[\"Blog di tourgreciaclassica Racconti di viaggio\",\"Grecia\"],\"inLanguage\":\"it-IT\"},{\"@type\":\"WebPage\",\"@id\":\"https:\/\/www.tourgreciaclassica.it\/2025\/volo-per-atene-o-salonicco-piu-caro-del-previsto-e-il-gap-del-sabato\/\",\"url\":\"https:\/\/www.tourgreciaclassica.it\/2025\/volo-per-atene-o-salonicco-piu-caro-del-previsto-e-il-gap-del-sabato\/\",\"name\":\"Volo per Atene o Salonicco troppo caro? \u00c8 il gap del sabato\",\"isPartOf\":{\"@id\":\"https:\/\/www.tourgreciaclassica.it\/2025\/#website\"},\"primaryImageOfPage\":{\"@id\":\"https:\/\/www.tourgreciaclassica.it\/2025\/volo-per-atene-o-salonicco-piu-caro-del-previsto-e-il-gap-del-sabato\/#primaryimage\"},\"image\":{\"@id\":\"https:\/\/www.tourgreciaclassica.it\/2025\/volo-per-atene-o-salonicco-piu-caro-del-previsto-e-il-gap-del-sabato\/#primaryimage\"},\"thumbnailUrl\":\"https:\/\/www.tourgreciaclassica.it\/2025\/wp-content\/uploads\/2022\/06\/volo-per-atene-o-salonicco-scopri-come-risparmiare-grecia.webp\",\"datePublished\":\"2022-06-08T09:51:54+00:00\",\"description\":\"Se il volo per Atene o Salonicco \u00e8 aumentato e non trovi il posto la soluzione c'\u00e8: parti in un giorno che non sia il sabato, scopri di pi\u00f9\",\"breadcrumb\":{\"@id\":\"https:\/\/www.tourgreciaclassica.it\/2025\/volo-per-atene-o-salonicco-piu-caro-del-previsto-e-il-gap-del-sabato\/#breadcrumb\"},\"inLanguage\":\"it-IT\",\"potentialAction\":[{\"@type\":\"ReadAction\",\"target\":[\"https:\/\/www.tourgreciaclassica.it\/2025\/volo-per-atene-o-salonicco-piu-caro-del-previsto-e-il-gap-del-sabato\/\"]}]},{\"@type\":\"ImageObject\",\"inLanguage\":\"it-IT\",\"@id\":\"https:\/\/www.tourgreciaclassica.it\/2025\/volo-per-atene-o-salonicco-piu-caro-del-previsto-e-il-gap-del-sabato\/#primaryimage\",\"url\":\"https:\/\/www.tourgreciaclassica.it\/2025\/wp-content\/uploads\/2022\/06\/volo-per-atene-o-salonicco-scopri-come-risparmiare-grecia.webp\",\"contentUrl\":\"https:\/\/www.tourgreciaclassica.it\/2025\/wp-content\/uploads\/2022\/06\/volo-per-atene-o-salonicco-scopri-come-risparmiare-grecia.webp\",\"width\":870,\"height\":555,\"caption\":\"volo-per-atene-o-salonicco-scopri-come-risparmiare-grecia\"},{\"@type\":\"BreadcrumbList\",\"@id\":\"https:\/\/www.tourgreciaclassica.it\/2025\/volo-per-atene-o-salonicco-piu-caro-del-previsto-e-il-gap-del-sabato\/#breadcrumb\",\"itemListElement\":[{\"@type\":\"ListItem\",\"position\":1,\"name\":\"Home\",\"item\":\"https:\/\/www.tourgreciaclassica.it\/2025\/\"},{\"@type\":\"ListItem\",\"position\":2,\"name\":\"Volo per Atene o Salonicco pi\u00f9 caro del previsto? \u00c8 il gap del sabato\"}]},{\"@type\":\"WebSite\",\"@id\":\"https:\/\/www.tourgreciaclassica.it\/2025\/#website\",\"url\":\"https:\/\/www.tourgreciaclassica.it\/2025\/\",\"name\":\"Tour Grecia Classica\",\"description\":\"\",\"publisher\":{\"@id\":\"https:\/\/www.tourgreciaclassica.it\/2025\/#organization\"},\"potentialAction\":[{\"@type\":\"SearchAction\",\"target\":{\"@type\":\"EntryPoint\",\"urlTemplate\":\"https:\/\/www.tourgreciaclassica.it\/2025\/?s={search_term_string}\"},\"query-input\":{\"@type\":\"PropertyValueSpecification\",\"valueRequired\":true,\"valueName\":\"search_term_string\"}}],\"inLanguage\":\"it-IT\"},{\"@type\":\"Organization\",\"@id\":\"https:\/\/www.tourgreciaclassica.it\/2025\/#organization\",\"name\":\"tourgreciaclassica\",\"alternateName\":\"TGC\",\"url\":\"https:\/\/www.tourgreciaclassica.it\/2025\/\",\"logo\":{\"@type\":\"ImageObject\",\"inLanguage\":\"it-IT\",\"@id\":\"https:\/\/www.tourgreciaclassica.it\/2025\/#\/schema\/logo\/image\/\",\"url\":\"http:\/\/www.tourgreciaclassica.it\/2025\/wp-content\/uploads\/2025\/03\/logo-TGC-4-quadrato.jpg\",\"contentUrl\":\"http:\/\/www.tourgreciaclassica.it\/2025\/wp-content\/uploads\/2025\/03\/logo-TGC-4-quadrato.jpg\",\"width\":343,\"height\":343,\"caption\":\"tourgreciaclassica\"},\"image\":{\"@id\":\"https:\/\/www.tourgreciaclassica.it\/2025\/#\/schema\/logo\/image\/\"},\"sameAs\":[\"https:\/\/www.facebook.com\/TourGreciaclassica.it\",\"https:\/\/www.instagram.com\/tourgreciaclassica\/\",\"https:\/\/www.youtube.com\/channel\/UCaOTv7IUY6KfodamHtKWZAg\"],\"description\":\"tourgreciaclassica.it \u00e8 un catalogo di viaggio della ViaggiOggi Su Misura. \u201cSiamo un Tour Operator greco che per caso vive in Italia\u201d questo \u00e8 quello che diciamo sul nostro conto quando ci presentiamo perch\u00e9, di fatto, sin da quando abbiamo iniziato a muovere i primi passi in Grecia, ben 28 anni fa \u2013era il 1992\u2013 ci siamo sentiti parte di quel mare, di quelle isole, di quella gente. In questo catalogo di viaggio vengono presentati i prodotti di punta della ViaggiOggi: tour, mini tour, crociere, escursioni e hotel esclusivi in Grecia. ViaggiOggi nasce in Grecia e nel tempo aggiunge altre linee di prodotto quali Spagna, Portogallo e Nord Europa per crescere e per incontrare la richiesta di pi\u00f9 clienti.\",\"email\":\"info@tourgreciaclassica.it\",\"telephone\":\"+39 06 489 03 604\"},{\"@type\":\"Person\",\"@id\":\"https:\/\/www.tourgreciaclassica.it\/2025\/#\/schema\/person\/0e3e6b079358c2add1633cedac8d1fd4\",\"name\":\"admin\",\"image\":{\"@type\":\"ImageObject\",\"inLanguage\":\"it-IT\",\"@id\":\"https:\/\/www.tourgreciaclassica.it\/2025\/#\/schema\/person\/image\/\",\"url\":\"https:\/\/secure.gravatar.com\/avatar\/ddad26e070a000bd5b73c44a445bcbca0db0ca868994a3d87bb6789af93258a0?s=96&d=blank&r=g\",\"contentUrl\":\"https:\/\/secure.gravatar.com\/avatar\/ddad26e070a000bd5b73c44a445bcbca0db0ca868994a3d87bb6789af93258a0?s=96&d=blank&r=g\",\"caption\":\"admin\"},\"sameAs\":[\"http:\/\/www.tourgreciaclassica.it\/2025\"]}]}<\/script>\n<!-- \/ Yoast SEO Premium plugin. -->","yoast_head_json":{"title":"Volo per Atene o Salonicco troppo caro? \u00c8 il gap del sabato","description":"Se il volo per Atene o Salonicco \u00e8 aumentato e non trovi il posto la soluzione c'\u00e8: parti in un giorno che non sia il sabato, scopri di pi\u00f9","robots":{"index":"index","follow":"follow","max-snippet":"max-snippet:-1","max-image-preview":"max-image-preview:large","max-video-preview":"max-video-preview:-1"},"canonical":"https:\/\/www.tourgreciaclassica.it\/2025\/volo-per-atene-o-salonicco-piu-caro-del-previsto-e-il-gap-del-sabato\/","og_locale":"it_IT","og_type":"article","og_title":"Volo per Atene o Salonicco pi\u00f9 caro del previsto? \u00c8 il gap del sabato","og_description":"Se il volo per Atene o Salonicco \u00e8 aumentato e non trovi il posto la soluzione c'\u00e8: parti in un giorno che non sia il sabato, scopri di pi\u00f9","og_url":"https:\/\/www.tourgreciaclassica.it\/2025\/volo-per-atene-o-salonicco-piu-caro-del-previsto-e-il-gap-del-sabato\/","og_site_name":"Tour Grecia Classica","article_publisher":"https:\/\/www.facebook.com\/TourGreciaclassica.it","article_published_time":"2022-06-08T09:51:54+00:00","og_image":[{"width":870,"height":555,"url":"https:\/\/www.tourgreciaclassica.it\/2025\/wp-content\/uploads\/2022\/06\/volo-per-atene-come-risparmiare.jpg","type":"image\/jpeg"}],"author":"admin","twitter_card":"summary_large_image","twitter_misc":{"Scritto da":"admin","Tempo di lettura stimato":"5 minuti"},"schema":{"@context":"https:\/\/schema.org","@graph":[{"@type":"Article","@id":"https:\/\/www.tourgreciaclassica.it\/2025\/volo-per-atene-o-salonicco-piu-caro-del-previsto-e-il-gap-del-sabato\/#article","isPartOf":{"@id":"https:\/\/www.tourgreciaclassica.it\/2025\/volo-per-atene-o-salonicco-piu-caro-del-previsto-e-il-gap-del-sabato\/"},"author":{"name":"admin","@id":"https:\/\/www.tourgreciaclassica.it\/2025\/#\/schema\/person\/0e3e6b079358c2add1633cedac8d1fd4"},"headline":"Volo per Atene o Salonicco pi\u00f9 caro del previsto? \u00c8 il gap del sabato","datePublished":"2022-06-08T09:51:54+00:00","mainEntityOfPage":{"@id":"https:\/\/www.tourgreciaclassica.it\/2025\/volo-per-atene-o-salonicco-piu-caro-del-previsto-e-il-gap-del-sabato\/"},"wordCount":677,"publisher":{"@id":"https:\/\/www.tourgreciaclassica.it\/2025\/#organization"},"image":{"@id":"https:\/\/www.tourgreciaclassica.it\/2025\/volo-per-atene-o-salonicco-piu-caro-del-previsto-e-il-gap-del-sabato\/#primaryimage"},"thumbnailUrl":"https:\/\/www.tourgreciaclassica.it\/2025\/wp-content\/uploads\/2022\/06\/volo-per-atene-o-salonicco-scopri-come-risparmiare-grecia.webp","articleSection":["Blog di tourgreciaclassica Racconti di viaggio","Grecia"],"inLanguage":"it-IT"},{"@type":"WebPage","@id":"https:\/\/www.tourgreciaclassica.it\/2025\/volo-per-atene-o-salonicco-piu-caro-del-previsto-e-il-gap-del-sabato\/","url":"https:\/\/www.tourgreciaclassica.it\/2025\/volo-per-atene-o-salonicco-piu-caro-del-previsto-e-il-gap-del-sabato\/","name":"Volo per Atene o Salonicco troppo caro? \u00c8 il gap del sabato","isPartOf":{"@id":"https:\/\/www.tourgreciaclassica.it\/2025\/#website"},"primaryImageOfPage":{"@id":"https:\/\/www.tourgreciaclassica.it\/2025\/volo-per-atene-o-salonicco-piu-caro-del-previsto-e-il-gap-del-sabato\/#primaryimage"},"image":{"@id":"https:\/\/www.tourgreciaclassica.it\/2025\/volo-per-atene-o-salonicco-piu-caro-del-previsto-e-il-gap-del-sabato\/#primaryimage"},"thumbnailUrl":"https:\/\/www.tourgreciaclassica.it\/2025\/wp-content\/uploads\/2022\/06\/volo-per-atene-o-salonicco-scopri-come-risparmiare-grecia.webp","datePublished":"2022-06-08T09:51:54+00:00","description":"Se il volo per Atene o Salonicco \u00e8 aumentato e non trovi il posto la soluzione c'\u00e8: parti in un giorno che non sia il sabato, scopri di pi\u00f9","breadcrumb":{"@id":"https:\/\/www.tourgreciaclassica.it\/2025\/volo-per-atene-o-salonicco-piu-caro-del-previsto-e-il-gap-del-sabato\/#breadcrumb"},"inLanguage":"it-IT","potentialAction":[{"@type":"ReadAction","target":["https:\/\/www.tourgreciaclassica.it\/2025\/volo-per-atene-o-salonicco-piu-caro-del-previsto-e-il-gap-del-sabato\/"]}]},{"@type":"ImageObject","inLanguage":"it-IT","@id":"https:\/\/www.tourgreciaclassica.it\/2025\/volo-per-atene-o-salonicco-piu-caro-del-previsto-e-il-gap-del-sabato\/#primaryimage","url":"https:\/\/www.tourgreciaclassica.it\/2025\/wp-content\/uploads\/2022\/06\/volo-per-atene-o-salonicco-scopri-come-risparmiare-grecia.webp","contentUrl":"https:\/\/www.tourgreciaclassica.it\/2025\/wp-content\/uploads\/2022\/06\/volo-per-atene-o-salonicco-scopri-come-risparmiare-grecia.webp","width":870,"height":555,"caption":"volo-per-atene-o-salonicco-scopri-come-risparmiare-grecia"},{"@type":"BreadcrumbList","@id":"https:\/\/www.tourgreciaclassica.it\/2025\/volo-per-atene-o-salonicco-piu-caro-del-previsto-e-il-gap-del-sabato\/#breadcrumb","itemListElement":[{"@type":"ListItem","position":1,"name":"Home","item":"https:\/\/www.tourgreciaclassica.it\/2025\/"},{"@type":"ListItem","position":2,"name":"Volo per Atene o Salonicco pi\u00f9 caro del previsto? \u00c8 il gap del sabato"}]},{"@type":"WebSite","@id":"https:\/\/www.tourgreciaclassica.it\/2025\/#website","url":"https:\/\/www.tourgreciaclassica.it\/2025\/","name":"Tour Grecia Classica","description":"","publisher":{"@id":"https:\/\/www.tourgreciaclassica.it\/2025\/#organization"},"potentialAction":[{"@type":"SearchAction","target":{"@type":"EntryPoint","urlTemplate":"https:\/\/www.tourgreciaclassica.it\/2025\/?s={search_term_string}"},"query-input":{"@type":"PropertyValueSpecification","valueRequired":true,"valueName":"search_term_string"}}],"inLanguage":"it-IT"},{"@type":"Organization","@id":"https:\/\/www.tourgreciaclassica.it\/2025\/#organization","name":"tourgreciaclassica","alternateName":"TGC","url":"https:\/\/www.tourgreciaclassica.it\/2025\/","logo":{"@type":"ImageObject","inLanguage":"it-IT","@id":"https:\/\/www.tourgreciaclassica.it\/2025\/#\/schema\/logo\/image\/","url":"http:\/\/www.tourgreciaclassica.it\/2025\/wp-content\/uploads\/2025\/03\/logo-TGC-4-quadrato.jpg","contentUrl":"http:\/\/www.tourgreciaclassica.it\/2025\/wp-content\/uploads\/2025\/03\/logo-TGC-4-quadrato.jpg","width":343,"height":343,"caption":"tourgreciaclassica"},"image":{"@id":"https:\/\/www.tourgreciaclassica.it\/2025\/#\/schema\/logo\/image\/"},"sameAs":["https:\/\/www.facebook.com\/TourGreciaclassica.it","https:\/\/www.instagram.com\/tourgreciaclassica\/","https:\/\/www.youtube.com\/channel\/UCaOTv7IUY6KfodamHtKWZAg"],"description":"tourgreciaclassica.it \u00e8 un catalogo di viaggio della ViaggiOggi Su Misura. \u201cSiamo un Tour Operator greco che per caso vive in Italia\u201d questo \u00e8 quello che diciamo sul nostro conto quando ci presentiamo perch\u00e9, di fatto, sin da quando abbiamo iniziato a muovere i primi passi in Grecia, ben 28 anni fa \u2013era il 1992\u2013 ci siamo sentiti parte di quel mare, di quelle isole, di quella gente. In questo catalogo di viaggio vengono presentati i prodotti di punta della ViaggiOggi: tour, mini tour, crociere, escursioni e hotel esclusivi in Grecia. ViaggiOggi nasce in Grecia e nel tempo aggiunge altre linee di prodotto quali Spagna, Portogallo e Nord Europa per crescere e per incontrare la richiesta di pi\u00f9 clienti.","email":"info@tourgreciaclassica.it","telephone":"+39 06 489 03 604"},{"@type":"Person","@id":"https:\/\/www.tourgreciaclassica.it\/2025\/#\/schema\/person\/0e3e6b079358c2add1633cedac8d1fd4","name":"admin","image":{"@type":"ImageObject","inLanguage":"it-IT","@id":"https:\/\/www.tourgreciaclassica.it\/2025\/#\/schema\/person\/image\/","url":"https:\/\/secure.gravatar.com\/avatar\/ddad26e070a000bd5b73c44a445bcbca0db0ca868994a3d87bb6789af93258a0?s=96&d=blank&r=g","contentUrl":"https:\/\/secure.gravatar.com\/avatar\/ddad26e070a000bd5b73c44a445bcbca0db0ca868994a3d87bb6789af93258a0?s=96&d=blank&r=g","caption":"admin"},"sameAs":["http:\/\/www.tourgreciaclassica.it\/2025"]}]}},"_links":{"self":[{"href":"https:\/\/www.tourgreciaclassica.it\/2025\/wp-json\/wp\/v2\/posts\/16874","targetHints":{"allow":["GET"]}}],"collection":[{"href":"https:\/\/www.tourgreciaclassica.it\/2025\/wp-json\/wp\/v2\/posts"}],"about":[{"href":"https:\/\/www.tourgreciaclassica.it\/2025\/wp-json\/wp\/v2\/types\/post"}],"author":[{"embeddable":true,"href":"https:\/\/www.tourgreciaclassica.it\/2025\/wp-json\/wp\/v2\/users\/1"}],"replies":[{"embeddable":true,"href":"https:\/\/www.tourgreciaclassica.it\/2025\/wp-json\/wp\/v2\/comments?post=16874"}],"version-history":[{"count":0,"href":"https:\/\/www.tourgreciaclassica.it\/2025\/wp-json\/wp\/v2\/posts\/16874\/revisions"}],"wp:featuredmedia":[{"embeddable":true,"href":"https:\/\/www.tourgreciaclassica.it\/2025\/wp-json\/wp\/v2\/media\/16876"}],"wp:attachment":[{"href":"https:\/\/www.tourgreciaclassica.it\/2025\/wp-json\/wp\/v2\/media?parent=16874"}],"wp:term":[{"taxonomy":"category","embeddable":true,"href":"https:\/\/www.tourgreciaclassica.it\/2025\/wp-json\/wp\/v2\/categories?post=16874"},{"taxonomy":"post_tag","embeddable":true,"href":"https:\/\/www.tourgreciaclassica.it\/2025\/wp-json\/wp\/v2\/tags?post=16874"}],"curies":[{"name":"wp","href":"https:\/\/api.w.org\/{rel}","templated":true}]}}