{"id":15909,"date":"2022-03-24T09:15:01","date_gmt":"2022-03-24T08:15:01","guid":{"rendered":"https:\/\/tourgreciaclassica.it\/?p=15909"},"modified":"2022-03-24T09:15:01","modified_gmt":"2022-03-24T08:15:01","slug":"vacanza-a-paros-dove-la-grecia-ti-culla","status":"publish","type":"post","link":"https:\/\/www.tourgreciaclassica.it\/2025\/vacanza-a-paros-dove-la-grecia-ti-culla\/","title":{"rendered":"Vacanza a Paros: dove la Grecia ti culla"},"content":{"rendered":"<h1>In vacanza a Paros scopri la lentezza, ogni ritmo cambia, assapori il pane, ammiri spiagge di una bellezza favolistica, ti immergi nella Valle delle Farfalle, bevi un drink a Naoussa<\/h1>\n<p>La<strong> vacanza a Paros<\/strong> \u00e8 inebriante e tocca con mano la Grecia vera e verace. Le case coloniche imbiancate di calce, a forma cubica, sono un simbolo immediato dell\u2019isola. Le strade si intrecciano tra le case e la pietra bianca, tra i campanili ortodossi e le piccionaie, i forni.<br \/>\nL\u2019argilla e il marmo, il cannucciato e la pietra, la calce bianca e le alghe si sposano l\u2019un con l\u2019altro dando vita a matrimoni felici di bellezza. Visivamente Paros distende lo sguardo, rallenta i ritmi della vita.<\/p>\n<h3>Particolarit\u00e0 di Paros: i Forni e i Gounes<\/h3>\n<p>Paros ha una notevole quantit\u00e0 di <strong>forni tradizionali<\/strong> che si succedono nella Chora. Squisiti i profumi di anice e mastica che si mescolano all\u2019aria e quindi anche al palato.<br \/>\nNon perdere l\u2019occasione di assaggiare i dolci tipici e il pane al sesamo. Molti vengono cosparsi di spezie locali come l\u2019origano. Il timo, la salvia.<\/p>\n<p>Invece verso il porto, sulla banchina e davanti alle taverne, <strong>distesi al sole troverai i pesci pescati<\/strong> che vengono aperti e messi a pancia in su per l\u2019essiccazione naturale. Questi poi prendono posto sulla piastra e diventano un piatto gustosissimo da mangiare a tavola.<\/p>\n<h2><img loading=\"lazy\" decoding=\"async\" class=\"alignnone wp-image-15928 size-large\" src=\"http:\/\/www.tourgreciaclassica.it\/2025\/wp-content\/uploads\/2022\/03\/vacanza-a-paros-laguna-blu-1024x1024.jpg\" alt=\"vacanza-a-paros-laguna-blu\" width=\"1024\" height=\"1024\" \/><\/h2>\n<h2>Paros Spiagge<\/h2>\n<p>Le <strong>Spiagge di Paros<\/strong> invitano al relax e questo \u00e8 un biglietto da visita autentico. La spiaggia sabbiosa, l\u2019acqua trasparente, e poi i fondali bassi si intervallano a spiagge battute dai venti, quindi ideali se ti piace praticare surf o kitesurf. Met\u00e0 vacanza a Paros la passerai a crogiolarti sulla sabbia.<br \/>\nLa <strong>Spiaggia di Kolimbrites<\/strong> \u00e8 tra quelle che il vento ha plasmato. Dunque le rocce basse, levigate, le danno un aspetto fiabesco e formano piccole insenature e calette naturali.<br \/>\nPer i giovani che amano il divertimento consigliamo la <strong>Spiaggia di Pounda<\/strong> perch\u00e9 \u00e8 dinamica e la sera si trasforma in discoteca all\u2019aperto.<br \/>\nPoi ci sono <strong>Monastiri<\/strong> con i fondali bassi, ideale per famiglie, la <strong>Spiaggia di Santa Maria<\/strong> e <strong>Tsoulakia<\/strong> se ami il surf, la <strong>Spiaggia di Kalogeros<\/strong> con la sabbia scura e, tra le spiagge pi\u00f9 belle e selvagge di Paros, la <strong>Golden Beach<\/strong> dove si svolge la <em>Coppa del mondo di Windsurf<\/em>.<br \/>\nInfine anche <strong>Molos<\/strong> che pur essendo battuta dal vento del Meltemi, \u00e8 davvero suggestiva.<\/p>\n<h2><img loading=\"lazy\" decoding=\"async\" class=\"aligncenter wp-image-15938 size-full\" src=\"http:\/\/www.tourgreciaclassica.it\/2025\/wp-content\/uploads\/2022\/03\/fishing-boat-6362912_960_720.jpg\" alt=\"barca-pescatori-grecia\" width=\"960\" height=\"640\" srcset=\"https:\/\/www.tourgreciaclassica.it\/2025\/wp-content\/uploads\/2022\/03\/fishing-boat-6362912_960_720.jpg 960w, https:\/\/www.tourgreciaclassica.it\/2025\/wp-content\/uploads\/2022\/03\/fishing-boat-6362912_960_720-300x200.jpg 300w, https:\/\/www.tourgreciaclassica.it\/2025\/wp-content\/uploads\/2022\/03\/fishing-boat-6362912_960_720-768x512.jpg 768w\" sizes=\"auto, (max-width: 960px) 100vw, 960px\" \/>Cosa vedere a Paros<\/h2>\n<p>La vacanza\u00a0 Paros \u00e8 soprattutto <a href=\"https:\/\/tourgreciaclassica.it\/viaggi-grecia\/escursione-privata-wine-tasting-naoussa-agios-nikolaos\/\" target=\"_blank\" rel=\"noopener\"><strong>Naoussa<\/strong><\/a>. S\u00ec, perch\u00e9 questo antico villaggio di pescatori incanta, ha subito una trasformazione e oggi \u00e8 una localit\u00e0 molto trendy. Il porto ne \u00e8 il cuore pulsante, sia di giorno che di notte, offrendo taverne e localini molto chic.<br \/>\nTra le mete di Paros sicuramente c\u2019\u00e8 il villaggio di <strong>Paroikia<\/strong>, con un <em>Kastro<\/em> degno di nota, la chiesa <em>Panagia Katapoliani<\/em> e soprattutto la <em>chiesetta di Agia Eleni<\/em> da dove si gode un tramonto suggestivo.<br \/>\nUn\u2019attrattiva che seduce \u00e8 <em>Petaloudes<\/em>, cio\u00e8 la <strong>Valle delle Farfalle<\/strong>, tra <em>Paroikia<\/em> e <em>Pounda<\/em>. Uno spazio aperto con alberi secolari in cui si riproducono migliaia di falene dell\u2019edera. Lo spettacolo \u00e8 assicurato, una grande magia che a giugno riempie il cielo di graziose farfalle.<br \/>\nNon puoi perdere nemmeno il villaggio di <strong>Marpissa<\/strong> che \u00e8 romantico, elegante, particolare, in perfetto stile cicladico con organze di bouganville che decorano i vicoli e le case.<br \/>\nE il <strong>sentiero bizantino che collega Lefkes a Prodromos<\/strong>, due villaggi stupendi e una strada immersiva, naturale, che ti far\u00e0 apprezzare la semplicit\u00e0 e la parte remota dell\u2019isola di Paros.<\/p>\n<h2>Dove dormire a Paros<\/h2>\n<p>Fortunatamente Paros non \u00e8 congestionata da grandi strutture ricettive che rovinerebbero la sua aria tipicamente greca.<br \/>\nCi sono molti <strong>Boutique Hotels<\/strong>\u00a0che sono un\u2019ottima scelta per rilassarsi, o strutture quali piccoli hotels, appartamenti e studios, sicuramente pi\u00f9 accessibili.<br \/>\nScegli cosa vorrai fare sull\u2019isola e ti indichiamo quali hotels potrebbero essere ideali per te, per spostarti e per godere appieno dell\u2019accoglienza.<br \/>\nParoikia e Naoussa sono entrambe due punti ideali per soggiornare. La prima si trova pi\u00f9 vicina al porto e \u00e8 pi\u00f9 centrale per visitare l\u2019isola.<br \/>\nSe, invece, non vuoi sentirti troppo al centro, opta per strutture in altri luoghi tipo Livadi, Logaras, Aliki e Piso, pi\u00f9 rilassanti.<\/p>\n<hr \/>\n<p style=\"text-align: center;\">VUOI VISITARE LE ALTRE VICINE ISOLE CICLADI?<br \/>\nALCUNI SPUNTI PER TE:<br \/>\n<a href=\"https:\/\/tourgreciaclassica.it\/vacanza-a-naxos-il-filo-di-arianna-matrimonio-a-naxos-e-il-kytron\/\" target=\"_blank\" rel=\"noopener\"><strong>NAXOS<\/strong><\/a><br \/>\n<a href=\"https:\/\/tourgreciaclassica.it\/vacanze-a-mykonos\/\" target=\"_blank\" rel=\"noopener\"><strong>MYKONOS<\/strong><\/a><br \/>\n<strong><a href=\"https:\/\/tourgreciaclassica.it\/vacanze-a-santorini\/\" target=\"_blank\" rel=\"noopener\">SANTORINI<\/a><br \/>\n<a href=\"https:\/\/tourgreciaclassica.it\/vacanza-a-milos-una-venere-tra-le-isole-cicladi\/\" target=\"_blank\" rel=\"noopener\">MILOS<\/a><br \/>\n<a href=\"https:\/\/tourgreciaclassica.it\/vacanza-a-folegandros-gli-scorci-naturali-piu-belli\/\" target=\"_blank\" rel=\"noopener\">FOLEGANDROS<\/a><\/strong><\/p>\n<hr \/>\n<p>&nbsp;<\/p>\n","protected":false},"excerpt":{"rendered":"<p>In vacanza a Paros scopri la lentezza, ogni ritmo cambia, assapori il pane, ammiri spiagge di una bellezza favolistica, ti immergi nella Valle delle Farfalle, bevi un drink a Naoussa La vacanza a Paros \u00e8 inebriante e tocca con mano la Grecia vera e verace. Le case coloniche imbiancate di calce, a forma cubica, sono&hellip;<\/p>\n","protected":false},"author":1,"featured_media":15927,"comment_status":"closed","ping_status":"open","sticky":false,"template":"","format":"standard","meta":{"_acf_changed":false,"footnotes":""},"categories":[121,932],"tags":[],"class_list":["post-15909","post","type-post","status-publish","format-standard","has-post-thumbnail","hentry","category-blog","category-piccole-cicladi","category-121","category-932","description-off"],"acf":[],"yoast_head":"<!-- This site is optimized with the Yoast SEO Premium plugin v24.6 (Yoast SEO v24.9) - https:\/\/yoast.com\/wordpress\/plugins\/seo\/ -->\n<title>Vacanza a Paros: dove la Grecia ti culla<\/title>\n<meta name=\"description\" content=\"Vacanza a Paros: cosa fare, cosa vedere, dove dormire, scopri le spiagge di Paros, i forni con il pane al sesamo, le case cicladiche\" \/>\n<meta name=\"robots\" content=\"index, follow, max-snippet:-1, max-image-preview:large, max-video-preview:-1\" \/>\n<link rel=\"canonical\" href=\"https:\/\/www.tourgreciaclassica.it\/2025\/vacanza-a-paros-dove-la-grecia-ti-culla\/\" \/>\n<meta property=\"og:locale\" content=\"it_IT\" \/>\n<meta property=\"og:type\" content=\"article\" \/>\n<meta property=\"og:title\" content=\"Vacanza a Paros: dove la Grecia ti culla\" \/>\n<meta property=\"og:description\" content=\"Vacanza a Paros: cosa fare, cosa vedere, dove dormire, scopri le spiagge di Paros, i forni con il pane al sesamo, le case cicladiche\" \/>\n<meta property=\"og:url\" content=\"https:\/\/www.tourgreciaclassica.it\/2025\/vacanza-a-paros-dove-la-grecia-ti-culla\/\" \/>\n<meta property=\"og:site_name\" content=\"Tour Grecia Classica\" \/>\n<meta property=\"article:publisher\" content=\"https:\/\/www.facebook.com\/TourGreciaclassica.it\" \/>\n<meta property=\"article:published_time\" content=\"2022-03-24T08:15:01+00:00\" \/>\n<meta property=\"og:image\" content=\"https:\/\/www.tourgreciaclassica.it\/2025\/wp-content\/uploads\/2022\/03\/vacanza-a-paros-barchette-sul-mare-in-una-baia.jpg\" \/>\n\t<meta property=\"og:image:width\" content=\"1024\" \/>\n\t<meta property=\"og:image:height\" content=\"1024\" \/>\n\t<meta property=\"og:image:type\" content=\"image\/jpeg\" \/>\n<meta name=\"author\" content=\"admin\" \/>\n<meta name=\"twitter:card\" content=\"summary_large_image\" \/>\n<meta name=\"twitter:label1\" content=\"Scritto da\" \/>\n\t<meta name=\"twitter:data1\" content=\"admin\" \/>\n\t<meta name=\"twitter:label2\" content=\"Tempo di lettura stimato\" \/>\n\t<meta name=\"twitter:data2\" content=\"5 minuti\" \/>\n<script type=\"application\/ld+json\" class=\"yoast-schema-graph\">{\"@context\":\"https:\/\/schema.org\",\"@graph\":[{\"@type\":\"Article\",\"@id\":\"https:\/\/www.tourgreciaclassica.it\/2025\/vacanza-a-paros-dove-la-grecia-ti-culla\/#article\",\"isPartOf\":{\"@id\":\"https:\/\/www.tourgreciaclassica.it\/2025\/vacanza-a-paros-dove-la-grecia-ti-culla\/\"},\"author\":{\"name\":\"admin\",\"@id\":\"https:\/\/www.tourgreciaclassica.it\/2025\/#\/schema\/person\/0e3e6b079358c2add1633cedac8d1fd4\"},\"headline\":\"Vacanza a Paros: dove la Grecia ti culla\",\"datePublished\":\"2022-03-24T08:15:01+00:00\",\"mainEntityOfPage\":{\"@id\":\"https:\/\/www.tourgreciaclassica.it\/2025\/vacanza-a-paros-dove-la-grecia-ti-culla\/\"},\"wordCount\":718,\"publisher\":{\"@id\":\"https:\/\/www.tourgreciaclassica.it\/2025\/#organization\"},\"image\":{\"@id\":\"https:\/\/www.tourgreciaclassica.it\/2025\/vacanza-a-paros-dove-la-grecia-ti-culla\/#primaryimage\"},\"thumbnailUrl\":\"https:\/\/www.tourgreciaclassica.it\/2025\/wp-content\/uploads\/2022\/03\/vacanza-a-paros-barchette-sul-mare-in-una-baia.jpg\",\"articleSection\":[\"Blog di tourgreciaclassica Racconti di viaggio\",\"Piccole Cicladi\"],\"inLanguage\":\"it-IT\"},{\"@type\":\"WebPage\",\"@id\":\"https:\/\/www.tourgreciaclassica.it\/2025\/vacanza-a-paros-dove-la-grecia-ti-culla\/\",\"url\":\"https:\/\/www.tourgreciaclassica.it\/2025\/vacanza-a-paros-dove-la-grecia-ti-culla\/\",\"name\":\"Vacanza a Paros: dove la Grecia ti culla\",\"isPartOf\":{\"@id\":\"https:\/\/www.tourgreciaclassica.it\/2025\/#website\"},\"primaryImageOfPage\":{\"@id\":\"https:\/\/www.tourgreciaclassica.it\/2025\/vacanza-a-paros-dove-la-grecia-ti-culla\/#primaryimage\"},\"image\":{\"@id\":\"https:\/\/www.tourgreciaclassica.it\/2025\/vacanza-a-paros-dove-la-grecia-ti-culla\/#primaryimage\"},\"thumbnailUrl\":\"https:\/\/www.tourgreciaclassica.it\/2025\/wp-content\/uploads\/2022\/03\/vacanza-a-paros-barchette-sul-mare-in-una-baia.jpg\",\"datePublished\":\"2022-03-24T08:15:01+00:00\",\"description\":\"Vacanza a Paros: cosa fare, cosa vedere, dove dormire, scopri le spiagge di Paros, i forni con il pane al sesamo, le case cicladiche\",\"breadcrumb\":{\"@id\":\"https:\/\/www.tourgreciaclassica.it\/2025\/vacanza-a-paros-dove-la-grecia-ti-culla\/#breadcrumb\"},\"inLanguage\":\"it-IT\",\"potentialAction\":[{\"@type\":\"ReadAction\",\"target\":[\"https:\/\/www.tourgreciaclassica.it\/2025\/vacanza-a-paros-dove-la-grecia-ti-culla\/\"]}]},{\"@type\":\"ImageObject\",\"inLanguage\":\"it-IT\",\"@id\":\"https:\/\/www.tourgreciaclassica.it\/2025\/vacanza-a-paros-dove-la-grecia-ti-culla\/#primaryimage\",\"url\":\"https:\/\/www.tourgreciaclassica.it\/2025\/wp-content\/uploads\/2022\/03\/vacanza-a-paros-barchette-sul-mare-in-una-baia.jpg\",\"contentUrl\":\"https:\/\/www.tourgreciaclassica.it\/2025\/wp-content\/uploads\/2022\/03\/vacanza-a-paros-barchette-sul-mare-in-una-baia.jpg\",\"width\":1024,\"height\":1024,\"caption\":\"vacanza-a-paros-barchette-sul-mare-in-una-baia\"},{\"@type\":\"BreadcrumbList\",\"@id\":\"https:\/\/www.tourgreciaclassica.it\/2025\/vacanza-a-paros-dove-la-grecia-ti-culla\/#breadcrumb\",\"itemListElement\":[{\"@type\":\"ListItem\",\"position\":1,\"name\":\"Home\",\"item\":\"https:\/\/www.tourgreciaclassica.it\/2025\/\"},{\"@type\":\"ListItem\",\"position\":2,\"name\":\"Vacanza a Paros: dove la Grecia ti culla\"}]},{\"@type\":\"WebSite\",\"@id\":\"https:\/\/www.tourgreciaclassica.it\/2025\/#website\",\"url\":\"https:\/\/www.tourgreciaclassica.it\/2025\/\",\"name\":\"Tour Grecia Classica\",\"description\":\"\",\"publisher\":{\"@id\":\"https:\/\/www.tourgreciaclassica.it\/2025\/#organization\"},\"potentialAction\":[{\"@type\":\"SearchAction\",\"target\":{\"@type\":\"EntryPoint\",\"urlTemplate\":\"https:\/\/www.tourgreciaclassica.it\/2025\/?s={search_term_string}\"},\"query-input\":{\"@type\":\"PropertyValueSpecification\",\"valueRequired\":true,\"valueName\":\"search_term_string\"}}],\"inLanguage\":\"it-IT\"},{\"@type\":\"Organization\",\"@id\":\"https:\/\/www.tourgreciaclassica.it\/2025\/#organization\",\"name\":\"tourgreciaclassica\",\"alternateName\":\"TGC\",\"url\":\"https:\/\/www.tourgreciaclassica.it\/2025\/\",\"logo\":{\"@type\":\"ImageObject\",\"inLanguage\":\"it-IT\",\"@id\":\"https:\/\/www.tourgreciaclassica.it\/2025\/#\/schema\/logo\/image\/\",\"url\":\"http:\/\/www.tourgreciaclassica.it\/2025\/wp-content\/uploads\/2025\/03\/logo-TGC-4-quadrato.jpg\",\"contentUrl\":\"http:\/\/www.tourgreciaclassica.it\/2025\/wp-content\/uploads\/2025\/03\/logo-TGC-4-quadrato.jpg\",\"width\":343,\"height\":343,\"caption\":\"tourgreciaclassica\"},\"image\":{\"@id\":\"https:\/\/www.tourgreciaclassica.it\/2025\/#\/schema\/logo\/image\/\"},\"sameAs\":[\"https:\/\/www.facebook.com\/TourGreciaclassica.it\",\"https:\/\/www.instagram.com\/tourgreciaclassica\/\",\"https:\/\/www.youtube.com\/channel\/UCaOTv7IUY6KfodamHtKWZAg\"],\"description\":\"tourgreciaclassica.it \u00e8 un catalogo di viaggio della ViaggiOggi Su Misura. \u201cSiamo un Tour Operator greco che per caso vive in Italia\u201d questo \u00e8 quello che diciamo sul nostro conto quando ci presentiamo perch\u00e9, di fatto, sin da quando abbiamo iniziato a muovere i primi passi in Grecia, ben 28 anni fa \u2013era il 1992\u2013 ci siamo sentiti parte di quel mare, di quelle isole, di quella gente. In questo catalogo di viaggio vengono presentati i prodotti di punta della ViaggiOggi: tour, mini tour, crociere, escursioni e hotel esclusivi in Grecia. ViaggiOggi nasce in Grecia e nel tempo aggiunge altre linee di prodotto quali Spagna, Portogallo e Nord Europa per crescere e per incontrare la richiesta di pi\u00f9 clienti.\",\"email\":\"info@tourgreciaclassica.it\",\"telephone\":\"+39 06 489 03 604\"},{\"@type\":\"Person\",\"@id\":\"https:\/\/www.tourgreciaclassica.it\/2025\/#\/schema\/person\/0e3e6b079358c2add1633cedac8d1fd4\",\"name\":\"admin\",\"image\":{\"@type\":\"ImageObject\",\"inLanguage\":\"it-IT\",\"@id\":\"https:\/\/www.tourgreciaclassica.it\/2025\/#\/schema\/person\/image\/\",\"url\":\"https:\/\/secure.gravatar.com\/avatar\/ddad26e070a000bd5b73c44a445bcbca0db0ca868994a3d87bb6789af93258a0?s=96&d=blank&r=g\",\"contentUrl\":\"https:\/\/secure.gravatar.com\/avatar\/ddad26e070a000bd5b73c44a445bcbca0db0ca868994a3d87bb6789af93258a0?s=96&d=blank&r=g\",\"caption\":\"admin\"},\"sameAs\":[\"http:\/\/www.tourgreciaclassica.it\/2025\"]}]}<\/script>\n<!-- \/ Yoast SEO Premium plugin. -->","yoast_head_json":{"title":"Vacanza a Paros: dove la Grecia ti culla","description":"Vacanza a Paros: cosa fare, cosa vedere, dove dormire, scopri le spiagge di Paros, i forni con il pane al sesamo, le case cicladiche","robots":{"index":"index","follow":"follow","max-snippet":"max-snippet:-1","max-image-preview":"max-image-preview:large","max-video-preview":"max-video-preview:-1"},"canonical":"https:\/\/www.tourgreciaclassica.it\/2025\/vacanza-a-paros-dove-la-grecia-ti-culla\/","og_locale":"it_IT","og_type":"article","og_title":"Vacanza a Paros: dove la Grecia ti culla","og_description":"Vacanza a Paros: cosa fare, cosa vedere, dove dormire, scopri le spiagge di Paros, i forni con il pane al sesamo, le case cicladiche","og_url":"https:\/\/www.tourgreciaclassica.it\/2025\/vacanza-a-paros-dove-la-grecia-ti-culla\/","og_site_name":"Tour Grecia Classica","article_publisher":"https:\/\/www.facebook.com\/TourGreciaclassica.it","article_published_time":"2022-03-24T08:15:01+00:00","og_image":[{"width":1024,"height":1024,"url":"https:\/\/www.tourgreciaclassica.it\/2025\/wp-content\/uploads\/2022\/03\/vacanza-a-paros-barchette-sul-mare-in-una-baia.jpg","type":"image\/jpeg"}],"author":"admin","twitter_card":"summary_large_image","twitter_misc":{"Scritto da":"admin","Tempo di lettura stimato":"5 minuti"},"schema":{"@context":"https:\/\/schema.org","@graph":[{"@type":"Article","@id":"https:\/\/www.tourgreciaclassica.it\/2025\/vacanza-a-paros-dove-la-grecia-ti-culla\/#article","isPartOf":{"@id":"https:\/\/www.tourgreciaclassica.it\/2025\/vacanza-a-paros-dove-la-grecia-ti-culla\/"},"author":{"name":"admin","@id":"https:\/\/www.tourgreciaclassica.it\/2025\/#\/schema\/person\/0e3e6b079358c2add1633cedac8d1fd4"},"headline":"Vacanza a Paros: dove la Grecia ti culla","datePublished":"2022-03-24T08:15:01+00:00","mainEntityOfPage":{"@id":"https:\/\/www.tourgreciaclassica.it\/2025\/vacanza-a-paros-dove-la-grecia-ti-culla\/"},"wordCount":718,"publisher":{"@id":"https:\/\/www.tourgreciaclassica.it\/2025\/#organization"},"image":{"@id":"https:\/\/www.tourgreciaclassica.it\/2025\/vacanza-a-paros-dove-la-grecia-ti-culla\/#primaryimage"},"thumbnailUrl":"https:\/\/www.tourgreciaclassica.it\/2025\/wp-content\/uploads\/2022\/03\/vacanza-a-paros-barchette-sul-mare-in-una-baia.jpg","articleSection":["Blog di tourgreciaclassica Racconti di viaggio","Piccole Cicladi"],"inLanguage":"it-IT"},{"@type":"WebPage","@id":"https:\/\/www.tourgreciaclassica.it\/2025\/vacanza-a-paros-dove-la-grecia-ti-culla\/","url":"https:\/\/www.tourgreciaclassica.it\/2025\/vacanza-a-paros-dove-la-grecia-ti-culla\/","name":"Vacanza a Paros: dove la Grecia ti culla","isPartOf":{"@id":"https:\/\/www.tourgreciaclassica.it\/2025\/#website"},"primaryImageOfPage":{"@id":"https:\/\/www.tourgreciaclassica.it\/2025\/vacanza-a-paros-dove-la-grecia-ti-culla\/#primaryimage"},"image":{"@id":"https:\/\/www.tourgreciaclassica.it\/2025\/vacanza-a-paros-dove-la-grecia-ti-culla\/#primaryimage"},"thumbnailUrl":"https:\/\/www.tourgreciaclassica.it\/2025\/wp-content\/uploads\/2022\/03\/vacanza-a-paros-barchette-sul-mare-in-una-baia.jpg","datePublished":"2022-03-24T08:15:01+00:00","description":"Vacanza a Paros: cosa fare, cosa vedere, dove dormire, scopri le spiagge di Paros, i forni con il pane al sesamo, le case cicladiche","breadcrumb":{"@id":"https:\/\/www.tourgreciaclassica.it\/2025\/vacanza-a-paros-dove-la-grecia-ti-culla\/#breadcrumb"},"inLanguage":"it-IT","potentialAction":[{"@type":"ReadAction","target":["https:\/\/www.tourgreciaclassica.it\/2025\/vacanza-a-paros-dove-la-grecia-ti-culla\/"]}]},{"@type":"ImageObject","inLanguage":"it-IT","@id":"https:\/\/www.tourgreciaclassica.it\/2025\/vacanza-a-paros-dove-la-grecia-ti-culla\/#primaryimage","url":"https:\/\/www.tourgreciaclassica.it\/2025\/wp-content\/uploads\/2022\/03\/vacanza-a-paros-barchette-sul-mare-in-una-baia.jpg","contentUrl":"https:\/\/www.tourgreciaclassica.it\/2025\/wp-content\/uploads\/2022\/03\/vacanza-a-paros-barchette-sul-mare-in-una-baia.jpg","width":1024,"height":1024,"caption":"vacanza-a-paros-barchette-sul-mare-in-una-baia"},{"@type":"BreadcrumbList","@id":"https:\/\/www.tourgreciaclassica.it\/2025\/vacanza-a-paros-dove-la-grecia-ti-culla\/#breadcrumb","itemListElement":[{"@type":"ListItem","position":1,"name":"Home","item":"https:\/\/www.tourgreciaclassica.it\/2025\/"},{"@type":"ListItem","position":2,"name":"Vacanza a Paros: dove la Grecia ti culla"}]},{"@type":"WebSite","@id":"https:\/\/www.tourgreciaclassica.it\/2025\/#website","url":"https:\/\/www.tourgreciaclassica.it\/2025\/","name":"Tour Grecia Classica","description":"","publisher":{"@id":"https:\/\/www.tourgreciaclassica.it\/2025\/#organization"},"potentialAction":[{"@type":"SearchAction","target":{"@type":"EntryPoint","urlTemplate":"https:\/\/www.tourgreciaclassica.it\/2025\/?s={search_term_string}"},"query-input":{"@type":"PropertyValueSpecification","valueRequired":true,"valueName":"search_term_string"}}],"inLanguage":"it-IT"},{"@type":"Organization","@id":"https:\/\/www.tourgreciaclassica.it\/2025\/#organization","name":"tourgreciaclassica","alternateName":"TGC","url":"https:\/\/www.tourgreciaclassica.it\/2025\/","logo":{"@type":"ImageObject","inLanguage":"it-IT","@id":"https:\/\/www.tourgreciaclassica.it\/2025\/#\/schema\/logo\/image\/","url":"http:\/\/www.tourgreciaclassica.it\/2025\/wp-content\/uploads\/2025\/03\/logo-TGC-4-quadrato.jpg","contentUrl":"http:\/\/www.tourgreciaclassica.it\/2025\/wp-content\/uploads\/2025\/03\/logo-TGC-4-quadrato.jpg","width":343,"height":343,"caption":"tourgreciaclassica"},"image":{"@id":"https:\/\/www.tourgreciaclassica.it\/2025\/#\/schema\/logo\/image\/"},"sameAs":["https:\/\/www.facebook.com\/TourGreciaclassica.it","https:\/\/www.instagram.com\/tourgreciaclassica\/","https:\/\/www.youtube.com\/channel\/UCaOTv7IUY6KfodamHtKWZAg"],"description":"tourgreciaclassica.it \u00e8 un catalogo di viaggio della ViaggiOggi Su Misura. \u201cSiamo un Tour Operator greco che per caso vive in Italia\u201d questo \u00e8 quello che diciamo sul nostro conto quando ci presentiamo perch\u00e9, di fatto, sin da quando abbiamo iniziato a muovere i primi passi in Grecia, ben 28 anni fa \u2013era il 1992\u2013 ci siamo sentiti parte di quel mare, di quelle isole, di quella gente. In questo catalogo di viaggio vengono presentati i prodotti di punta della ViaggiOggi: tour, mini tour, crociere, escursioni e hotel esclusivi in Grecia. ViaggiOggi nasce in Grecia e nel tempo aggiunge altre linee di prodotto quali Spagna, Portogallo e Nord Europa per crescere e per incontrare la richiesta di pi\u00f9 clienti.","email":"info@tourgreciaclassica.it","telephone":"+39 06 489 03 604"},{"@type":"Person","@id":"https:\/\/www.tourgreciaclassica.it\/2025\/#\/schema\/person\/0e3e6b079358c2add1633cedac8d1fd4","name":"admin","image":{"@type":"ImageObject","inLanguage":"it-IT","@id":"https:\/\/www.tourgreciaclassica.it\/2025\/#\/schema\/person\/image\/","url":"https:\/\/secure.gravatar.com\/avatar\/ddad26e070a000bd5b73c44a445bcbca0db0ca868994a3d87bb6789af93258a0?s=96&d=blank&r=g","contentUrl":"https:\/\/secure.gravatar.com\/avatar\/ddad26e070a000bd5b73c44a445bcbca0db0ca868994a3d87bb6789af93258a0?s=96&d=blank&r=g","caption":"admin"},"sameAs":["http:\/\/www.tourgreciaclassica.it\/2025"]}]}},"_links":{"self":[{"href":"https:\/\/www.tourgreciaclassica.it\/2025\/wp-json\/wp\/v2\/posts\/15909","targetHints":{"allow":["GET"]}}],"collection":[{"href":"https:\/\/www.tourgreciaclassica.it\/2025\/wp-json\/wp\/v2\/posts"}],"about":[{"href":"https:\/\/www.tourgreciaclassica.it\/2025\/wp-json\/wp\/v2\/types\/post"}],"author":[{"embeddable":true,"href":"https:\/\/www.tourgreciaclassica.it\/2025\/wp-json\/wp\/v2\/users\/1"}],"replies":[{"embeddable":true,"href":"https:\/\/www.tourgreciaclassica.it\/2025\/wp-json\/wp\/v2\/comments?post=15909"}],"version-history":[{"count":0,"href":"https:\/\/www.tourgreciaclassica.it\/2025\/wp-json\/wp\/v2\/posts\/15909\/revisions"}],"wp:featuredmedia":[{"embeddable":true,"href":"https:\/\/www.tourgreciaclassica.it\/2025\/wp-json\/wp\/v2\/media\/15927"}],"wp:attachment":[{"href":"https:\/\/www.tourgreciaclassica.it\/2025\/wp-json\/wp\/v2\/media?parent=15909"}],"wp:term":[{"taxonomy":"category","embeddable":true,"href":"https:\/\/www.tourgreciaclassica.it\/2025\/wp-json\/wp\/v2\/categories?post=15909"},{"taxonomy":"post_tag","embeddable":true,"href":"https:\/\/www.tourgreciaclassica.it\/2025\/wp-json\/wp\/v2\/tags?post=15909"}],"curies":[{"name":"wp","href":"https:\/\/api.w.org\/{rel}","templated":true}]}}