{"id":15878,"date":"2022-03-22T12:27:36","date_gmt":"2022-03-22T11:27:36","guid":{"rendered":"https:\/\/tourgreciaclassica.it\/?p=15878"},"modified":"2022-03-22T12:27:36","modified_gmt":"2022-03-22T11:27:36","slug":"zante-dove-nacque-venere","status":"publish","type":"post","link":"https:\/\/www.tourgreciaclassica.it\/2025\/zante-dove-nacque-venere\/","title":{"rendered":"Isola si Zante: dove nacque Venere tra grotte e natura"},"content":{"rendered":"<h1>L&#8217;isola di Zante, un connubio poetico di mare e cielo, acqua e aria, colori mozzafiato, Caretta Caretta e spiagge famose<\/h1>\n<h2>Dove nacque Venere<\/h2>\n<p>L\u2019<strong>Isola di Zante<\/strong> in <strong>Grecia<\/strong> fa parte di quello stormo di terre in mezzo al mare in cui si pu\u00f2 godere appieno di <strong>Madre Natura<\/strong>. L\u2019Isola dalle spiagge luminose, la vita notturna vivace, i paesini sparpagliati e i segni della mitologia che \u00e8 resistita al trascorrere del tempo.<\/p>\n<p><strong>Ugo Foscolo<\/strong>, il grande poeta italiano, nacque proprio qui e da qui prese l\u2019impeto per scrivere il pi\u00f9 famoso tra i sonetti della nostra letteratura: <em>\u201c<strong>A Zacinto<\/strong>\u201d<\/em>. Le strofe, cos\u00ec poetiche ma anche fortemente descrittive, ci mettono subito davanti a un <strong>paesaggio di estrema bellezza<\/strong>, <strong>baciato da Venere<\/strong>. E lui rimpiange la sua amata isola sapendo di non potervi fare ritorno nemmeno per esservi sepolto.<\/p>\n<h4>\u201cA Zacinto\u201d<\/h4>\n<blockquote><p>N\u00e9 pi\u00f9 mai toccher\u00f2 le sacre sponde<br \/>\nove il mio corpo fanciulletto giacque,<br \/>\nZacinto mia,<br \/>\nche te specchi nell\u2019onde<br \/>\ndel greco mar da cui vergine nacque Venere,<br \/>\ne fea quelle isole feconde col suo primo sorriso,<br \/>\nonde non tacque le tue limpide nubi e le tue fronde<br \/>\nl\u2019inclito verso di colui che l\u2019acque cant\u00f2 fatali,<br \/>\ned il diverso esiglio<br \/>\nper cui bello di fama e di sventura baci\u00f2 la sua petrosa Itaca Ulisse.<br \/>\nTu non altro che il canto avrai del figlio, o materna mia terra;<br \/>\na noi prescrisse il fato illacrimata sepoltura\u201d.<\/p><\/blockquote>\n<h2>Il potere dell\u2019Isola di Zante<\/h2>\n<p>La <strong>macchia mediterranea<\/strong>, le <strong>pinete<\/strong>, i terreni che grondano di <strong>ulivi<\/strong>, i <strong>vigneti<\/strong>, le <strong>foreste di cedri<\/strong> danno un\u2019impronta caratterizzante al suo entroterra, mentre sullo <strong>Ionio<\/strong> si affacciano le <strong>sabbie dorate<\/strong> che ospitano le <em>Caretta Caretta<\/em>, le <strong>foche monache<\/strong>, i <strong>delfini<\/strong>. L\u2019isola di<strong> Zacinto<\/strong> \u00e8 figlia del Re di Troia, <em>Zakynthos<\/em>, da cui prese il nome. Questi, secondo un\u2019antica leggenda -raccontata anche sulle monete di stato-, <strong>la liber\u00f2 dai serpenti<\/strong> che la infestavano.<\/p>\n<div id=\"attachment_12803\" class=\"wp-caption aligncenter\">\n<p><img loading=\"lazy\" decoding=\"async\" src=\"https:\/\/blog.viaggioggi.it\/wp-content\/uploads\/2021\/03\/Isola-di-Zante-Bandiera-Greca-Foto-di-Greg-Montani-da-Pixabay-900x600.jpg\" alt=\"Isola di Zante Bandiera Greca Foto di Greg Montani da Pixabay\" width=\"900\" height=\"600\" aria-describedby=\"caption-attachment-12803\" \/><\/p>\n<p id=\"caption-attachment-12803\" class=\"wp-caption-text\">Bandiera Greca sull\u2019Isola di Zante Foto di Greg Montani da Pixabay<\/p>\n<\/div>\n<h2>Da Ulisse all\u2019Inghilterra<\/h2>\n<p>Dalla sua nascita in poi questa isola delle <em>\u201cIonie\u201d<\/em> non vide mai di buon occhio la supremazia egemone degli invasori. Mal sopport\u00f2 <strong>il potere di Ulisse<\/strong>, cos\u00ec, appena pot\u00e9 e con una grande rivolta, lo cacci\u00f2 definitivamente dalle sue terre, decretando un governo democratico; e mal diger\u00ec l\u2019ingresso dei <strong>Romani<\/strong>. Con questi ultimi per\u00f2, per interessi comuni, riusc\u00ec a convivere per un po\u2019. Poi si avvicendarono i <em>Bizantini<\/em>, gli <em>Angioini<\/em>, gli <em>Orsini<\/em> e i <em>Tocchi<\/em>.<br \/>\nMa fu solo sotto i <strong>Veneziani<\/strong> che l\u2019isola cominci\u00f2 a crescere. Questo perch\u00e9 gli isolani furono lasciati liberi da un punto di vista sociale e religioso. L\u2019I<em>sola di Zante<\/em> continu\u00f2 a riscuotere interesse da parte delle potenze europee. Prima la <em>Francia<\/em>, poi la <em>Turchia<\/em> e <em>Costantinopoli<\/em>, poi l\u2019<em>Inghilterra<\/em>. Da quest\u2019ultima cerco\u2019 di affrancarsi formando una <strong>societ\u00e0 segreta patriottica<\/strong>, la <em>\u201cFilik\u00ec Eteria\u201d<\/em>. Di questo atto di resistenza rimane, sulla <strong>collina di Strani<\/strong>, una <strong>stele<\/strong> che ricorda nome per nome tutti i membri che vi aderirono.<\/p>\n<h4>Sull\u2019Isola di Zante la bandiera greca<\/h4>\n<p>Nel <em>1864<\/em> anche <strong>Zante<\/strong> come la <em>Grecia<\/em> alzarono finalmente la <strong>bandiera bianca e blu<\/strong>, simbolo di libert\u00e0 assoluta dalle dominazioni straniere.<br \/>\nMa la storia, lo sappiamo non si ferm\u00f2. Come il resto dell\u2019Europa sub\u00ec la <em>II Guerra Mondiale<\/em> e nel <em>1953<\/em> venne rasa al suolo da un devastate <strong>terremoto<\/strong>.<\/p>\n<h2>La Natura per tutti i gusti<\/h2>\n<p>Oggi come tutte le isole della <em>Grecia<\/em> <strong>vive di Turismo<\/strong>. Si pu\u00f2 definirla <em>\u201cun po\u2019 per tutti\u201d<\/em>. S\u00ec, perch\u00e9 se \u00e8 vero che la costa meridionale e quella orientale sembrano pi\u00f9 adatte a <strong>chi ama divertirsi<\/strong> ed \u00e8 in cerca di <strong>mondanit\u00e0<\/strong>, \u00e8 anche vero che la restante parte raccoglie le esigenze di un <strong>turismo pi\u00f9 lento<\/strong>, vis-\u00e0-vis con i <strong>territori selvaggi<\/strong>. Comunque, in tutta l\u2019<em>Isola di Zante<\/em> si pu\u00f2 rintracciare una <strong>Natura-Padrona<\/strong>, merito probabilmente dell\u2019attenzione che gli isolani hanno avuto per la loro terra. Il <strong>Parco Nazionale di Zante<\/strong> ha fatto sicuramente da garante per tutelare l\u2019esteso <strong>patrimonio ambientale<\/strong>.<\/p>\n<h3>L\u2019Isola di Zante: dove nacque l\u2019Inno Nazionale<\/h3>\n<p><strong>Apollo<\/strong> suonava la lira sotto le piante di alloro, decantando <strong>la bellezza di Zante<\/strong>; gli abitanti moderni usano altri strumenti ma l\u2019intento \u00e8 pressoch\u00e9 lo stesso. I valori, che l\u2019hanno sempre contraddistinta, sono stati d\u2019ispirazione per <strong>l\u2019inno nazionale<\/strong>, scritto proprio qui a <em>Zante<\/em> da <strong>Dionysios Solomos<\/strong>, il padre della poesia greca moderna, a cui \u00e8 dedicato il museo omonimo.<\/p>\n<div id=\"attachment_12806\" class=\"wp-caption aligncenter\">\n<p><img loading=\"lazy\" decoding=\"async\" src=\"https:\/\/blog.viaggioggi.it\/wp-content\/uploads\/2021\/03\/Isola-di-Zante-Le-Grotte-Foto-di-TeeFarm-da-Pixabay.jpg\" alt=\"Isola di Zante Le Grotte Foto di TeeFarm da Pixabay\" width=\"900\" height=\"506\" aria-describedby=\"caption-attachment-12806\" \/><\/p>\n<p id=\"caption-attachment-12806\" class=\"wp-caption-text\">Le Grotte marine Foto di TeeFarm da Pixabay<\/p>\n<\/div>\n<h3>Il territorio \u00e8 cosparso di tante piccole cittadine:<\/h3>\n<p>Oltre alla <strong>citt\u00e0 di Zante<\/strong> si possono raggiungere <strong>Argassi<\/strong>, con le sue tante rovine di chiese, acquedotti, ponti e case; e <strong>Laganas<\/strong> diventata un piccolo centro nevralgico del divertimento. Poi ci sono i <strong>villaggi remoti<\/strong> dell\u2019entroterra: <strong>Kampi<\/strong>, <strong>Exo Chora<\/strong>, <strong>Anafonitria<\/strong>, <strong>Maries<\/strong>, affascinanti proprio per il loro isolamento e le poche risorse di cui dispongono. Tra loro emerge <strong>Limni Ker\u00ec<\/strong> che si trova ai piedi di <em>Capo Marathia<\/em>. Al di l\u00e0 di <em>Laganas<\/em>, in mezzo corre una pineta immensa, troverai <strong>Kalamaki<\/strong>. Poi <strong>Alykes<\/strong>, <strong>Alikanas<\/strong> e <strong>Vassilikos<\/strong>.<\/p>\n<h2>Le Grotte dell\u2019Isola di Zante<\/h2>\n<p>Ma se vuoi stupirti non puoi mancare le <strong>straordinarie grotte<\/strong>.\u00a0 Circondano l\u2019<em>Isola di Zante<\/em> e sono dei veri e propri labirinti sotterranei tra acqua e roccia bianca. I riflessi dell\u2019acqua producono degli <strong>sfarfallii turchesi<\/strong> addosso alle pareti regalandole quel tocco di magia che non guasta mai. La <strong>Grotta Blu<\/strong> \u00e8 tra le pi\u00f9 famose ma ce ne sono tantissime altre tra <strong>Agios Nicolaos<\/strong> e <strong>Capo Skinari<\/strong>, oppure verso <strong>Capo Marathia<\/strong>. Puoi addentrarti <strong>in barca<\/strong> oppure nuotando, l\u2019effetto suggestivo non cambier\u00e0.<\/p>\n<h3>Tre chicche:<\/h3>\n<h4>Il <strong>Promontorio di Kampi<\/strong><\/h4>\n<p>Da qui si gode un panorama straordinario che guarda al dirimpettaio <strong><a href=\"https:\/\/blog.viaggioggi.it\/tradizione-vitivinicola-di-nemea-il-sangue-di-ercole\/\">Peloponneso <\/a><\/strong>e un affaccio verso il <strong>Golfo della Foca<\/strong>, proprio sotto, una roccia a strapiombo piena di grotte in cui le foche, appunto si vanno a rifugiare per partorire.<\/p>\n<h4>La <strong>Chiesa di Dioniso<\/strong><\/h4>\n<p>La struttura originale si sgretol\u00f2 con il terremoto del <em>1893<\/em>, la struttura attuale \u00e8 in piedi dal <em>1948<\/em> e riusc\u00ec a resistere al <strong>famoso terremoto del 1953<\/strong> che rase al suolo l\u2019isola. L\u2019esterno \u00e8 assolutamente diverso dall\u2019interno. E se ne resta sorpresi. Eccede in affreschi e colori, ci sono tantissimi lampadari e una delle cose pi\u00f9 belle, opera di un <strong>cesellatore di nome Bafas<\/strong>, \u00e8 il <strong>reliquiario d\u2019argento<\/strong> in cui sono custodite <strong>le spoglie di San Dioniso<\/strong>.<\/p>\n<div id=\"attachment_12802\" class=\"wp-caption aligncenter\">\n<p><img loading=\"lazy\" decoding=\"async\" src=\"https:\/\/blog.viaggioggi.it\/wp-content\/uploads\/2021\/03\/Acquario-di-Hersonissos-Foto-di-c961023-da-Pixabay.jpg\" alt=\"Caretta Caretta sull'Isola di Zante Foto di c961023 da Pixabay\" width=\"800\" height=\"600\" aria-describedby=\"caption-attachment-12802\" \/><\/p>\n<p id=\"caption-attachment-12802\" class=\"wp-caption-text\">Caretta Caretta Foto di c961023 da Pixabay<\/p>\n<\/div>\n<h4>L\u2019<strong>Isola di Marathonissi<\/strong><\/h4>\n<p>Famosa perch\u00e9 qui le <strong>tartarughe marine<\/strong>, meglio note come <a href=\"https:\/\/it.wikipedia.org\/wiki\/Caretta_caretta\" target=\"_blank\" rel=\"noopener\"><strong>Caretta Caretta<\/strong><\/a>, vengono a deporre le uova. E\u2019 proprio per proteggerle che \u00e8 stato istituito sull\u2019isola il <strong>Parco Nazionale Marino di Zante<\/strong>, una riserva che si estende sulla <strong>Baia di Laganas<\/strong> e comprende altre due isolette le \u201c<strong>Strofadi<\/strong>\u201d. Vi potrebbe capitare di nuotare insieme alle <em>Caretta Caretta<\/em>, dunque, che \u00e8 una delle <strong>esperienze pi\u00f9 simpatiche<\/strong> che potrete fare sull\u2019<em>Isola di Zante<\/em>.<\/p>\n<h3>Come arrivare sull\u2019Isola di Zante:<\/h3>\n<p><strong>Voli diretti<\/strong> da molti aeroporti italiani che atterrano all\u2019Aeroporto Dionysios Solomos, anche questo in onore del famoso poeta greco. E voli di linea giornalieri da Atene con Aegean Airlines, Sky Express <strong>Traghetti da Bari e Brindisi<\/strong> se ti muovi dall\u2019Italia; se invece sei gi\u00e0 in <em>Grecia<\/em> puoi prendere un traghetto da alcune isole dello Ionio.<\/p>\n","protected":false},"excerpt":{"rendered":"<p>L&#8217;isola di Zante, un connubio poetico di mare e cielo, acqua e aria, colori mozzafiato, Caretta Caretta e spiagge famose Dove nacque Venere L\u2019Isola di Zante in Grecia fa parte di quello stormo di terre in mezzo al mare in cui si pu\u00f2 godere appieno di Madre Natura. L\u2019Isola dalle spiagge luminose, la vita notturna&hellip;<\/p>\n","protected":false},"author":1,"featured_media":15624,"comment_status":"closed","ping_status":"open","sticky":false,"template":"","format":"standard","meta":{"_acf_changed":false,"footnotes":""},"categories":[929],"tags":[],"class_list":["post-15878","post","type-post","status-publish","format-standard","has-post-thumbnail","hentry","category-zante","category-929","description-off"],"acf":[],"yoast_head":"<!-- This site is optimized with the Yoast SEO Premium plugin v24.6 (Yoast SEO v24.9) - https:\/\/yoast.com\/wordpress\/plugins\/seo\/ -->\n<title>Isola si Zante: dove nacque Venere tra grotte e natura<\/title>\n<meta name=\"description\" content=\"Isola di Zante, dove la natura la fa da padrona, paesaggi di estrema bellezza e dove Foscolo ci racconta la nascita di Venere.\" \/>\n<meta name=\"robots\" content=\"index, follow, max-snippet:-1, max-image-preview:large, max-video-preview:-1\" \/>\n<link rel=\"canonical\" href=\"https:\/\/www.tourgreciaclassica.it\/2025\/zante-dove-nacque-venere\/\" \/>\n<meta property=\"og:locale\" content=\"it_IT\" \/>\n<meta property=\"og:type\" content=\"article\" \/>\n<meta property=\"og:title\" content=\"Isola si Zante: dove nacque Venere tra grotte e natura\" \/>\n<meta property=\"og:description\" content=\"Isola di Zante, dove la natura la fa da padrona, paesaggi di estrema bellezza e dove Foscolo ci racconta la nascita di Venere.\" \/>\n<meta property=\"og:url\" content=\"https:\/\/www.tourgreciaclassica.it\/2025\/zante-dove-nacque-venere\/\" \/>\n<meta property=\"og:site_name\" content=\"Tour Grecia Classica\" \/>\n<meta property=\"article:publisher\" content=\"https:\/\/www.facebook.com\/TourGreciaclassica.it\" \/>\n<meta property=\"article:published_time\" content=\"2022-03-22T11:27:36+00:00\" \/>\n<meta property=\"og:image\" content=\"https:\/\/www.tourgreciaclassica.it\/2025\/wp-content\/uploads\/2020\/07\/zante_vista_mare.webp\" \/>\n\t<meta property=\"og:image:width\" content=\"1200\" \/>\n\t<meta property=\"og:image:height\" content=\"803\" \/>\n\t<meta property=\"og:image:type\" content=\"image\/webp\" \/>\n<meta name=\"author\" content=\"admin\" \/>\n<meta name=\"twitter:card\" content=\"summary_large_image\" \/>\n<meta name=\"twitter:label1\" content=\"Scritto da\" \/>\n\t<meta name=\"twitter:data1\" content=\"admin\" \/>\n\t<meta name=\"twitter:label2\" content=\"Tempo di lettura stimato\" \/>\n\t<meta name=\"twitter:data2\" content=\"7 minuti\" \/>\n<script type=\"application\/ld+json\" class=\"yoast-schema-graph\">{\"@context\":\"https:\/\/schema.org\",\"@graph\":[{\"@type\":\"Article\",\"@id\":\"https:\/\/www.tourgreciaclassica.it\/2025\/zante-dove-nacque-venere\/#article\",\"isPartOf\":{\"@id\":\"https:\/\/www.tourgreciaclassica.it\/2025\/zante-dove-nacque-venere\/\"},\"author\":{\"name\":\"admin\",\"@id\":\"https:\/\/www.tourgreciaclassica.it\/2025\/#\/schema\/person\/0e3e6b079358c2add1633cedac8d1fd4\"},\"headline\":\"Isola si Zante: dove nacque Venere tra grotte e natura\",\"datePublished\":\"2022-03-22T11:27:36+00:00\",\"mainEntityOfPage\":{\"@id\":\"https:\/\/www.tourgreciaclassica.it\/2025\/zante-dove-nacque-venere\/\"},\"wordCount\":1197,\"publisher\":{\"@id\":\"https:\/\/www.tourgreciaclassica.it\/2025\/#organization\"},\"image\":{\"@id\":\"https:\/\/www.tourgreciaclassica.it\/2025\/zante-dove-nacque-venere\/#primaryimage\"},\"thumbnailUrl\":\"https:\/\/www.tourgreciaclassica.it\/2025\/wp-content\/uploads\/2020\/07\/zante_vista_mare.webp\",\"articleSection\":[\"Zante\"],\"inLanguage\":\"it-IT\"},{\"@type\":\"WebPage\",\"@id\":\"https:\/\/www.tourgreciaclassica.it\/2025\/zante-dove-nacque-venere\/\",\"url\":\"https:\/\/www.tourgreciaclassica.it\/2025\/zante-dove-nacque-venere\/\",\"name\":\"Isola si Zante: dove nacque Venere tra grotte e natura\",\"isPartOf\":{\"@id\":\"https:\/\/www.tourgreciaclassica.it\/2025\/#website\"},\"primaryImageOfPage\":{\"@id\":\"https:\/\/www.tourgreciaclassica.it\/2025\/zante-dove-nacque-venere\/#primaryimage\"},\"image\":{\"@id\":\"https:\/\/www.tourgreciaclassica.it\/2025\/zante-dove-nacque-venere\/#primaryimage\"},\"thumbnailUrl\":\"https:\/\/www.tourgreciaclassica.it\/2025\/wp-content\/uploads\/2020\/07\/zante_vista_mare.webp\",\"datePublished\":\"2022-03-22T11:27:36+00:00\",\"description\":\"Isola di Zante, dove la natura la fa da padrona, paesaggi di estrema bellezza e dove Foscolo ci racconta la nascita di Venere.\",\"breadcrumb\":{\"@id\":\"https:\/\/www.tourgreciaclassica.it\/2025\/zante-dove-nacque-venere\/#breadcrumb\"},\"inLanguage\":\"it-IT\",\"potentialAction\":[{\"@type\":\"ReadAction\",\"target\":[\"https:\/\/www.tourgreciaclassica.it\/2025\/zante-dove-nacque-venere\/\"]}]},{\"@type\":\"ImageObject\",\"inLanguage\":\"it-IT\",\"@id\":\"https:\/\/www.tourgreciaclassica.it\/2025\/zante-dove-nacque-venere\/#primaryimage\",\"url\":\"https:\/\/www.tourgreciaclassica.it\/2025\/wp-content\/uploads\/2020\/07\/zante_vista_mare.webp\",\"contentUrl\":\"https:\/\/www.tourgreciaclassica.it\/2025\/wp-content\/uploads\/2020\/07\/zante_vista_mare.webp\",\"width\":1200,\"height\":803,\"caption\":\"zante\"},{\"@type\":\"BreadcrumbList\",\"@id\":\"https:\/\/www.tourgreciaclassica.it\/2025\/zante-dove-nacque-venere\/#breadcrumb\",\"itemListElement\":[{\"@type\":\"ListItem\",\"position\":1,\"name\":\"Home\",\"item\":\"https:\/\/www.tourgreciaclassica.it\/2025\/\"},{\"@type\":\"ListItem\",\"position\":2,\"name\":\"Isola si Zante: dove nacque Venere tra grotte e natura\"}]},{\"@type\":\"WebSite\",\"@id\":\"https:\/\/www.tourgreciaclassica.it\/2025\/#website\",\"url\":\"https:\/\/www.tourgreciaclassica.it\/2025\/\",\"name\":\"Tour Grecia Classica\",\"description\":\"\",\"publisher\":{\"@id\":\"https:\/\/www.tourgreciaclassica.it\/2025\/#organization\"},\"potentialAction\":[{\"@type\":\"SearchAction\",\"target\":{\"@type\":\"EntryPoint\",\"urlTemplate\":\"https:\/\/www.tourgreciaclassica.it\/2025\/?s={search_term_string}\"},\"query-input\":{\"@type\":\"PropertyValueSpecification\",\"valueRequired\":true,\"valueName\":\"search_term_string\"}}],\"inLanguage\":\"it-IT\"},{\"@type\":\"Organization\",\"@id\":\"https:\/\/www.tourgreciaclassica.it\/2025\/#organization\",\"name\":\"tourgreciaclassica\",\"alternateName\":\"TGC\",\"url\":\"https:\/\/www.tourgreciaclassica.it\/2025\/\",\"logo\":{\"@type\":\"ImageObject\",\"inLanguage\":\"it-IT\",\"@id\":\"https:\/\/www.tourgreciaclassica.it\/2025\/#\/schema\/logo\/image\/\",\"url\":\"http:\/\/www.tourgreciaclassica.it\/2025\/wp-content\/uploads\/2025\/03\/logo-TGC-4-quadrato.jpg\",\"contentUrl\":\"http:\/\/www.tourgreciaclassica.it\/2025\/wp-content\/uploads\/2025\/03\/logo-TGC-4-quadrato.jpg\",\"width\":343,\"height\":343,\"caption\":\"tourgreciaclassica\"},\"image\":{\"@id\":\"https:\/\/www.tourgreciaclassica.it\/2025\/#\/schema\/logo\/image\/\"},\"sameAs\":[\"https:\/\/www.facebook.com\/TourGreciaclassica.it\",\"https:\/\/www.instagram.com\/tourgreciaclassica\/\",\"https:\/\/www.youtube.com\/channel\/UCaOTv7IUY6KfodamHtKWZAg\"],\"description\":\"tourgreciaclassica.it \u00e8 un catalogo di viaggio della ViaggiOggi Su Misura. \u201cSiamo un Tour Operator greco che per caso vive in Italia\u201d questo \u00e8 quello che diciamo sul nostro conto quando ci presentiamo perch\u00e9, di fatto, sin da quando abbiamo iniziato a muovere i primi passi in Grecia, ben 28 anni fa \u2013era il 1992\u2013 ci siamo sentiti parte di quel mare, di quelle isole, di quella gente. In questo catalogo di viaggio vengono presentati i prodotti di punta della ViaggiOggi: tour, mini tour, crociere, escursioni e hotel esclusivi in Grecia. ViaggiOggi nasce in Grecia e nel tempo aggiunge altre linee di prodotto quali Spagna, Portogallo e Nord Europa per crescere e per incontrare la richiesta di pi\u00f9 clienti.\",\"email\":\"info@tourgreciaclassica.it\",\"telephone\":\"+39 06 489 03 604\"},{\"@type\":\"Person\",\"@id\":\"https:\/\/www.tourgreciaclassica.it\/2025\/#\/schema\/person\/0e3e6b079358c2add1633cedac8d1fd4\",\"name\":\"admin\",\"image\":{\"@type\":\"ImageObject\",\"inLanguage\":\"it-IT\",\"@id\":\"https:\/\/www.tourgreciaclassica.it\/2025\/#\/schema\/person\/image\/\",\"url\":\"https:\/\/secure.gravatar.com\/avatar\/ddad26e070a000bd5b73c44a445bcbca0db0ca868994a3d87bb6789af93258a0?s=96&d=blank&r=g\",\"contentUrl\":\"https:\/\/secure.gravatar.com\/avatar\/ddad26e070a000bd5b73c44a445bcbca0db0ca868994a3d87bb6789af93258a0?s=96&d=blank&r=g\",\"caption\":\"admin\"},\"sameAs\":[\"http:\/\/www.tourgreciaclassica.it\/2025\"]}]}<\/script>\n<!-- \/ Yoast SEO Premium plugin. -->","yoast_head_json":{"title":"Isola si Zante: dove nacque Venere tra grotte e natura","description":"Isola di Zante, dove la natura la fa da padrona, paesaggi di estrema bellezza e dove Foscolo ci racconta la nascita di Venere.","robots":{"index":"index","follow":"follow","max-snippet":"max-snippet:-1","max-image-preview":"max-image-preview:large","max-video-preview":"max-video-preview:-1"},"canonical":"https:\/\/www.tourgreciaclassica.it\/2025\/zante-dove-nacque-venere\/","og_locale":"it_IT","og_type":"article","og_title":"Isola si Zante: dove nacque Venere tra grotte e natura","og_description":"Isola di Zante, dove la natura la fa da padrona, paesaggi di estrema bellezza e dove Foscolo ci racconta la nascita di Venere.","og_url":"https:\/\/www.tourgreciaclassica.it\/2025\/zante-dove-nacque-venere\/","og_site_name":"Tour Grecia Classica","article_publisher":"https:\/\/www.facebook.com\/TourGreciaclassica.it","article_published_time":"2022-03-22T11:27:36+00:00","og_image":[{"width":1200,"height":803,"url":"https:\/\/www.tourgreciaclassica.it\/2025\/wp-content\/uploads\/2020\/07\/zante_vista_mare.webp","type":"image\/webp"}],"author":"admin","twitter_card":"summary_large_image","twitter_misc":{"Scritto da":"admin","Tempo di lettura stimato":"7 minuti"},"schema":{"@context":"https:\/\/schema.org","@graph":[{"@type":"Article","@id":"https:\/\/www.tourgreciaclassica.it\/2025\/zante-dove-nacque-venere\/#article","isPartOf":{"@id":"https:\/\/www.tourgreciaclassica.it\/2025\/zante-dove-nacque-venere\/"},"author":{"name":"admin","@id":"https:\/\/www.tourgreciaclassica.it\/2025\/#\/schema\/person\/0e3e6b079358c2add1633cedac8d1fd4"},"headline":"Isola si Zante: dove nacque Venere tra grotte e natura","datePublished":"2022-03-22T11:27:36+00:00","mainEntityOfPage":{"@id":"https:\/\/www.tourgreciaclassica.it\/2025\/zante-dove-nacque-venere\/"},"wordCount":1197,"publisher":{"@id":"https:\/\/www.tourgreciaclassica.it\/2025\/#organization"},"image":{"@id":"https:\/\/www.tourgreciaclassica.it\/2025\/zante-dove-nacque-venere\/#primaryimage"},"thumbnailUrl":"https:\/\/www.tourgreciaclassica.it\/2025\/wp-content\/uploads\/2020\/07\/zante_vista_mare.webp","articleSection":["Zante"],"inLanguage":"it-IT"},{"@type":"WebPage","@id":"https:\/\/www.tourgreciaclassica.it\/2025\/zante-dove-nacque-venere\/","url":"https:\/\/www.tourgreciaclassica.it\/2025\/zante-dove-nacque-venere\/","name":"Isola si Zante: dove nacque Venere tra grotte e natura","isPartOf":{"@id":"https:\/\/www.tourgreciaclassica.it\/2025\/#website"},"primaryImageOfPage":{"@id":"https:\/\/www.tourgreciaclassica.it\/2025\/zante-dove-nacque-venere\/#primaryimage"},"image":{"@id":"https:\/\/www.tourgreciaclassica.it\/2025\/zante-dove-nacque-venere\/#primaryimage"},"thumbnailUrl":"https:\/\/www.tourgreciaclassica.it\/2025\/wp-content\/uploads\/2020\/07\/zante_vista_mare.webp","datePublished":"2022-03-22T11:27:36+00:00","description":"Isola di Zante, dove la natura la fa da padrona, paesaggi di estrema bellezza e dove Foscolo ci racconta la nascita di Venere.","breadcrumb":{"@id":"https:\/\/www.tourgreciaclassica.it\/2025\/zante-dove-nacque-venere\/#breadcrumb"},"inLanguage":"it-IT","potentialAction":[{"@type":"ReadAction","target":["https:\/\/www.tourgreciaclassica.it\/2025\/zante-dove-nacque-venere\/"]}]},{"@type":"ImageObject","inLanguage":"it-IT","@id":"https:\/\/www.tourgreciaclassica.it\/2025\/zante-dove-nacque-venere\/#primaryimage","url":"https:\/\/www.tourgreciaclassica.it\/2025\/wp-content\/uploads\/2020\/07\/zante_vista_mare.webp","contentUrl":"https:\/\/www.tourgreciaclassica.it\/2025\/wp-content\/uploads\/2020\/07\/zante_vista_mare.webp","width":1200,"height":803,"caption":"zante"},{"@type":"BreadcrumbList","@id":"https:\/\/www.tourgreciaclassica.it\/2025\/zante-dove-nacque-venere\/#breadcrumb","itemListElement":[{"@type":"ListItem","position":1,"name":"Home","item":"https:\/\/www.tourgreciaclassica.it\/2025\/"},{"@type":"ListItem","position":2,"name":"Isola si Zante: dove nacque Venere tra grotte e natura"}]},{"@type":"WebSite","@id":"https:\/\/www.tourgreciaclassica.it\/2025\/#website","url":"https:\/\/www.tourgreciaclassica.it\/2025\/","name":"Tour Grecia Classica","description":"","publisher":{"@id":"https:\/\/www.tourgreciaclassica.it\/2025\/#organization"},"potentialAction":[{"@type":"SearchAction","target":{"@type":"EntryPoint","urlTemplate":"https:\/\/www.tourgreciaclassica.it\/2025\/?s={search_term_string}"},"query-input":{"@type":"PropertyValueSpecification","valueRequired":true,"valueName":"search_term_string"}}],"inLanguage":"it-IT"},{"@type":"Organization","@id":"https:\/\/www.tourgreciaclassica.it\/2025\/#organization","name":"tourgreciaclassica","alternateName":"TGC","url":"https:\/\/www.tourgreciaclassica.it\/2025\/","logo":{"@type":"ImageObject","inLanguage":"it-IT","@id":"https:\/\/www.tourgreciaclassica.it\/2025\/#\/schema\/logo\/image\/","url":"http:\/\/www.tourgreciaclassica.it\/2025\/wp-content\/uploads\/2025\/03\/logo-TGC-4-quadrato.jpg","contentUrl":"http:\/\/www.tourgreciaclassica.it\/2025\/wp-content\/uploads\/2025\/03\/logo-TGC-4-quadrato.jpg","width":343,"height":343,"caption":"tourgreciaclassica"},"image":{"@id":"https:\/\/www.tourgreciaclassica.it\/2025\/#\/schema\/logo\/image\/"},"sameAs":["https:\/\/www.facebook.com\/TourGreciaclassica.it","https:\/\/www.instagram.com\/tourgreciaclassica\/","https:\/\/www.youtube.com\/channel\/UCaOTv7IUY6KfodamHtKWZAg"],"description":"tourgreciaclassica.it \u00e8 un catalogo di viaggio della ViaggiOggi Su Misura. \u201cSiamo un Tour Operator greco che per caso vive in Italia\u201d questo \u00e8 quello che diciamo sul nostro conto quando ci presentiamo perch\u00e9, di fatto, sin da quando abbiamo iniziato a muovere i primi passi in Grecia, ben 28 anni fa \u2013era il 1992\u2013 ci siamo sentiti parte di quel mare, di quelle isole, di quella gente. In questo catalogo di viaggio vengono presentati i prodotti di punta della ViaggiOggi: tour, mini tour, crociere, escursioni e hotel esclusivi in Grecia. ViaggiOggi nasce in Grecia e nel tempo aggiunge altre linee di prodotto quali Spagna, Portogallo e Nord Europa per crescere e per incontrare la richiesta di pi\u00f9 clienti.","email":"info@tourgreciaclassica.it","telephone":"+39 06 489 03 604"},{"@type":"Person","@id":"https:\/\/www.tourgreciaclassica.it\/2025\/#\/schema\/person\/0e3e6b079358c2add1633cedac8d1fd4","name":"admin","image":{"@type":"ImageObject","inLanguage":"it-IT","@id":"https:\/\/www.tourgreciaclassica.it\/2025\/#\/schema\/person\/image\/","url":"https:\/\/secure.gravatar.com\/avatar\/ddad26e070a000bd5b73c44a445bcbca0db0ca868994a3d87bb6789af93258a0?s=96&d=blank&r=g","contentUrl":"https:\/\/secure.gravatar.com\/avatar\/ddad26e070a000bd5b73c44a445bcbca0db0ca868994a3d87bb6789af93258a0?s=96&d=blank&r=g","caption":"admin"},"sameAs":["http:\/\/www.tourgreciaclassica.it\/2025"]}]}},"_links":{"self":[{"href":"https:\/\/www.tourgreciaclassica.it\/2025\/wp-json\/wp\/v2\/posts\/15878","targetHints":{"allow":["GET"]}}],"collection":[{"href":"https:\/\/www.tourgreciaclassica.it\/2025\/wp-json\/wp\/v2\/posts"}],"about":[{"href":"https:\/\/www.tourgreciaclassica.it\/2025\/wp-json\/wp\/v2\/types\/post"}],"author":[{"embeddable":true,"href":"https:\/\/www.tourgreciaclassica.it\/2025\/wp-json\/wp\/v2\/users\/1"}],"replies":[{"embeddable":true,"href":"https:\/\/www.tourgreciaclassica.it\/2025\/wp-json\/wp\/v2\/comments?post=15878"}],"version-history":[{"count":0,"href":"https:\/\/www.tourgreciaclassica.it\/2025\/wp-json\/wp\/v2\/posts\/15878\/revisions"}],"wp:featuredmedia":[{"embeddable":true,"href":"https:\/\/www.tourgreciaclassica.it\/2025\/wp-json\/wp\/v2\/media\/15624"}],"wp:attachment":[{"href":"https:\/\/www.tourgreciaclassica.it\/2025\/wp-json\/wp\/v2\/media?parent=15878"}],"wp:term":[{"taxonomy":"category","embeddable":true,"href":"https:\/\/www.tourgreciaclassica.it\/2025\/wp-json\/wp\/v2\/categories?post=15878"},{"taxonomy":"post_tag","embeddable":true,"href":"https:\/\/www.tourgreciaclassica.it\/2025\/wp-json\/wp\/v2\/tags?post=15878"}],"curies":[{"name":"wp","href":"https:\/\/api.w.org\/{rel}","templated":true}]}}