{"id":10985,"date":"2020-10-23T14:50:34","date_gmt":"2020-10-23T12:50:34","guid":{"rendered":"https:\/\/tourgreciaclassica.it\/?p=10985"},"modified":"2020-10-23T14:50:34","modified_gmt":"2020-10-23T12:50:34","slug":"santorini-odore-di-vulcano-e-martini","status":"publish","type":"post","link":"https:\/\/www.tourgreciaclassica.it\/2025\/santorini-odore-di-vulcano-e-martini\/","title":{"rendered":"Santorini, odore di vulcano e &#8220;Martini&#8221;"},"content":{"rendered":"<h1>Santorini, terra di grandi stravolgimenti, di sabbie vulcaniche, di drink sugli affacci che guardano il mare, terra la cui storia \u00e8 legata a tanti mondi diversi e al vulcano<\/h1>\n<h2>Prima di partire per Santorini<\/h2>\n<p>Quando si parla di <strong>Santorini<\/strong> si accende una luce particolare, dettata probabilmente dal colore bianco-intonaco delle costruzioni. E si pensa in generale alla <strong>Grecia<\/strong>, come se quest\u2019isola fosse diventata l\u2019icona dell\u2019intera regione.<\/p>\n<p>Ma non \u00e8 soltanto una <strong>meta glamour<\/strong> per vip. Non \u00e8 soltanto un luogo in cui perdersi e guardare i <strong>tramonti pi\u00f9 belli della vita<\/strong>. \u00c8 una <strong>meta culturale<\/strong>, con una storia intensa alle spalle, uno spirito che aleggia, quello del <strong>vulcano<\/strong>, il quale sembra averla distrutta e resa <strong>famosa<\/strong> allo stesso tempo.<\/p>\n<p>Parlare di storia \u00e8 sempre difficile, tante date, tanti nomi da ricordare. Ed \u00e8 pi\u00f9 comodo pensare che, in fondo, siamo nel presente, il <strong>passato<\/strong> \u00e8 qualcosa di sepolto, anzi, meglio non disturbarlo. Ma, <strong>visitare un luogo<\/strong> senza conoscerne la storia, \u00e8 come bere un uovo e non trovare il tuorlo.<\/p>\n<p>Qui, in questa <strong>terra nel mare<\/strong>, qualcosa di fatale accadde.<\/p>\n<p><em>Santorini<\/em>, che \u00e8 presa d\u2019assalto dal <strong>turismo<\/strong> e che \u00e8 spasmodicamente fotografabile da ogni punto la si guardi, \u00e8 cos\u00ec <strong>bella<\/strong> perch\u00e9 ha <strong>cicatrici profonde<\/strong>.<\/p>\n<p>Puoi arrivare senza rendertene conto: <strong>l\u2019isola \u00e8 straordinaria<\/strong>, uno spicchio di luna che accoglie affastellati i villaggi, e offre uno sguardo sul mare, e sulla <strong>Caldera<\/strong>, che appaga lo spirito.<\/p>\n<h2>Il grande evento naturale<\/h2>\n<p>Ti troverai in realt\u00e0 su <strong>un&#8217;antica zolla<\/strong> che il geologo francese <em>F. Fouque, <\/em>studiandone la conformazione, ricondusse al territorio libico. Di quella zolla estesa rimasero successivamente un vulcano a forma di cono e un isolotto. Le acque e i movimenti della terra, ma anche le <strong>eruzioni<\/strong>, produssero tante fratture e cambiamenti, fino a che questi <strong>crateri<\/strong> non unirono i propri corpi formandone uno solo.<\/p>\n<p>Ma per migliaia di anni il ribollio della lava si spense, o rimase semplicemente in silenzio. Fu in quel periodo che fior\u00ec la vegetazione e comparvero <strong>i primi colonizzatori<\/strong>, i <em>Lelegi<\/em>. L\u2019insediamento crebbe fino ad attirare i non lontani <strong>cretesi<\/strong>, i quali, conquistati dalla posizione di Santorini, vi si stabilirono. E siamo nell\u2019<strong>Epoca Minoica<\/strong>, nel grande influsso che questa civilt\u00e0 diede alla Grecia. Era il <strong>1500 a.C<\/strong>.<\/p>\n<p>Fu nel momento di massimo splendore che <strong>qualcosa di fatale<\/strong> stravolse i piani, sia dei minoici, sia di questa isola. Originato proprio da quel vulcano silente che per tanto tempo non aveva disturbato i sonni di nessuno. Pensa a <strong>un\u2019esplosione<\/strong>, a uno spesso strato di <strong>pietra pomice<\/strong> che investe la terra. Al cratere che sputava il <strong>basalto<\/strong> e una violenza di <strong>lingue di fuoco<\/strong> che incendiavano ci\u00f2 che toccavano.<\/p>\n<p>La durezza dell\u2019impatto form\u00f2 <strong>una voragine<\/strong> tra il vulcano a forma di cono e l\u2019isolotto che, se un tempo si erano uniti, durante l\u2019eruzione si divisero irrimediabilmente. Il peso della voragine provoc\u00f2 un cedimento della crosta che collass\u00f2 su s\u00e9 stessa. Circa <strong>83 Kmq<\/strong> di quella terra <strong>scomparvero sotto il mare<\/strong>.<\/p>\n<p><img loading=\"lazy\" decoding=\"async\" class=\"aligncenter wp-image-10987 size-full\" src=\"http:\/\/www.tourgreciaclassica.it\/2025\/wp-content\/uploads\/2020\/10\/Santorini-10.jpg\" alt=\"Santorini, punto panoramico\" width=\"1200\" height=\"800\" srcset=\"https:\/\/www.tourgreciaclassica.it\/2025\/wp-content\/uploads\/2020\/10\/Santorini-10.jpg 1200w, https:\/\/www.tourgreciaclassica.it\/2025\/wp-content\/uploads\/2020\/10\/Santorini-10-1064x709.jpg 1064w, https:\/\/www.tourgreciaclassica.it\/2025\/wp-content\/uploads\/2020\/10\/Santorini-10-300x200.jpg 300w, https:\/\/www.tourgreciaclassica.it\/2025\/wp-content\/uploads\/2020\/10\/Santorini-10-1024x683.jpg 1024w, https:\/\/www.tourgreciaclassica.it\/2025\/wp-content\/uploads\/2020\/10\/Santorini-10-768x512.jpg 768w\" sizes=\"auto, (max-width: 1200px) 100vw, 1200px\" \/><\/p>\n<h2>Un drink sulla Caldera<\/h2>\n<p>Nel guardare verso la <strong>Caldera<\/strong> questo momento della storia si allarga a macchia d&#8217;olio sotto gli occhi. Siamo nel presente e ci stiamo bevendo un <em>Martini<\/em> di fronte al <strong>tramonto<\/strong>, \u00e8 il <strong>momento wow della vacanza<\/strong>. S\u00ec, \u00e8 bellissimo.<\/p>\n<p>Ma il tuo <strong>drink<\/strong> avr\u00e0 un <strong>sapore pi\u00f9 memorabile<\/strong> al pensiero che, dove ti stai rilassando, sono passati i <strong>Fenici<\/strong>, i <strong>Beioti Minii<\/strong>, i <strong>Dori di Sparta<\/strong>, i <strong>Persiani<\/strong>, gli <strong>Ateniesi<\/strong>, i <strong>Macedoni<\/strong>, i <strong>Tolomei d\u2019Egitto<\/strong>, i <strong>Romani<\/strong>, i <strong>Bizantini<\/strong>.<\/p>\n<p>Il mare, dove stai guardando, non c\u2019era. La catastrofe biblica lo ha messo l\u00ec. La stessa che provoc\u00f2 <strong>onde di marea<\/strong> inimmaginabili, pi\u00f9 violente della stessa eruzione. Queste devastarono le <strong>coste dell\u2019Egeo<\/strong>. E, per giorni, la <strong>cenere vulcanica<\/strong> rese il giorno, notte, e la vegetazione polvere da soffiare via.<\/p>\n<p>Accadde proprio l\u00ec e per molti chilometri intorno.<\/p>\n<p>Forse il bianco-intonaco delle case ha cancellato quel senso di fuliggine e bruciato, ma nella <em>Caldera<\/em> i moti sotterranei non si sono estinti. Solo, hanno smesso di tediare il paesaggio.<\/p>\n<h2>Santorini &#8220;la Metropoli&#8221;<\/h2>\n<p>In moltissimi scritti troverai che si fa coincidere l\u2019evento travagliato con <strong>la fine della civilt\u00e0 minoica<\/strong>. Cos\u00ec come ti capiter\u00e0 di leggere che <em>Santorini<\/em> \u00e8 stata associata al <strong>mito di Atlantide<\/strong>. In qualche modo queste due affermazioni sono collegate.<\/p>\n<p>Ma bisogna fare un passo indietro: della famosa<em> \u201cAtlantide\u201d<\/em> rifer\u00ec <strong>Solone<\/strong> a <em>Dropide<\/em> (antenato di Crizia) e poi ne troviamo traccia nei <strong>dialoghi filosofici di Platone<\/strong> <em>\u201cTimeo e Crizia\u201d<\/em>.<\/p>\n<p>Questo fa presupporre che <strong>Crizia<\/strong> fu il tramite attraverso cui si perpetr\u00f2 il ricordo.<\/p>\n<p>Ma <em>\u201cil Regno di due isole, la maggiore e la minore\u201d<\/em> cos\u00ec come viene riportato da Platone <em>\u201cera formato da dieci stati\u201d<\/em> di cui due vengono chiamati: uno \u201c<em>Metropoli<\/em>\u201d e l\u2019altro \u201c<em>Stato Reale<\/em>\u201d.<\/p>\n<p><img loading=\"lazy\" decoding=\"async\" class=\"aligncenter wp-image-10986 size-full\" src=\"http:\/\/www.tourgreciaclassica.it\/2025\/wp-content\/uploads\/2020\/10\/P_20161002_155118.jpg\" alt=\"Dalla Caldera verso Santorini\" width=\"1200\" height=\"675\" srcset=\"https:\/\/www.tourgreciaclassica.it\/2025\/wp-content\/uploads\/2020\/10\/P_20161002_155118.jpg 1200w, https:\/\/www.tourgreciaclassica.it\/2025\/wp-content\/uploads\/2020\/10\/P_20161002_155118-1064x599.jpg 1064w, https:\/\/www.tourgreciaclassica.it\/2025\/wp-content\/uploads\/2020\/10\/P_20161002_155118-300x169.jpg 300w, https:\/\/www.tourgreciaclassica.it\/2025\/wp-content\/uploads\/2020\/10\/P_20161002_155118-1024x576.jpg 1024w, https:\/\/www.tourgreciaclassica.it\/2025\/wp-content\/uploads\/2020\/10\/P_20161002_155118-768x432.jpg 768w\" sizes=\"auto, (max-width: 1200px) 100vw, 1200px\" \/><\/p>\n<p>La risposta pi\u00f9 plausibile la trov\u00f2 l\u2019archeologo greco, <strong>Spyros Marinatos<\/strong>, il quale, pur pensando che il vulcano avesse sotterrato la <em>Civilt\u00e0 Minoica<\/em>, non la fece coincidere con <em>Santorini<\/em>, bens\u00ec con <em>Creta<\/em>. Di cui <em>Creta<\/em> era lo <strong>Stato Reale<\/strong> e <em>Santorini<\/em> la <strong>Metropoli<\/strong>.<\/p>\n<p>E questo, vista la distanza di un centinaio di chilometri dall\u2019eruzione, fa supporre lo fosse. Ti troverai, quindi, a guardare questa <strong>terra bruna<\/strong> con altri occhi.<\/p>\n<h2>Periodi storici e nome<\/h2>\n<p>Immagina che per due secoli l\u2019isola rimase vuota, senza respiri, senza passi. Non \u00e8 la <strong>location propulsiva e animata<\/strong> che sentirai accarezzarti la pelle. E che ti far\u00e0 <strong>scattare tante fotografie<\/strong>.<\/p>\n<p>Poi torn\u00f2 ad essere <strong>colonia<\/strong> e pass\u00f2 di mano in mano, nei secoli, a quei popoli di cui abbiamo parlato prima. Fino a diventare uno dei quattro<strong> Vescovadi latini del Ducato di Nasso<\/strong>. \u00c8 solo nel <em>1153<\/em> che compare per la prima volta <strong>il nome Santorini<\/strong>, citato dal geografo arabo <em>Edrisi<\/em>.<\/p>\n<p>Un <strong>nome di origine &#8220;crociata&#8221;<\/strong> che si fa risalire a una piccola chiesa, la <strong>Agia Irini<\/strong>, cio\u00e8 <em>Santa Irene<\/em>.<\/p>\n<p>Iniziarono le <strong>lotte fra signori<\/strong>, ma anche tra vescovado latino e vescovado ortodosso e, sotto la dominazione Franca, fu minacciata dalle<strong> scorribande dei pirati<\/strong>. Fu proprio per proteggersi da questi che nacquero dei centri fortificati, cinque, per la precisione: <em>Skaros<\/em>, <em>Oia<\/em>, <em>Pyrgos<\/em>, <em>Nimbor\u00f2<\/em>, e <em>Akroriti<\/em>.<\/p>\n<p>La repressione dei pirati apr\u00ec le strade del mare. Quindi il <strong>vino<\/strong> e il <strong>cotone<\/strong>, che venivano prodotti a Santorini, iniziarono ad essere <strong>commercializzati<\/strong>. Questo <strong>periodo di grande splendore<\/strong> si incrin\u00f2 prima con l\u2019avvento delle <em>navi a vapore<\/em>, poi con il <strong>terremoto del 1956<\/strong>. L&#8217;isola rimase pressoch\u00e9 disabitata fino al <em>1970<\/em>.<\/p>\n<p>Dobbiamo la sua rinascita agli <strong>archeologi<\/strong>, agli <strong>storici<\/strong> e ai <strong>geologi<\/strong> che la visitarono e studiarono. Per questo il suo <strong>carattere culturale<\/strong> \u00e8, forse, pi\u00f9 forte e pi\u00f9 importante della bellezza depositata sulla superficie di ogni casa, o terrazza, o piscina.<\/p>\n<p>________________________________________________________________________________<\/p>\n<p>SE VUOI INFORMAZIONI SUI NOSTRI VIAGGI 2021 CONTATTACI:<\/p>\n<p><a href=\"https:\/\/tourgreciaclassica.it\/contatti\/\">VIA MAIL<\/a><\/p>\n<p>OPPURE CHIAMACI:<\/p>\n<p>06.48903604<\/p>\n<p>________________________________________________________________________________<\/p>\n<p>LEGGI ALTRI ARTICOLI:<\/p>\n<p><strong><a href=\"https:\/\/tourgreciaclassica.it\/la-caldera-di-santorini-un-punto-di-vista-unico\/\">La Caldera di Santorini: un punto di vista unico<\/a><\/strong><\/p>\n<p><strong><a href=\"https:\/\/tourgreciaclassica.it\/creta-che-vive-di-misteri-raki-e-creazioni-minoiche\/\">Creta che vive di misteri, raki e creazioni minoiche<\/a><\/strong><\/p>\n<p>________________________________________________________________________________<\/p>\n<p>&nbsp;<\/p>\n","protected":false},"excerpt":{"rendered":"<p>Santorini, terra di grandi stravolgimenti, di sabbie vulcaniche, di drink sugli affacci che guardano il mare, terra la cui storia \u00e8 legata a tanti mondi diversi e al vulcano Prima di partire per Santorini Quando si parla di Santorini si accende una luce particolare, dettata probabilmente dal colore bianco-intonaco delle costruzioni. E si pensa in&hellip;<\/p>\n","protected":false},"author":1,"featured_media":10988,"comment_status":"closed","ping_status":"open","sticky":false,"template":"","format":"standard","meta":{"_acf_changed":false,"footnotes":""},"categories":[121,123,497],"tags":[469,470,471,435,472,130,473,131,474,475,476,477,478,479,125,480,481,482,483,484,485,486,487,488,489,490,491,492,493,494,495,496,498,499,500,501,502,503,504,150,505,506],"class_list":["post-10985","post","type-post","status-publish","format-standard","has-post-thumbnail","hentry","category-blog","category-grecia","category-santorini","tag-bere-un-drink-a-santorini","tag-civilta-a-santorini","tag-come-arrivare-a-santorini","tag-cosa-non-perdere-della-grecia","tag-cosa-vedere-a-santorini","tag-cosa-vedere-in-grecia","tag-cosa-vedere-nel-mare-egeo","tag-cosa-visitare-in-grecia","tag-creta-e-santorini-collegamenti","tag-dove-si-trova-santorini","tag-grecia-e-le-isole","tag-il-grande-evento-di-santorini","tag-il-vulcano-di-santorini","tag-isole-dellegeo","tag-isole-della-grecia","tag-isole-greche","tag-isole-grecia","tag-la-caldera-di-santorini","tag-la-civilta-minoica-a-santorini","tag-la-grande-eruzione-lavica-di-santorini","tag-la-grande-esplosione-di-santorini","tag-la-storia-di-santorini","tag-le-popolazioni-che-hanno-vissuto-a-santorini","tag-lo-tsunami-di-santorini","tag-mare-della-grecia","tag-origine-del-nome-di-santorini","tag-panorama-di-santorini","tag-panorami-vip-di-santorini","tag-perche-santorini-si-chiama-cosi","tag-quale-atlantide","tag-quale-era-il-mito-di-atlantide","tag-sabbie-vulcaniche-di-santorini","tag-santorini-e-il-mito-di-atlantide","tag-scopri-le-isole-della-grecia","tag-spiagge-di-sassi-a-santorini","tag-storia-della-caldera-di-santorini","tag-vedere-santorini","tag-viaggiare-a-santorini","tag-viaggio-a-santorini","tag-viaggio-in-grecia","tag-visitare-santorini","tag-volare-in-grecia","category-121","category-123","category-497","description-off"],"acf":[],"yoast_head":"<!-- This site is optimized with the Yoast SEO Premium plugin v24.6 (Yoast SEO v24.9) - https:\/\/yoast.com\/wordpress\/plugins\/seo\/ -->\n<title>Santorini, odore di vulcano e &quot;Martini&quot; - Tour Grecia Classica<\/title>\n<meta name=\"description\" content=\"Santorini attrae tutti, perch\u00e9 \u00e8 bella, ma \u00e8 un evento catastrofico che l&#039;ha resa celebre e a quel periodo si deve la sua ricchezza\" \/>\n<meta name=\"robots\" content=\"index, follow, max-snippet:-1, max-image-preview:large, max-video-preview:-1\" \/>\n<link rel=\"canonical\" href=\"https:\/\/www.tourgreciaclassica.it\/2025\/santorini-odore-di-vulcano-e-martini\/\" \/>\n<meta property=\"og:locale\" content=\"it_IT\" \/>\n<meta property=\"og:type\" content=\"article\" \/>\n<meta property=\"og:title\" content=\"Santorini, odore di vulcano e &quot;Martini&quot;\" \/>\n<meta property=\"og:description\" content=\"Santorini attrae tutti, perch\u00e9 \u00e8 bella, ma \u00e8 un evento catastrofico che l&#039;ha resa celebre e a quel periodo si deve la sua ricchezza\" \/>\n<meta property=\"og:url\" content=\"https:\/\/www.tourgreciaclassica.it\/2025\/santorini-odore-di-vulcano-e-martini\/\" \/>\n<meta property=\"og:site_name\" content=\"Tour Grecia Classica\" \/>\n<meta property=\"article:publisher\" content=\"https:\/\/www.facebook.com\/TourGreciaclassica.it\" \/>\n<meta property=\"article:published_time\" content=\"2020-10-23T12:50:34+00:00\" \/>\n<meta property=\"og:image\" content=\"https:\/\/www.tourgreciaclassica.it\/2025\/wp-content\/uploads\/2020\/10\/Santorini-11.jpg\" \/>\n\t<meta property=\"og:image:width\" content=\"1200\" \/>\n\t<meta property=\"og:image:height\" content=\"791\" \/>\n\t<meta property=\"og:image:type\" content=\"image\/jpeg\" \/>\n<meta name=\"author\" content=\"admin\" \/>\n<meta name=\"twitter:card\" content=\"summary_large_image\" \/>\n<meta name=\"twitter:label1\" content=\"Scritto da\" \/>\n\t<meta name=\"twitter:data1\" content=\"admin\" \/>\n\t<meta name=\"twitter:label2\" content=\"Tempo di lettura stimato\" \/>\n\t<meta name=\"twitter:data2\" content=\"6 minuti\" \/>\n<script type=\"application\/ld+json\" class=\"yoast-schema-graph\">{\"@context\":\"https:\/\/schema.org\",\"@graph\":[{\"@type\":\"Article\",\"@id\":\"https:\/\/www.tourgreciaclassica.it\/2025\/santorini-odore-di-vulcano-e-martini\/#article\",\"isPartOf\":{\"@id\":\"https:\/\/www.tourgreciaclassica.it\/2025\/santorini-odore-di-vulcano-e-martini\/\"},\"author\":{\"name\":\"admin\",\"@id\":\"https:\/\/www.tourgreciaclassica.it\/2025\/#\/schema\/person\/0e3e6b079358c2add1633cedac8d1fd4\"},\"headline\":\"Santorini, odore di vulcano e &#8220;Martini&#8221;\",\"datePublished\":\"2020-10-23T12:50:34+00:00\",\"mainEntityOfPage\":{\"@id\":\"https:\/\/www.tourgreciaclassica.it\/2025\/santorini-odore-di-vulcano-e-martini\/\"},\"wordCount\":1125,\"publisher\":{\"@id\":\"https:\/\/www.tourgreciaclassica.it\/2025\/#organization\"},\"image\":{\"@id\":\"https:\/\/www.tourgreciaclassica.it\/2025\/santorini-odore-di-vulcano-e-martini\/#primaryimage\"},\"thumbnailUrl\":\"https:\/\/www.tourgreciaclassica.it\/2025\/wp-content\/uploads\/2020\/10\/Santorini-11.jpg\",\"keywords\":[\"bere un drink a santorini\",\"civilt\u00e0 a santorini\",\"come arrivare a santorini\",\"cosa non perdere della grecia\",\"cosa vedere a santorini\",\"cosa vedere in grecia\",\"cosa vedere nel mare egeo\",\"cosa visitare in grecia\",\"creta e santorini collegamenti\",\"dove si trova santorini\",\"grecia e le isole\",\"il grande evento di santorini\",\"il vulcano di santorini\",\"isole dell'egeo\",\"isole della grecia\",\"isole greche\",\"isole grecia\",\"la caldera di santorini\",\"la civilt\u00e0 minoica a santorini\",\"la grande eruzione lavica di santorini\",\"la grande esplosione di santorini\",\"la storia di santorini\",\"le popolazioni che hanno vissuto a santorini\",\"lo tsunami di santorini\",\"mare della grecia\",\"origine del nome di santorini\",\"panorama di santorini\",\"panorami vip di santorini\",\"perch\u00e9 santorini si chiama cos\u00ec\",\"qual'e atlantide\",\"quale era il mito di atlantide\",\"sabbie vulcaniche di santorini\",\"santorini e il mito di atlantide\",\"scopri le isole della grecia\",\"spiagge di sassi a santorini\",\"storia della caldera di santorini\",\"vedere santorini\",\"viaggiare a santorini\",\"viaggio a santorini\",\"viaggio in grecia\",\"visitare santorini\",\"volare in grecia\"],\"articleSection\":[\"Blog di tourgreciaclassica Racconti di viaggio\",\"Grecia\",\"Santorini\"],\"inLanguage\":\"it-IT\"},{\"@type\":\"WebPage\",\"@id\":\"https:\/\/www.tourgreciaclassica.it\/2025\/santorini-odore-di-vulcano-e-martini\/\",\"url\":\"https:\/\/www.tourgreciaclassica.it\/2025\/santorini-odore-di-vulcano-e-martini\/\",\"name\":\"Santorini, odore di vulcano e \\\"Martini\\\" - Tour Grecia Classica\",\"isPartOf\":{\"@id\":\"https:\/\/www.tourgreciaclassica.it\/2025\/#website\"},\"primaryImageOfPage\":{\"@id\":\"https:\/\/www.tourgreciaclassica.it\/2025\/santorini-odore-di-vulcano-e-martini\/#primaryimage\"},\"image\":{\"@id\":\"https:\/\/www.tourgreciaclassica.it\/2025\/santorini-odore-di-vulcano-e-martini\/#primaryimage\"},\"thumbnailUrl\":\"https:\/\/www.tourgreciaclassica.it\/2025\/wp-content\/uploads\/2020\/10\/Santorini-11.jpg\",\"datePublished\":\"2020-10-23T12:50:34+00:00\",\"description\":\"Santorini attrae tutti, perch\u00e9 \u00e8 bella, ma \u00e8 un evento catastrofico che l'ha resa celebre e a quel periodo si deve la sua ricchezza\",\"breadcrumb\":{\"@id\":\"https:\/\/www.tourgreciaclassica.it\/2025\/santorini-odore-di-vulcano-e-martini\/#breadcrumb\"},\"inLanguage\":\"it-IT\",\"potentialAction\":[{\"@type\":\"ReadAction\",\"target\":[\"https:\/\/www.tourgreciaclassica.it\/2025\/santorini-odore-di-vulcano-e-martini\/\"]}]},{\"@type\":\"ImageObject\",\"inLanguage\":\"it-IT\",\"@id\":\"https:\/\/www.tourgreciaclassica.it\/2025\/santorini-odore-di-vulcano-e-martini\/#primaryimage\",\"url\":\"https:\/\/www.tourgreciaclassica.it\/2025\/wp-content\/uploads\/2020\/10\/Santorini-11.jpg\",\"contentUrl\":\"https:\/\/www.tourgreciaclassica.it\/2025\/wp-content\/uploads\/2020\/10\/Santorini-11.jpg\",\"width\":1200,\"height\":791,\"caption\":\"Santorini\"},{\"@type\":\"BreadcrumbList\",\"@id\":\"https:\/\/www.tourgreciaclassica.it\/2025\/santorini-odore-di-vulcano-e-martini\/#breadcrumb\",\"itemListElement\":[{\"@type\":\"ListItem\",\"position\":1,\"name\":\"Home\",\"item\":\"https:\/\/www.tourgreciaclassica.it\/2025\/\"},{\"@type\":\"ListItem\",\"position\":2,\"name\":\"Santorini, odore di vulcano e &#8220;Martini&#8221;\"}]},{\"@type\":\"WebSite\",\"@id\":\"https:\/\/www.tourgreciaclassica.it\/2025\/#website\",\"url\":\"https:\/\/www.tourgreciaclassica.it\/2025\/\",\"name\":\"Tour Grecia Classica\",\"description\":\"\",\"publisher\":{\"@id\":\"https:\/\/www.tourgreciaclassica.it\/2025\/#organization\"},\"potentialAction\":[{\"@type\":\"SearchAction\",\"target\":{\"@type\":\"EntryPoint\",\"urlTemplate\":\"https:\/\/www.tourgreciaclassica.it\/2025\/?s={search_term_string}\"},\"query-input\":{\"@type\":\"PropertyValueSpecification\",\"valueRequired\":true,\"valueName\":\"search_term_string\"}}],\"inLanguage\":\"it-IT\"},{\"@type\":\"Organization\",\"@id\":\"https:\/\/www.tourgreciaclassica.it\/2025\/#organization\",\"name\":\"tourgreciaclassica\",\"alternateName\":\"TGC\",\"url\":\"https:\/\/www.tourgreciaclassica.it\/2025\/\",\"logo\":{\"@type\":\"ImageObject\",\"inLanguage\":\"it-IT\",\"@id\":\"https:\/\/www.tourgreciaclassica.it\/2025\/#\/schema\/logo\/image\/\",\"url\":\"http:\/\/www.tourgreciaclassica.it\/2025\/wp-content\/uploads\/2025\/03\/logo-TGC-4-quadrato.jpg\",\"contentUrl\":\"http:\/\/www.tourgreciaclassica.it\/2025\/wp-content\/uploads\/2025\/03\/logo-TGC-4-quadrato.jpg\",\"width\":343,\"height\":343,\"caption\":\"tourgreciaclassica\"},\"image\":{\"@id\":\"https:\/\/www.tourgreciaclassica.it\/2025\/#\/schema\/logo\/image\/\"},\"sameAs\":[\"https:\/\/www.facebook.com\/TourGreciaclassica.it\",\"https:\/\/www.instagram.com\/tourgreciaclassica\/\",\"https:\/\/www.youtube.com\/channel\/UCaOTv7IUY6KfodamHtKWZAg\"],\"description\":\"tourgreciaclassica.it \u00e8 un catalogo di viaggio della ViaggiOggi Su Misura. \u201cSiamo un Tour Operator greco che per caso vive in Italia\u201d questo \u00e8 quello che diciamo sul nostro conto quando ci presentiamo perch\u00e9, di fatto, sin da quando abbiamo iniziato a muovere i primi passi in Grecia, ben 28 anni fa \u2013era il 1992\u2013 ci siamo sentiti parte di quel mare, di quelle isole, di quella gente. In questo catalogo di viaggio vengono presentati i prodotti di punta della ViaggiOggi: tour, mini tour, crociere, escursioni e hotel esclusivi in Grecia. ViaggiOggi nasce in Grecia e nel tempo aggiunge altre linee di prodotto quali Spagna, Portogallo e Nord Europa per crescere e per incontrare la richiesta di pi\u00f9 clienti.\",\"email\":\"info@tourgreciaclassica.it\",\"telephone\":\"+39 06 489 03 604\"},{\"@type\":\"Person\",\"@id\":\"https:\/\/www.tourgreciaclassica.it\/2025\/#\/schema\/person\/0e3e6b079358c2add1633cedac8d1fd4\",\"name\":\"admin\",\"image\":{\"@type\":\"ImageObject\",\"inLanguage\":\"it-IT\",\"@id\":\"https:\/\/www.tourgreciaclassica.it\/2025\/#\/schema\/person\/image\/\",\"url\":\"https:\/\/secure.gravatar.com\/avatar\/ddad26e070a000bd5b73c44a445bcbca0db0ca868994a3d87bb6789af93258a0?s=96&d=blank&r=g\",\"contentUrl\":\"https:\/\/secure.gravatar.com\/avatar\/ddad26e070a000bd5b73c44a445bcbca0db0ca868994a3d87bb6789af93258a0?s=96&d=blank&r=g\",\"caption\":\"admin\"},\"sameAs\":[\"http:\/\/www.tourgreciaclassica.it\/2025\"]}]}<\/script>\n<!-- \/ Yoast SEO Premium plugin. -->","yoast_head_json":{"title":"Santorini, odore di vulcano e \"Martini\" - Tour Grecia Classica","description":"Santorini attrae tutti, perch\u00e9 \u00e8 bella, ma \u00e8 un evento catastrofico che l'ha resa celebre e a quel periodo si deve la sua ricchezza","robots":{"index":"index","follow":"follow","max-snippet":"max-snippet:-1","max-image-preview":"max-image-preview:large","max-video-preview":"max-video-preview:-1"},"canonical":"https:\/\/www.tourgreciaclassica.it\/2025\/santorini-odore-di-vulcano-e-martini\/","og_locale":"it_IT","og_type":"article","og_title":"Santorini, odore di vulcano e \"Martini\"","og_description":"Santorini attrae tutti, perch\u00e9 \u00e8 bella, ma \u00e8 un evento catastrofico che l'ha resa celebre e a quel periodo si deve la sua ricchezza","og_url":"https:\/\/www.tourgreciaclassica.it\/2025\/santorini-odore-di-vulcano-e-martini\/","og_site_name":"Tour Grecia Classica","article_publisher":"https:\/\/www.facebook.com\/TourGreciaclassica.it","article_published_time":"2020-10-23T12:50:34+00:00","og_image":[{"width":1200,"height":791,"url":"https:\/\/www.tourgreciaclassica.it\/2025\/wp-content\/uploads\/2020\/10\/Santorini-11.jpg","type":"image\/jpeg"}],"author":"admin","twitter_card":"summary_large_image","twitter_misc":{"Scritto da":"admin","Tempo di lettura stimato":"6 minuti"},"schema":{"@context":"https:\/\/schema.org","@graph":[{"@type":"Article","@id":"https:\/\/www.tourgreciaclassica.it\/2025\/santorini-odore-di-vulcano-e-martini\/#article","isPartOf":{"@id":"https:\/\/www.tourgreciaclassica.it\/2025\/santorini-odore-di-vulcano-e-martini\/"},"author":{"name":"admin","@id":"https:\/\/www.tourgreciaclassica.it\/2025\/#\/schema\/person\/0e3e6b079358c2add1633cedac8d1fd4"},"headline":"Santorini, odore di vulcano e &#8220;Martini&#8221;","datePublished":"2020-10-23T12:50:34+00:00","mainEntityOfPage":{"@id":"https:\/\/www.tourgreciaclassica.it\/2025\/santorini-odore-di-vulcano-e-martini\/"},"wordCount":1125,"publisher":{"@id":"https:\/\/www.tourgreciaclassica.it\/2025\/#organization"},"image":{"@id":"https:\/\/www.tourgreciaclassica.it\/2025\/santorini-odore-di-vulcano-e-martini\/#primaryimage"},"thumbnailUrl":"https:\/\/www.tourgreciaclassica.it\/2025\/wp-content\/uploads\/2020\/10\/Santorini-11.jpg","keywords":["bere un drink a santorini","civilt\u00e0 a santorini","come arrivare a santorini","cosa non perdere della grecia","cosa vedere a santorini","cosa vedere in grecia","cosa vedere nel mare egeo","cosa visitare in grecia","creta e santorini collegamenti","dove si trova santorini","grecia e le isole","il grande evento di santorini","il vulcano di santorini","isole dell'egeo","isole della grecia","isole greche","isole grecia","la caldera di santorini","la civilt\u00e0 minoica a santorini","la grande eruzione lavica di santorini","la grande esplosione di santorini","la storia di santorini","le popolazioni che hanno vissuto a santorini","lo tsunami di santorini","mare della grecia","origine del nome di santorini","panorama di santorini","panorami vip di santorini","perch\u00e9 santorini si chiama cos\u00ec","qual'e atlantide","quale era il mito di atlantide","sabbie vulcaniche di santorini","santorini e il mito di atlantide","scopri le isole della grecia","spiagge di sassi a santorini","storia della caldera di santorini","vedere santorini","viaggiare a santorini","viaggio a santorini","viaggio in grecia","visitare santorini","volare in grecia"],"articleSection":["Blog di tourgreciaclassica Racconti di viaggio","Grecia","Santorini"],"inLanguage":"it-IT"},{"@type":"WebPage","@id":"https:\/\/www.tourgreciaclassica.it\/2025\/santorini-odore-di-vulcano-e-martini\/","url":"https:\/\/www.tourgreciaclassica.it\/2025\/santorini-odore-di-vulcano-e-martini\/","name":"Santorini, odore di vulcano e \"Martini\" - Tour Grecia Classica","isPartOf":{"@id":"https:\/\/www.tourgreciaclassica.it\/2025\/#website"},"primaryImageOfPage":{"@id":"https:\/\/www.tourgreciaclassica.it\/2025\/santorini-odore-di-vulcano-e-martini\/#primaryimage"},"image":{"@id":"https:\/\/www.tourgreciaclassica.it\/2025\/santorini-odore-di-vulcano-e-martini\/#primaryimage"},"thumbnailUrl":"https:\/\/www.tourgreciaclassica.it\/2025\/wp-content\/uploads\/2020\/10\/Santorini-11.jpg","datePublished":"2020-10-23T12:50:34+00:00","description":"Santorini attrae tutti, perch\u00e9 \u00e8 bella, ma \u00e8 un evento catastrofico che l'ha resa celebre e a quel periodo si deve la sua ricchezza","breadcrumb":{"@id":"https:\/\/www.tourgreciaclassica.it\/2025\/santorini-odore-di-vulcano-e-martini\/#breadcrumb"},"inLanguage":"it-IT","potentialAction":[{"@type":"ReadAction","target":["https:\/\/www.tourgreciaclassica.it\/2025\/santorini-odore-di-vulcano-e-martini\/"]}]},{"@type":"ImageObject","inLanguage":"it-IT","@id":"https:\/\/www.tourgreciaclassica.it\/2025\/santorini-odore-di-vulcano-e-martini\/#primaryimage","url":"https:\/\/www.tourgreciaclassica.it\/2025\/wp-content\/uploads\/2020\/10\/Santorini-11.jpg","contentUrl":"https:\/\/www.tourgreciaclassica.it\/2025\/wp-content\/uploads\/2020\/10\/Santorini-11.jpg","width":1200,"height":791,"caption":"Santorini"},{"@type":"BreadcrumbList","@id":"https:\/\/www.tourgreciaclassica.it\/2025\/santorini-odore-di-vulcano-e-martini\/#breadcrumb","itemListElement":[{"@type":"ListItem","position":1,"name":"Home","item":"https:\/\/www.tourgreciaclassica.it\/2025\/"},{"@type":"ListItem","position":2,"name":"Santorini, odore di vulcano e &#8220;Martini&#8221;"}]},{"@type":"WebSite","@id":"https:\/\/www.tourgreciaclassica.it\/2025\/#website","url":"https:\/\/www.tourgreciaclassica.it\/2025\/","name":"Tour Grecia Classica","description":"","publisher":{"@id":"https:\/\/www.tourgreciaclassica.it\/2025\/#organization"},"potentialAction":[{"@type":"SearchAction","target":{"@type":"EntryPoint","urlTemplate":"https:\/\/www.tourgreciaclassica.it\/2025\/?s={search_term_string}"},"query-input":{"@type":"PropertyValueSpecification","valueRequired":true,"valueName":"search_term_string"}}],"inLanguage":"it-IT"},{"@type":"Organization","@id":"https:\/\/www.tourgreciaclassica.it\/2025\/#organization","name":"tourgreciaclassica","alternateName":"TGC","url":"https:\/\/www.tourgreciaclassica.it\/2025\/","logo":{"@type":"ImageObject","inLanguage":"it-IT","@id":"https:\/\/www.tourgreciaclassica.it\/2025\/#\/schema\/logo\/image\/","url":"http:\/\/www.tourgreciaclassica.it\/2025\/wp-content\/uploads\/2025\/03\/logo-TGC-4-quadrato.jpg","contentUrl":"http:\/\/www.tourgreciaclassica.it\/2025\/wp-content\/uploads\/2025\/03\/logo-TGC-4-quadrato.jpg","width":343,"height":343,"caption":"tourgreciaclassica"},"image":{"@id":"https:\/\/www.tourgreciaclassica.it\/2025\/#\/schema\/logo\/image\/"},"sameAs":["https:\/\/www.facebook.com\/TourGreciaclassica.it","https:\/\/www.instagram.com\/tourgreciaclassica\/","https:\/\/www.youtube.com\/channel\/UCaOTv7IUY6KfodamHtKWZAg"],"description":"tourgreciaclassica.it \u00e8 un catalogo di viaggio della ViaggiOggi Su Misura. \u201cSiamo un Tour Operator greco che per caso vive in Italia\u201d questo \u00e8 quello che diciamo sul nostro conto quando ci presentiamo perch\u00e9, di fatto, sin da quando abbiamo iniziato a muovere i primi passi in Grecia, ben 28 anni fa \u2013era il 1992\u2013 ci siamo sentiti parte di quel mare, di quelle isole, di quella gente. In questo catalogo di viaggio vengono presentati i prodotti di punta della ViaggiOggi: tour, mini tour, crociere, escursioni e hotel esclusivi in Grecia. ViaggiOggi nasce in Grecia e nel tempo aggiunge altre linee di prodotto quali Spagna, Portogallo e Nord Europa per crescere e per incontrare la richiesta di pi\u00f9 clienti.","email":"info@tourgreciaclassica.it","telephone":"+39 06 489 03 604"},{"@type":"Person","@id":"https:\/\/www.tourgreciaclassica.it\/2025\/#\/schema\/person\/0e3e6b079358c2add1633cedac8d1fd4","name":"admin","image":{"@type":"ImageObject","inLanguage":"it-IT","@id":"https:\/\/www.tourgreciaclassica.it\/2025\/#\/schema\/person\/image\/","url":"https:\/\/secure.gravatar.com\/avatar\/ddad26e070a000bd5b73c44a445bcbca0db0ca868994a3d87bb6789af93258a0?s=96&d=blank&r=g","contentUrl":"https:\/\/secure.gravatar.com\/avatar\/ddad26e070a000bd5b73c44a445bcbca0db0ca868994a3d87bb6789af93258a0?s=96&d=blank&r=g","caption":"admin"},"sameAs":["http:\/\/www.tourgreciaclassica.it\/2025"]}]}},"_links":{"self":[{"href":"https:\/\/www.tourgreciaclassica.it\/2025\/wp-json\/wp\/v2\/posts\/10985","targetHints":{"allow":["GET"]}}],"collection":[{"href":"https:\/\/www.tourgreciaclassica.it\/2025\/wp-json\/wp\/v2\/posts"}],"about":[{"href":"https:\/\/www.tourgreciaclassica.it\/2025\/wp-json\/wp\/v2\/types\/post"}],"author":[{"embeddable":true,"href":"https:\/\/www.tourgreciaclassica.it\/2025\/wp-json\/wp\/v2\/users\/1"}],"replies":[{"embeddable":true,"href":"https:\/\/www.tourgreciaclassica.it\/2025\/wp-json\/wp\/v2\/comments?post=10985"}],"version-history":[{"count":0,"href":"https:\/\/www.tourgreciaclassica.it\/2025\/wp-json\/wp\/v2\/posts\/10985\/revisions"}],"wp:featuredmedia":[{"embeddable":true,"href":"https:\/\/www.tourgreciaclassica.it\/2025\/wp-json\/wp\/v2\/media\/10988"}],"wp:attachment":[{"href":"https:\/\/www.tourgreciaclassica.it\/2025\/wp-json\/wp\/v2\/media?parent=10985"}],"wp:term":[{"taxonomy":"category","embeddable":true,"href":"https:\/\/www.tourgreciaclassica.it\/2025\/wp-json\/wp\/v2\/categories?post=10985"},{"taxonomy":"post_tag","embeddable":true,"href":"https:\/\/www.tourgreciaclassica.it\/2025\/wp-json\/wp\/v2\/tags?post=10985"}],"curies":[{"name":"wp","href":"https:\/\/api.w.org\/{rel}","templated":true}]}}