{"id":10949,"date":"2020-10-20T16:17:39","date_gmt":"2020-10-20T14:17:39","guid":{"rendered":"https:\/\/tourgreciaclassica.it\/?p=10949"},"modified":"2020-10-20T16:17:39","modified_gmt":"2020-10-20T14:17:39","slug":"mary-katrantzou-la-moda-ellenica-a-capo-sounion","status":"publish","type":"post","link":"https:\/\/www.tourgreciaclassica.it\/2025\/mary-katrantzou-la-moda-ellenica-a-capo-sounion\/","title":{"rendered":"Mary Katrantzou: la moda ellenica a Capo Sounion"},"content":{"rendered":"<h1>Mary Katrantozou da bambina correva a Capo Sounion per vedere il mare, il cielo e la terra unirsi in unico punto, e l\u00ec inizi\u00f2 a mescolare la fantasia<\/h1>\n<p>Per <strong>Mary Katrantzou<\/strong> il bisogno di tornare in <strong>Grecia<\/strong> c\u2019era gi\u00e0 da tempo, piuttosto non si era mai presentata l\u2019occasione. Che per\u00f2 \u00e8 arrivata ed \u00e8 coincisa con il decimo anno dalla nascita del suo <strong>brand<\/strong>.<\/p>\n<p>Non poteva dire di no al richiamo dell\u2019<em>ellinik\u00f3tita<\/em>, cio\u00e8 della <strong>\u201cgrecit\u00e0\u201d<\/strong>.<\/p>\n<h2>Il pensiero i Mary Katrantzou<\/h2>\n<p>La <strong>pittura concettuale naturalistica<\/strong> stampata prima sui gioielli, poi sugli abiti, \u00e8 l\u2019<strong>elemento stilistico<\/strong> che la rendono originale e un po&#8217; \u201c<em>fatina<\/em>\u201d.<\/p>\n<p>Ritroviamo, cos\u00ec, il suo mondo interiore <strong>disegnato sui corpi<\/strong> delle modelle. Ma non c\u2019\u00e8 solo la voluminosit\u00e0 dei tagli a graffiare<strong> l\u2019alta moda<\/strong> della giovane <strong>stilista greca<\/strong>, non solo quelle stoffe arricciate o le frange, o le piume, a esaltare un pensiero.<\/p>\n<blockquote><p>Il potere del pensiero, \u00e8 la magia della mente\u201d<\/p><\/blockquote>\n<p>scriveva <em>Lord Byron<\/em> e, di certo, <em>Mary Katrantzou<\/em> ne \u00e8 posseduta. E, una delle frasi pi\u00f9 fresche del suo repertorio <em>\u201c\u2026Posso creare possibilit\u00e0 dall&#8217;impossibilit\u00e0, surrealismo dal realismo e viceversa\u2026&#8221;<\/em> sembrano confermarlo.<\/p>\n<p>E&#8217; cos\u00ec che dal raffinato studio delle <strong>stampe<\/strong>, che la connotano da sempre, fuoriescono gli elementi propri dei templi: il pliss\u00e8, lavorato fitto, ad esempio, diventa una colonna. La <strong>mantella<\/strong>, che \u00e8 un elemento ricorrente della sfilata, sia lunga che corta, \u00e8 l\u2019interpretazione del <strong>Dio Helios<\/strong> che guida nel cielo il carro splendente del Sole.\u00a0Nella mente della <em>Katrantzou<\/em> questa diventa vestito, non accessorio, ed \u00e8 regale, sontuosa, in seta o satin, in tulle.<\/p>\n<p>Il <strong>reggiseno<\/strong>, ricamato di perle, che ostenta la femminilit\u00e0 diventa <strong>Nemesi<\/strong>, la personificazione della Giustizia, cos\u00ec tanto carismatica e forte da distribuire il Fato per mezzo della <strong>Bilancia<\/strong>.<\/p>\n<p><img loading=\"lazy\" decoding=\"async\" class=\"aligncenter wp-image-10950 size-full\" src=\"http:\/\/www.tourgreciaclassica.it\/2025\/wp-content\/uploads\/2020\/10\/stile-greco-Tour-Grecia-Classica.jpg\" alt=\"stile greco Tour Grecia Classica\" width=\"1280\" height=\"720\" srcset=\"https:\/\/www.tourgreciaclassica.it\/2025\/wp-content\/uploads\/2020\/10\/stile-greco-Tour-Grecia-Classica.jpg 1280w, https:\/\/www.tourgreciaclassica.it\/2025\/wp-content\/uploads\/2020\/10\/stile-greco-Tour-Grecia-Classica-1064x599.jpg 1064w, https:\/\/www.tourgreciaclassica.it\/2025\/wp-content\/uploads\/2020\/10\/stile-greco-Tour-Grecia-Classica-300x169.jpg 300w, https:\/\/www.tourgreciaclassica.it\/2025\/wp-content\/uploads\/2020\/10\/stile-greco-Tour-Grecia-Classica-1024x576.jpg 1024w, https:\/\/www.tourgreciaclassica.it\/2025\/wp-content\/uploads\/2020\/10\/stile-greco-Tour-Grecia-Classica-768x432.jpg 768w\" sizes=\"auto, (max-width: 1280px) 100vw, 1280px\" \/><\/p>\n<h2>Passerella tra le colonne greche di Capo Sounion<\/h2>\n<p>La <em>Grecia<\/em>, ma soprattutto il <strong>luogo-simbolo<\/strong> che <em>Mary Katrantzou<\/em> ha scelto, per far dialogare la sua anima in ascesa, con gli <strong>Dei<\/strong>, \u00e8 stato il quadro perfetto della sfilata. Il <strong>Tempio di Poseidone a Capo Sounion<\/strong> rappresenta il <strong>mito greco<\/strong>, ma anche il mare, i suoi orizzonti e i suoi tramonti romantici.<\/p>\n<p>Sembrerebbe essersi ispirata a <em>Platone<\/em>, che scriveva:<\/p>\n<blockquote><p>La bellezza \u00e8 mescolare in giuste proporzioni il finito e l\u2019infinito\u201d<\/p><\/blockquote>\n<p>e lei ha fatto proprio questo. Ha pensato al luogo -in assoluto- dove, da piccola, andava a cercare terra, cielo e mare, al punto esatto in cui convergevano. Dove riusciva a elaborare i suoi pensieri.<\/p>\n<p>Dalle rocce di <strong>Capo Sounion<\/strong>, il Re di Atene, <em>Egeo<\/em>, si gett\u00f2 in mare dando il nome a questo tratto di <strong>Mediterraneo<\/strong>.<\/p>\n<p>Il <strong>defil\u00e8<\/strong> si imbatte cos\u00ec anche nel leggendario <strong>Teseo<\/strong>, fondatore della popolazione antica degli <em>Ioni<\/em> e padre della patria e della democrazia in <em>Occidente<\/em>.<\/p>\n<p><img loading=\"lazy\" decoding=\"async\" class=\"aligncenter wp-image-10951 size-full\" src=\"http:\/\/www.tourgreciaclassica.it\/2025\/wp-content\/uploads\/2020\/10\/capo-sounion-Tour-Grecia-Classica-Copia.jpg\" alt=\"capo sounion Tour Grecia Classica - Copia\" width=\"1280\" height=\"955\" srcset=\"https:\/\/www.tourgreciaclassica.it\/2025\/wp-content\/uploads\/2020\/10\/capo-sounion-Tour-Grecia-Classica-Copia.jpg 1280w, https:\/\/www.tourgreciaclassica.it\/2025\/wp-content\/uploads\/2020\/10\/capo-sounion-Tour-Grecia-Classica-Copia-1064x794.jpg 1064w, https:\/\/www.tourgreciaclassica.it\/2025\/wp-content\/uploads\/2020\/10\/capo-sounion-Tour-Grecia-Classica-Copia-300x224.jpg 300w, https:\/\/www.tourgreciaclassica.it\/2025\/wp-content\/uploads\/2020\/10\/capo-sounion-Tour-Grecia-Classica-Copia-1024x764.jpg 1024w, https:\/\/www.tourgreciaclassica.it\/2025\/wp-content\/uploads\/2020\/10\/capo-sounion-Tour-Grecia-Classica-Copia-768x573.jpg 768w\" sizes=\"auto, (max-width: 1280px) 100vw, 1280px\" \/><\/p>\n<h2>Dalla leggenda ai colori delle stoffe<\/h2>\n<p>Il <strong>Tempio di Poseidone<\/strong> che emozionava i marinai di ritorno a casa da lunghe traversate, fu il luogo da dove <em>Egeo<\/em> attese il figlio <em>Teseo<\/em>, di ritorno dall\u2019<em>Isola di Creta<\/em>. Essendosi lasciati tre anni prima con la promessa che, una volta sconfitto il <strong>Minotauro<\/strong>, al rientro &#8211;<em>Teseo-<\/em> avrebbe spiegato le vele bianche, <em>Egeo<\/em>, preg\u00f2 di vederlo rientrare trionfante. Invece, il figlio, dimenticatosene, lasci\u00f2 issate quelle nere. Il padre, in questo qui-pro-quo, pensandolo morto, si gett\u00f2 tragicamente in mare.<\/p>\n<p>La celebrazione di queste acque sta negli<strong> strati di stoffa blu<\/strong> portati in passerella, resi vivi da fini ricami, luminosi <strong>cristalli di Swarovski<\/strong>, e un flow di balze, morbide come onde.<\/p>\n<p>Lo stesso si pu\u00f2 dire per le tinte smeraldo, l\u2019acquamarina e l\u2019oro che hanno amplificato i rami del mare, le profondit\u00e0 pi\u00f9 nascoste, gli <strong>abissi<\/strong> per poi riemergere nei <strong>fondali di sabbia bianca<\/strong>. Fino al bianco puro custodito nei <strong>grappoli di case arroccate<\/strong> sulle alture greche. O al bianco e nero dei <strong>marmi<\/strong> da cui prende respiro un abito sferico, che annulla le forme e conduce <strong>la donna al centro<\/strong>.<\/p>\n<h2>Il viaggio di una stilista nel tramonto greco<\/h2>\n<p>Questa stilista, dall\u2019innato talento, ha portato <strong>un tocco di viaggio<\/strong> nel viaggio. Con rotondit\u00e0 leggere, emisferi, da cui hanno preso vita dei <strong>mappamondi intessuti di petali di seta<\/strong>, che sono uno sguardo al futuro. Rappresentano oggi, uno spirito propositivo verso gli spostamenti, le destinazioni, le rotte.<\/p>\n<p>I <strong>look<\/strong>, tutti volutamente <strong>evocativi della Grecia<\/strong>, e tutti che strizzano un occhio alla tecnologia moderna, sono stati raccolti dall\u2019esperienza degli <strong>artigiani greci<\/strong> che hanno lavorato agli accessori, calzature e gioielli. Come dire, una vera compartecipazione di stile, fatta da professionisti greci, che hanno impreziosito la gi\u00e0 <strong>raffinata produzione della stilista Mary Katrantzou<\/strong>.<\/p>\n<p>Abbinamenti fatti per contrasto con lo scopo unico di portare la Grecia ma anche l\u2019<strong>Elpida Association<\/strong> -ente benefico che si occupa dei bambini malati di cancro- al centro dell\u2019evento.<\/p>\n<p>Non \u00e8 stato semplice ottenere una location cos\u00ec esclusiva e, soprattutto, vincolata da un regolamento (quello del Consiglio Archeologico Centrale greco) che<strong> tutela i monumenti e i siti archeologici antichi<\/strong>. Ma la causa era giusta e, ancora una volta, il <strong>potere del pensiero<\/strong> \u00e8 stato determinante. Cos\u00ec per la prima volta un Tempio, <strong>simbolo sacro dell\u2019et\u00e0 dell\u2019Oro ateniese<\/strong>, \u00e8 diventato parterre di un evento privato.<\/p>\n<p><em>Il Tempio di Poseidone<\/em>, il <strong>promontorio di Capo Sounion<\/strong> e perfino il <strong>tramonto<\/strong>, che in questi spazi aperti \u00e8 sempre protagonista, hanno fatto un inchino a <em>Mary Katrantzou<\/em> e al suo <strong>pensiero ellenico<\/strong>.<\/p>\n<p>________________________________________________________________________________<\/p>\n<p>TI PORTIAMO A<a href=\"https:\/\/tourgreciaclassica.it\/viaggi-grecia\/tour-privato-capo-sounion\/\"><strong> CAPO SOUNION<\/strong><\/a> TRA TERRA CIELO E MARE PER UN ESCURSIONE MOZZAFIATO<\/p>\n<p>OPPURE L&#8217;OPZIONE <a href=\"https:\/\/tourgreciaclassica.it\/viaggi-grecia\/tour-grecia-classica-monasteri-meteore-italiano\/\">TOUR DI 8 GIORNI MEMORABILE<\/a><\/p>\n<p>________________________________________________________________________________<\/p>\n<p>ABBIAMO SELEZIONATO PER TE GLI <a href=\"https:\/\/tourgreciaclassica.it\/cerca-hotel-grecia-classica\/?loc=26\">ALBERGHI DI ATENE<\/a><\/p>\n<p>________________________________________________________________________________<\/p>\n<p>LEGGI I NOSTRI ARTICOLI DAL <a href=\"https:\/\/tourgreciaclassica.it\/category\/blog\/\"><strong>BLOG<\/strong><\/a><\/p>\n<p>________________________________________________________________________________<\/p>\n<p>&nbsp;<\/p>\n","protected":false},"excerpt":{"rendered":"<p>Mary Katrantozou da bambina correva a Capo Sounion per vedere il mare, il cielo e la terra unirsi in unico punto, e l\u00ec inizi\u00f2 a mescolare la fantasia Per Mary Katrantzou il bisogno di tornare in Grecia c\u2019era gi\u00e0 da tempo, piuttosto non si era mai presentata l\u2019occasione. Che per\u00f2 \u00e8 arrivata ed \u00e8 coincisa&hellip;<\/p>\n","protected":false},"author":1,"featured_media":10952,"comment_status":"closed","ping_status":"open","sticky":false,"template":"","format":"standard","meta":{"_acf_changed":false,"footnotes":""},"categories":[121,123],"tags":[393,394,395,396,397,398,399,400,401,402,403,404,405,406,407,408,409,410,411,412,413,414,415,416,417,418,419,420,421,422,423,424,425,426,427,428,429],"class_list":["post-10949","post","type-post","status-publish","format-standard","has-post-thumbnail","hentry","category-blog","category-grecia","tag-abiti-evocativi-della-grecia","tag-capo-sounion-e-mary-katrantzou","tag-cosa-vedere-a-capo-sounion","tag-cosa-visitare-a-capo-sounion","tag-dove-si-trova-capo-sounion","tag-dove-vedere-mary-katrantzou","tag-elpida-association-in-grecia","tag-evento-in-beneficienza-in-grecia","tag-gli-abiti-di-mary-katrantzou","tag-gli-abiti-ispirati-alla-grecia","tag-il-pensiero-ellenico","tag-il-tempio-di-capo-sounion","tag-il-tempio-di-poseidone-e-la-moda","tag-il-tempio-di-poseidone-e-la-sfilata-di-moda","tag-il-tempio-di-poseidone-in-grecia","tag-la-grecia-della-moda","tag-la-moda-si-ispira-alla-grecia","tag-leggenda-a-capo-sounion","tag-leggenda-di-teseo","tag-leggende-della-grecia","tag-leggende-sul-mare-egeo","tag-look-evocativi-della-grecia","tag-luoghi-da-non-mancare-in-grecia","tag-luoghi-da-non-perdere-in-grecia","tag-luoghi-della-sfilata-di-mary-katrantzou","tag-mary-katrantzou-e-gli-abiti-ispirati-alla-grecia","tag-miti-e-leggende-della-grecia","tag-mitologia-greca-di-capo-sounion","tag-moda-a-capo-sounion","tag-moda-e-grecia","tag-sfilate-di-mary-katrantzou","tag-sfilate-di-mary-katrantzou-in-grecia","tag-sfilate-di-moda-al-tempio-di-poseidone","tag-sfilate-di-moda-in-grecia","tag-sfilate-di-moda-nei-templi-grecia","tag-siti-archeologici-della-grecia","tag-sito-archeologico-e-moda-moderna","category-121","category-123","description-off"],"acf":[],"yoast_head":"<!-- This site is optimized with the Yoast SEO Premium plugin v24.6 (Yoast SEO v24.9) - https:\/\/yoast.com\/wordpress\/plugins\/seo\/ -->\n<title>Mary Katrantzou: la moda ellenica a Capo Sounion<\/title>\n<meta name=\"description\" content=\"Mary Katrantzou ha disegnato la Grecia indosso alle top-model ma ha soprattutto portato la Grecia Classica nei suoi tagli tecnologici\" \/>\n<meta name=\"robots\" content=\"index, follow, max-snippet:-1, max-image-preview:large, max-video-preview:-1\" \/>\n<link rel=\"canonical\" href=\"https:\/\/www.tourgreciaclassica.it\/2025\/mary-katrantzou-la-moda-ellenica-a-capo-sounion\/\" \/>\n<meta property=\"og:locale\" content=\"it_IT\" \/>\n<meta property=\"og:type\" content=\"article\" \/>\n<meta property=\"og:title\" content=\"Mary Katrantzou: la moda ellenica a Capo Sounion\" \/>\n<meta property=\"og:description\" content=\"Mary Katrantzou ha disegnato la Grecia indosso alle top-model ma ha soprattutto portato la Grecia Classica nei suoi tagli tecnologici\" \/>\n<meta property=\"og:url\" content=\"https:\/\/www.tourgreciaclassica.it\/2025\/mary-katrantzou-la-moda-ellenica-a-capo-sounion\/\" \/>\n<meta property=\"og:site_name\" content=\"Tour Grecia Classica\" \/>\n<meta property=\"article:publisher\" content=\"https:\/\/www.facebook.com\/TourGreciaclassica.it\" \/>\n<meta property=\"article:published_time\" content=\"2020-10-20T14:17:39+00:00\" \/>\n<meta property=\"og:image\" content=\"https:\/\/www.tourgreciaclassica.it\/2025\/wp-content\/uploads\/2020\/10\/tramonto-capo-sounion-Tour-Grecia-Clasica.jpg\" \/>\n\t<meta property=\"og:image:width\" content=\"1280\" \/>\n\t<meta property=\"og:image:height\" content=\"847\" \/>\n\t<meta property=\"og:image:type\" content=\"image\/jpeg\" \/>\n<meta name=\"author\" content=\"admin\" \/>\n<meta name=\"twitter:card\" content=\"summary_large_image\" \/>\n<meta name=\"twitter:label1\" content=\"Scritto da\" \/>\n\t<meta name=\"twitter:data1\" content=\"admin\" \/>\n\t<meta name=\"twitter:label2\" content=\"Tempo di lettura stimato\" \/>\n\t<meta name=\"twitter:data2\" content=\"5 minuti\" \/>\n<script type=\"application\/ld+json\" class=\"yoast-schema-graph\">{\"@context\":\"https:\/\/schema.org\",\"@graph\":[{\"@type\":\"Article\",\"@id\":\"https:\/\/www.tourgreciaclassica.it\/2025\/mary-katrantzou-la-moda-ellenica-a-capo-sounion\/#article\",\"isPartOf\":{\"@id\":\"https:\/\/www.tourgreciaclassica.it\/2025\/mary-katrantzou-la-moda-ellenica-a-capo-sounion\/\"},\"author\":{\"name\":\"admin\",\"@id\":\"https:\/\/www.tourgreciaclassica.it\/2025\/#\/schema\/person\/0e3e6b079358c2add1633cedac8d1fd4\"},\"headline\":\"Mary Katrantzou: la moda ellenica a Capo Sounion\",\"datePublished\":\"2020-10-20T14:17:39+00:00\",\"mainEntityOfPage\":{\"@id\":\"https:\/\/www.tourgreciaclassica.it\/2025\/mary-katrantzou-la-moda-ellenica-a-capo-sounion\/\"},\"wordCount\":910,\"publisher\":{\"@id\":\"https:\/\/www.tourgreciaclassica.it\/2025\/#organization\"},\"image\":{\"@id\":\"https:\/\/www.tourgreciaclassica.it\/2025\/mary-katrantzou-la-moda-ellenica-a-capo-sounion\/#primaryimage\"},\"thumbnailUrl\":\"https:\/\/www.tourgreciaclassica.it\/2025\/wp-content\/uploads\/2020\/10\/tramonto-capo-sounion-Tour-Grecia-Clasica.jpg\",\"keywords\":[\"abiti evocativi della grecia\",\"capo sounion e Mary Katrantzou\",\"cosa vedere a capo sounion\",\"cosa visitare a capo sounion\",\"dove si trova capo sounion\",\"dove vedere Mary Katrantzou\",\"elpida association in grecia\",\"evento in beneficienza in grecia\",\"gli abiti di Mary Katrantzou\",\"gli abiti ispirati alla grecia\",\"il pensiero ellenico\",\"il tempio di capo sounion\",\"il tempio di poseidone e la moda\",\"il tempio di poseidone e la sfilata di moda\",\"il tempio di poseidone in grecia\",\"la grecia della moda\",\"la moda si ispira alla grecia\",\"leggenda a capo sounion\",\"leggenda di teseo\",\"leggende della grecia\",\"leggende sul mare egeo\",\"look evocativi della grecia\",\"luoghi da non mancare in grecia\",\"luoghi da non perdere in grecia\",\"luoghi della sfilata di Mary Katrantzou\",\"Mary Katrantzou e gli abiti ispirati alla grecia\",\"miti e leggende della grecia\",\"mitologia greca di capo sounion\",\"moda a capo sounion\",\"moda e grecia\",\"sfilate di Mary Katrantzou\",\"sfilate di Mary Katrantzou in grecia\",\"sfilate di moda al tempio di poseidone\",\"sfilate di moda in grecia\",\"sfilate di moda nei templi grecia\",\"siti archeologici della grecia\",\"sito archeologico e moda moderna\"],\"articleSection\":[\"Blog di tourgreciaclassica Racconti di viaggio\",\"Grecia\"],\"inLanguage\":\"it-IT\"},{\"@type\":\"WebPage\",\"@id\":\"https:\/\/www.tourgreciaclassica.it\/2025\/mary-katrantzou-la-moda-ellenica-a-capo-sounion\/\",\"url\":\"https:\/\/www.tourgreciaclassica.it\/2025\/mary-katrantzou-la-moda-ellenica-a-capo-sounion\/\",\"name\":\"Mary Katrantzou: la moda ellenica a Capo Sounion\",\"isPartOf\":{\"@id\":\"https:\/\/www.tourgreciaclassica.it\/2025\/#website\"},\"primaryImageOfPage\":{\"@id\":\"https:\/\/www.tourgreciaclassica.it\/2025\/mary-katrantzou-la-moda-ellenica-a-capo-sounion\/#primaryimage\"},\"image\":{\"@id\":\"https:\/\/www.tourgreciaclassica.it\/2025\/mary-katrantzou-la-moda-ellenica-a-capo-sounion\/#primaryimage\"},\"thumbnailUrl\":\"https:\/\/www.tourgreciaclassica.it\/2025\/wp-content\/uploads\/2020\/10\/tramonto-capo-sounion-Tour-Grecia-Clasica.jpg\",\"datePublished\":\"2020-10-20T14:17:39+00:00\",\"description\":\"Mary Katrantzou ha disegnato la Grecia indosso alle top-model ma ha soprattutto portato la Grecia Classica nei suoi tagli tecnologici\",\"breadcrumb\":{\"@id\":\"https:\/\/www.tourgreciaclassica.it\/2025\/mary-katrantzou-la-moda-ellenica-a-capo-sounion\/#breadcrumb\"},\"inLanguage\":\"it-IT\",\"potentialAction\":[{\"@type\":\"ReadAction\",\"target\":[\"https:\/\/www.tourgreciaclassica.it\/2025\/mary-katrantzou-la-moda-ellenica-a-capo-sounion\/\"]}]},{\"@type\":\"ImageObject\",\"inLanguage\":\"it-IT\",\"@id\":\"https:\/\/www.tourgreciaclassica.it\/2025\/mary-katrantzou-la-moda-ellenica-a-capo-sounion\/#primaryimage\",\"url\":\"https:\/\/www.tourgreciaclassica.it\/2025\/wp-content\/uploads\/2020\/10\/tramonto-capo-sounion-Tour-Grecia-Clasica.jpg\",\"contentUrl\":\"https:\/\/www.tourgreciaclassica.it\/2025\/wp-content\/uploads\/2020\/10\/tramonto-capo-sounion-Tour-Grecia-Clasica.jpg\",\"width\":1280,\"height\":847,\"caption\":\"Mary Katrantzou capo sounion Tour Grecia Clasica\"},{\"@type\":\"BreadcrumbList\",\"@id\":\"https:\/\/www.tourgreciaclassica.it\/2025\/mary-katrantzou-la-moda-ellenica-a-capo-sounion\/#breadcrumb\",\"itemListElement\":[{\"@type\":\"ListItem\",\"position\":1,\"name\":\"Home\",\"item\":\"https:\/\/www.tourgreciaclassica.it\/2025\/\"},{\"@type\":\"ListItem\",\"position\":2,\"name\":\"Mary Katrantzou: la moda ellenica a Capo Sounion\"}]},{\"@type\":\"WebSite\",\"@id\":\"https:\/\/www.tourgreciaclassica.it\/2025\/#website\",\"url\":\"https:\/\/www.tourgreciaclassica.it\/2025\/\",\"name\":\"Tour Grecia Classica\",\"description\":\"\",\"publisher\":{\"@id\":\"https:\/\/www.tourgreciaclassica.it\/2025\/#organization\"},\"potentialAction\":[{\"@type\":\"SearchAction\",\"target\":{\"@type\":\"EntryPoint\",\"urlTemplate\":\"https:\/\/www.tourgreciaclassica.it\/2025\/?s={search_term_string}\"},\"query-input\":{\"@type\":\"PropertyValueSpecification\",\"valueRequired\":true,\"valueName\":\"search_term_string\"}}],\"inLanguage\":\"it-IT\"},{\"@type\":\"Organization\",\"@id\":\"https:\/\/www.tourgreciaclassica.it\/2025\/#organization\",\"name\":\"tourgreciaclassica\",\"alternateName\":\"TGC\",\"url\":\"https:\/\/www.tourgreciaclassica.it\/2025\/\",\"logo\":{\"@type\":\"ImageObject\",\"inLanguage\":\"it-IT\",\"@id\":\"https:\/\/www.tourgreciaclassica.it\/2025\/#\/schema\/logo\/image\/\",\"url\":\"http:\/\/www.tourgreciaclassica.it\/2025\/wp-content\/uploads\/2025\/03\/logo-TGC-4-quadrato.jpg\",\"contentUrl\":\"http:\/\/www.tourgreciaclassica.it\/2025\/wp-content\/uploads\/2025\/03\/logo-TGC-4-quadrato.jpg\",\"width\":343,\"height\":343,\"caption\":\"tourgreciaclassica\"},\"image\":{\"@id\":\"https:\/\/www.tourgreciaclassica.it\/2025\/#\/schema\/logo\/image\/\"},\"sameAs\":[\"https:\/\/www.facebook.com\/TourGreciaclassica.it\",\"https:\/\/www.instagram.com\/tourgreciaclassica\/\",\"https:\/\/www.youtube.com\/channel\/UCaOTv7IUY6KfodamHtKWZAg\"],\"description\":\"tourgreciaclassica.it \u00e8 un catalogo di viaggio della ViaggiOggi Su Misura. \u201cSiamo un Tour Operator greco che per caso vive in Italia\u201d questo \u00e8 quello che diciamo sul nostro conto quando ci presentiamo perch\u00e9, di fatto, sin da quando abbiamo iniziato a muovere i primi passi in Grecia, ben 28 anni fa \u2013era il 1992\u2013 ci siamo sentiti parte di quel mare, di quelle isole, di quella gente. In questo catalogo di viaggio vengono presentati i prodotti di punta della ViaggiOggi: tour, mini tour, crociere, escursioni e hotel esclusivi in Grecia. ViaggiOggi nasce in Grecia e nel tempo aggiunge altre linee di prodotto quali Spagna, Portogallo e Nord Europa per crescere e per incontrare la richiesta di pi\u00f9 clienti.\",\"email\":\"info@tourgreciaclassica.it\",\"telephone\":\"+39 06 489 03 604\"},{\"@type\":\"Person\",\"@id\":\"https:\/\/www.tourgreciaclassica.it\/2025\/#\/schema\/person\/0e3e6b079358c2add1633cedac8d1fd4\",\"name\":\"admin\",\"image\":{\"@type\":\"ImageObject\",\"inLanguage\":\"it-IT\",\"@id\":\"https:\/\/www.tourgreciaclassica.it\/2025\/#\/schema\/person\/image\/\",\"url\":\"https:\/\/secure.gravatar.com\/avatar\/ddad26e070a000bd5b73c44a445bcbca0db0ca868994a3d87bb6789af93258a0?s=96&d=blank&r=g\",\"contentUrl\":\"https:\/\/secure.gravatar.com\/avatar\/ddad26e070a000bd5b73c44a445bcbca0db0ca868994a3d87bb6789af93258a0?s=96&d=blank&r=g\",\"caption\":\"admin\"},\"sameAs\":[\"http:\/\/www.tourgreciaclassica.it\/2025\"]}]}<\/script>\n<!-- \/ Yoast SEO Premium plugin. -->","yoast_head_json":{"title":"Mary Katrantzou: la moda ellenica a Capo Sounion","description":"Mary Katrantzou ha disegnato la Grecia indosso alle top-model ma ha soprattutto portato la Grecia Classica nei suoi tagli tecnologici","robots":{"index":"index","follow":"follow","max-snippet":"max-snippet:-1","max-image-preview":"max-image-preview:large","max-video-preview":"max-video-preview:-1"},"canonical":"https:\/\/www.tourgreciaclassica.it\/2025\/mary-katrantzou-la-moda-ellenica-a-capo-sounion\/","og_locale":"it_IT","og_type":"article","og_title":"Mary Katrantzou: la moda ellenica a Capo Sounion","og_description":"Mary Katrantzou ha disegnato la Grecia indosso alle top-model ma ha soprattutto portato la Grecia Classica nei suoi tagli tecnologici","og_url":"https:\/\/www.tourgreciaclassica.it\/2025\/mary-katrantzou-la-moda-ellenica-a-capo-sounion\/","og_site_name":"Tour Grecia Classica","article_publisher":"https:\/\/www.facebook.com\/TourGreciaclassica.it","article_published_time":"2020-10-20T14:17:39+00:00","og_image":[{"width":1280,"height":847,"url":"https:\/\/www.tourgreciaclassica.it\/2025\/wp-content\/uploads\/2020\/10\/tramonto-capo-sounion-Tour-Grecia-Clasica.jpg","type":"image\/jpeg"}],"author":"admin","twitter_card":"summary_large_image","twitter_misc":{"Scritto da":"admin","Tempo di lettura stimato":"5 minuti"},"schema":{"@context":"https:\/\/schema.org","@graph":[{"@type":"Article","@id":"https:\/\/www.tourgreciaclassica.it\/2025\/mary-katrantzou-la-moda-ellenica-a-capo-sounion\/#article","isPartOf":{"@id":"https:\/\/www.tourgreciaclassica.it\/2025\/mary-katrantzou-la-moda-ellenica-a-capo-sounion\/"},"author":{"name":"admin","@id":"https:\/\/www.tourgreciaclassica.it\/2025\/#\/schema\/person\/0e3e6b079358c2add1633cedac8d1fd4"},"headline":"Mary Katrantzou: la moda ellenica a Capo Sounion","datePublished":"2020-10-20T14:17:39+00:00","mainEntityOfPage":{"@id":"https:\/\/www.tourgreciaclassica.it\/2025\/mary-katrantzou-la-moda-ellenica-a-capo-sounion\/"},"wordCount":910,"publisher":{"@id":"https:\/\/www.tourgreciaclassica.it\/2025\/#organization"},"image":{"@id":"https:\/\/www.tourgreciaclassica.it\/2025\/mary-katrantzou-la-moda-ellenica-a-capo-sounion\/#primaryimage"},"thumbnailUrl":"https:\/\/www.tourgreciaclassica.it\/2025\/wp-content\/uploads\/2020\/10\/tramonto-capo-sounion-Tour-Grecia-Clasica.jpg","keywords":["abiti evocativi della grecia","capo sounion e Mary Katrantzou","cosa vedere a capo sounion","cosa visitare a capo sounion","dove si trova capo sounion","dove vedere Mary Katrantzou","elpida association in grecia","evento in beneficienza in grecia","gli abiti di Mary Katrantzou","gli abiti ispirati alla grecia","il pensiero ellenico","il tempio di capo sounion","il tempio di poseidone e la moda","il tempio di poseidone e la sfilata di moda","il tempio di poseidone in grecia","la grecia della moda","la moda si ispira alla grecia","leggenda a capo sounion","leggenda di teseo","leggende della grecia","leggende sul mare egeo","look evocativi della grecia","luoghi da non mancare in grecia","luoghi da non perdere in grecia","luoghi della sfilata di Mary Katrantzou","Mary Katrantzou e gli abiti ispirati alla grecia","miti e leggende della grecia","mitologia greca di capo sounion","moda a capo sounion","moda e grecia","sfilate di Mary Katrantzou","sfilate di Mary Katrantzou in grecia","sfilate di moda al tempio di poseidone","sfilate di moda in grecia","sfilate di moda nei templi grecia","siti archeologici della grecia","sito archeologico e moda moderna"],"articleSection":["Blog di tourgreciaclassica Racconti di viaggio","Grecia"],"inLanguage":"it-IT"},{"@type":"WebPage","@id":"https:\/\/www.tourgreciaclassica.it\/2025\/mary-katrantzou-la-moda-ellenica-a-capo-sounion\/","url":"https:\/\/www.tourgreciaclassica.it\/2025\/mary-katrantzou-la-moda-ellenica-a-capo-sounion\/","name":"Mary Katrantzou: la moda ellenica a Capo Sounion","isPartOf":{"@id":"https:\/\/www.tourgreciaclassica.it\/2025\/#website"},"primaryImageOfPage":{"@id":"https:\/\/www.tourgreciaclassica.it\/2025\/mary-katrantzou-la-moda-ellenica-a-capo-sounion\/#primaryimage"},"image":{"@id":"https:\/\/www.tourgreciaclassica.it\/2025\/mary-katrantzou-la-moda-ellenica-a-capo-sounion\/#primaryimage"},"thumbnailUrl":"https:\/\/www.tourgreciaclassica.it\/2025\/wp-content\/uploads\/2020\/10\/tramonto-capo-sounion-Tour-Grecia-Clasica.jpg","datePublished":"2020-10-20T14:17:39+00:00","description":"Mary Katrantzou ha disegnato la Grecia indosso alle top-model ma ha soprattutto portato la Grecia Classica nei suoi tagli tecnologici","breadcrumb":{"@id":"https:\/\/www.tourgreciaclassica.it\/2025\/mary-katrantzou-la-moda-ellenica-a-capo-sounion\/#breadcrumb"},"inLanguage":"it-IT","potentialAction":[{"@type":"ReadAction","target":["https:\/\/www.tourgreciaclassica.it\/2025\/mary-katrantzou-la-moda-ellenica-a-capo-sounion\/"]}]},{"@type":"ImageObject","inLanguage":"it-IT","@id":"https:\/\/www.tourgreciaclassica.it\/2025\/mary-katrantzou-la-moda-ellenica-a-capo-sounion\/#primaryimage","url":"https:\/\/www.tourgreciaclassica.it\/2025\/wp-content\/uploads\/2020\/10\/tramonto-capo-sounion-Tour-Grecia-Clasica.jpg","contentUrl":"https:\/\/www.tourgreciaclassica.it\/2025\/wp-content\/uploads\/2020\/10\/tramonto-capo-sounion-Tour-Grecia-Clasica.jpg","width":1280,"height":847,"caption":"Mary Katrantzou capo sounion Tour Grecia Clasica"},{"@type":"BreadcrumbList","@id":"https:\/\/www.tourgreciaclassica.it\/2025\/mary-katrantzou-la-moda-ellenica-a-capo-sounion\/#breadcrumb","itemListElement":[{"@type":"ListItem","position":1,"name":"Home","item":"https:\/\/www.tourgreciaclassica.it\/2025\/"},{"@type":"ListItem","position":2,"name":"Mary Katrantzou: la moda ellenica a Capo Sounion"}]},{"@type":"WebSite","@id":"https:\/\/www.tourgreciaclassica.it\/2025\/#website","url":"https:\/\/www.tourgreciaclassica.it\/2025\/","name":"Tour Grecia Classica","description":"","publisher":{"@id":"https:\/\/www.tourgreciaclassica.it\/2025\/#organization"},"potentialAction":[{"@type":"SearchAction","target":{"@type":"EntryPoint","urlTemplate":"https:\/\/www.tourgreciaclassica.it\/2025\/?s={search_term_string}"},"query-input":{"@type":"PropertyValueSpecification","valueRequired":true,"valueName":"search_term_string"}}],"inLanguage":"it-IT"},{"@type":"Organization","@id":"https:\/\/www.tourgreciaclassica.it\/2025\/#organization","name":"tourgreciaclassica","alternateName":"TGC","url":"https:\/\/www.tourgreciaclassica.it\/2025\/","logo":{"@type":"ImageObject","inLanguage":"it-IT","@id":"https:\/\/www.tourgreciaclassica.it\/2025\/#\/schema\/logo\/image\/","url":"http:\/\/www.tourgreciaclassica.it\/2025\/wp-content\/uploads\/2025\/03\/logo-TGC-4-quadrato.jpg","contentUrl":"http:\/\/www.tourgreciaclassica.it\/2025\/wp-content\/uploads\/2025\/03\/logo-TGC-4-quadrato.jpg","width":343,"height":343,"caption":"tourgreciaclassica"},"image":{"@id":"https:\/\/www.tourgreciaclassica.it\/2025\/#\/schema\/logo\/image\/"},"sameAs":["https:\/\/www.facebook.com\/TourGreciaclassica.it","https:\/\/www.instagram.com\/tourgreciaclassica\/","https:\/\/www.youtube.com\/channel\/UCaOTv7IUY6KfodamHtKWZAg"],"description":"tourgreciaclassica.it \u00e8 un catalogo di viaggio della ViaggiOggi Su Misura. \u201cSiamo un Tour Operator greco che per caso vive in Italia\u201d questo \u00e8 quello che diciamo sul nostro conto quando ci presentiamo perch\u00e9, di fatto, sin da quando abbiamo iniziato a muovere i primi passi in Grecia, ben 28 anni fa \u2013era il 1992\u2013 ci siamo sentiti parte di quel mare, di quelle isole, di quella gente. In questo catalogo di viaggio vengono presentati i prodotti di punta della ViaggiOggi: tour, mini tour, crociere, escursioni e hotel esclusivi in Grecia. ViaggiOggi nasce in Grecia e nel tempo aggiunge altre linee di prodotto quali Spagna, Portogallo e Nord Europa per crescere e per incontrare la richiesta di pi\u00f9 clienti.","email":"info@tourgreciaclassica.it","telephone":"+39 06 489 03 604"},{"@type":"Person","@id":"https:\/\/www.tourgreciaclassica.it\/2025\/#\/schema\/person\/0e3e6b079358c2add1633cedac8d1fd4","name":"admin","image":{"@type":"ImageObject","inLanguage":"it-IT","@id":"https:\/\/www.tourgreciaclassica.it\/2025\/#\/schema\/person\/image\/","url":"https:\/\/secure.gravatar.com\/avatar\/ddad26e070a000bd5b73c44a445bcbca0db0ca868994a3d87bb6789af93258a0?s=96&d=blank&r=g","contentUrl":"https:\/\/secure.gravatar.com\/avatar\/ddad26e070a000bd5b73c44a445bcbca0db0ca868994a3d87bb6789af93258a0?s=96&d=blank&r=g","caption":"admin"},"sameAs":["http:\/\/www.tourgreciaclassica.it\/2025"]}]}},"_links":{"self":[{"href":"https:\/\/www.tourgreciaclassica.it\/2025\/wp-json\/wp\/v2\/posts\/10949","targetHints":{"allow":["GET"]}}],"collection":[{"href":"https:\/\/www.tourgreciaclassica.it\/2025\/wp-json\/wp\/v2\/posts"}],"about":[{"href":"https:\/\/www.tourgreciaclassica.it\/2025\/wp-json\/wp\/v2\/types\/post"}],"author":[{"embeddable":true,"href":"https:\/\/www.tourgreciaclassica.it\/2025\/wp-json\/wp\/v2\/users\/1"}],"replies":[{"embeddable":true,"href":"https:\/\/www.tourgreciaclassica.it\/2025\/wp-json\/wp\/v2\/comments?post=10949"}],"version-history":[{"count":0,"href":"https:\/\/www.tourgreciaclassica.it\/2025\/wp-json\/wp\/v2\/posts\/10949\/revisions"}],"wp:featuredmedia":[{"embeddable":true,"href":"https:\/\/www.tourgreciaclassica.it\/2025\/wp-json\/wp\/v2\/media\/10952"}],"wp:attachment":[{"href":"https:\/\/www.tourgreciaclassica.it\/2025\/wp-json\/wp\/v2\/media?parent=10949"}],"wp:term":[{"taxonomy":"category","embeddable":true,"href":"https:\/\/www.tourgreciaclassica.it\/2025\/wp-json\/wp\/v2\/categories?post=10949"},{"taxonomy":"post_tag","embeddable":true,"href":"https:\/\/www.tourgreciaclassica.it\/2025\/wp-json\/wp\/v2\/tags?post=10949"}],"curies":[{"name":"wp","href":"https:\/\/api.w.org\/{rel}","templated":true}]}}